{"id":41899,"date":"2026-01-22T17:29:02","date_gmt":"2026-01-22T16:29:02","guid":{"rendered":"https:\/\/www.iceagetv.com\/radiosite\/?p=41899"},"modified":"2026-01-22T17:29:05","modified_gmt":"2026-01-22T16:29:05","slug":"suspect-en-fuite-raid-mobilise-ce-que-lon-sait-du-meurtre-par-balle-a-nice-dune-jeune-femme-a-cote-de-son-enfant-de-7-mois","status":"publish","type":"post","link":"https:\/\/www.iceagetv.com\/radiosite\/suspect-en-fuite-raid-mobilise-ce-que-lon-sait-du-meurtre-par-balle-a-nice-dune-jeune-femme-a-cote-de-son-enfant-de-7-mois\/","title":{"rendered":"Suspect en fuite, Raid mobilis\u00e9&#8230; Ce que l&rsquo;on sait du meurtre par balle \u00e0 Nice d&rsquo;une jeune femme \u00e0 c\u00f4t\u00e9 de son enfant de 7 mois"},"content":{"rendered":"\n<p class=\"\">Une femme n\u00e9e en 2002 est morte des suites de ses blessures par balle \u00e0 Nice ce mercredi 21 janvier. Son enfant, \u00e2g\u00e9 de 7 mois, \u00e9tait \u00e0 ses c\u00f4t\u00e9s et s&rsquo;en sort indemne. Un homme est toujours recherch\u00e9.<\/p>\n\n\n\n<p class=\"\">Un meurtre d&rsquo;une extr\u00eame violence. \u00c0 Nice (Alpes-Maritimes), mercredi 21 janvier,\u00a0<a href=\"https:\/\/www.bfmtv.com\/cote-d-azur\/nice-une-femme-de-25-ans-tuee-par-balle-un-suspect-interpelle_AV-202601210846.html\">une femme n\u00e9e en 2002 a \u00e9t\u00e9 abattue<\/a>, alors qu&rsquo;elle se trouvait au volant de sa voiture avec son b\u00e9b\u00e9 \u00e2g\u00e9 de 7 mois, a appris BFMTV de source polici\u00e8re. Malgr\u00e9 l&rsquo;intervention des secours, la victime n&rsquo;a pas pu \u00eatre r\u00e9anim\u00e9e.\u2022 La victime touch\u00e9e par une dizaine de balles<\/p>\n\n\n\n<p class=\"\">Les faits se sont d\u00e9roul\u00e9s boulevard Napol\u00e9on-III, \u00e0 Nice. Peu apr\u00e8s 18 heures, ce mercredi 21 janvier, un homme circulant sur un scooter dans le centre-ville s&rsquo;est port\u00e9 \u00e0 hauteur d&rsquo;une voiture en mouvement, en direction de l&rsquo;avenue Henri-Matisse, avant d\u2019ouvrir le feu \u00e0 plusieurs reprises sur la conductrice, une Ni\u00e7oise n\u00e9e en 2002.<\/p>\n\n\n\n<p class=\"\">Selon les informations de BFM Nice C\u00f4te d&rsquo;Azur, la victime, qui a \u00e9t\u00e9 gri\u00e8vement bless\u00e9e par balles, a perdu le contr\u00f4le de sa voiture avant de terminer sa course en percutant un poteau. Selon le procureur de la R\u00e9publique, \u00ab\u00a0la victime a \u00e9t\u00e9 atteinte par une dizaine d&rsquo;impacts tir\u00e9s \u00e0 bout portant \u00e0 travers la vitre\u00a0\u00bb.<\/p>\n\n\n\n<p class=\"\">En arr\u00eat cardio-respiratoire, la jeune femme n&rsquo;a pas pu \u00eatre r\u00e9anim\u00e9e malgr\u00e9 l&rsquo;intervention des sapeurs-pompiers.\u00a0\u00bbDe nombreux \u00e9tuis de calibre 9 mm \u00e9taient retrouv\u00e9s au sol en amont de l\u2019intersection boulevard Napol\u00e9on III et de l\u2019avenue Henri Matisse\u00a0\u00bb, a ajout\u00e9 le procureur dans son communiqu\u00e9 publi\u00e9 au lendemain des faits.<\/p>\n\n\n\n<p class=\"\">\u00ab\u00a0J&rsquo;ai vu la voiture avec des impacts de balles, une femme allong\u00e9e. Trente minutes apr\u00e8s, il y avait le drap blanc sur son corps\u00a0\u00bb, raconte un t\u00e9moin de la sc\u00e8ne. \u00ab\u00a0Il y a une \u00e9cole \u00e0 c\u00f4t\u00e9, il est 18 heures, les gens sortent du travail, \u00e7a ne rassure pas trop\u00a0\u00bb.<\/p>\n\n\n\n<h2 class=\"wp-block-heading\" id=\"49gc0\">\u2022 Le b\u00e9b\u00e9 sain et sauf<\/h2>\n\n\n\n<p class=\"\">Au moment des faits, l&rsquo;enfant de la victime, \u00e2g\u00e9 de 7 mois, se trouvait \u00e9galement \u00e0 bord du v\u00e9hicule, dans un fauteuil pour b\u00e9b\u00e9 install\u00e9 sur le si\u00e8ge passager. Il a \u00e9t\u00e9 pris en charge par les sapeurs-pompiers.Dans une vid\u00e9o publi\u00e9e sur X, le maire de Nice Christian Estrosi d\u00e9plore \u00ab\u00a0une trag\u00e9die\u00a0\u00bb, affirmant que le nourrisson est \u00ab\u00a0heureusement sain et sauf\u00a0\u00bb. Il a \u00e9t\u00e9 transport\u00e9 \u00e0 l&rsquo;h\u00f4pital Lenval, \u00e0 Nice.La mairie d\u00e9plore de son c\u00f4t\u00e9 des faits \u00ab\u00a0totalement incompatibles avec les valeurs du service public\u00a0\u00bb. \u00ab\u00a0La ville prendra imm\u00e9diatement toutes les mesures administratives qui s\u2019imposent, en lien avec la justice\u00a0\u00bb, assure-t-elle.<\/p>\n\n\n\n<p class=\"\">Le parquet indique qu&rsquo;une prise en charge par une association d\u2019aide aux victimes a \u00e9t\u00e9 mise en place au profit de la famille de la jeune femme tu\u00e9e.<\/p>\n\n\n\n<h2 class=\"wp-block-heading\" id=\"1c6j4\">\u2022 Un scooter retrouv\u00e9, son propri\u00e9taire en garde \u00e0 vue<\/h2>\n\n\n\n<p class=\"\">Les premi\u00e8res exploitations des images de vid\u00e9osurveillance de la ville et les premiers t\u00e9moignages pointent vers le conducteur du scooter. Ce dernier a pris la fuite. Tr\u00e8s vite, la BAC (brigade anti-criminalit\u00e9) et le Raid (unit\u00e9 d&rsquo;\u00e9lite de la Police nationale) ont \u00e9t\u00e9 mobilis\u00e9s pour retrouver le suspect, mais sans succ\u00e8s pour l&rsquo;heure, ce jeudi matin. Un p\u00e9rim\u00e8tre de s\u00e9curit\u00e9 a \u00e9t\u00e9 mis en place autour de l\u2019\u00e9cole Fouont Cauda, au quartier Saint-Lambert.<\/p>\n\n\n\n<p class=\"\">Un v\u00e9hicule correspondant au scooter impliqu\u00e9 \u00e0 d&rsquo;ores et d\u00e9j\u00e0 \u00e9t\u00e9 retrouv\u00e9 \u00ab\u00a0peu de temps apr\u00e8s\u00a0\u00bb les faits rue Miollis \u00e0 Nice. Selon nos informations, le scooter n&rsquo;avait pas de plaque d&rsquo;immatriculation.<\/p>\n\n\n\n<p class=\"\">\u00ab\u00a0Le propri\u00e9taire de ce v\u00e9hicule se pr\u00e9sentait spontan\u00e9ment aux services de police et \u00e9tait plac\u00e9 en garde \u00e0 vue\u00a0\u00bb, pr\u00e9cise le parquet dans son communiqu\u00e9. Il n&rsquo;est pas pr\u00e9cis\u00e9 si ce dernier est l&rsquo;auteur des coups de feu.<\/p>\n\n\n\n<h2 class=\"wp-block-heading\" id=\"bgpfh\">\u2022 Une enqu\u00eate ouverte, la piste intrafamiliale envisag\u00e9e<\/h2>\n\n\n\n<p class=\"\">Le procureur de la R\u00e9publique de Nice, Damien Martinelli, a indiqu\u00e9 dans un communiqu\u00e9 qu\u2019une enqu\u00eate a \u00e9t\u00e9 ouverte pour \u00ab\u00a0meurtre aggrav\u00e9\u00a0\u00bb. Si le d\u00e9roulement des faits permettait d&rsquo;envisager la piste \u00ab\u00a0d&rsquo;un homicide sur fond de criminalit\u00e9 organis\u00e9e\u00a0\u00bb, les enqu\u00eateurs ont \u00e9galement recueilli des \u00e9l\u00e9ments relatifs \u00ab\u00a0\u00e0 une piste intrafamiliale\u00a0\u00bb, ajoute le parquet.<\/p>\n\n\n\n<p class=\"\">\u00ab\u00a0Il \u00e9tait en effet mis en \u00e9vidence qu\u2019un individu n\u00e9 en 1980 avait \u00e9t\u00e9 plac\u00e9 en garde \u00e0 vue quelques jours auparavant pour des violences aggrav\u00e9es ayant vis\u00e9 la m\u00e8re du compagnon de la victime de l\u2019homicide\u00a0\u00bb, a not\u00e9 Damien Martinelli.<\/p>\n\n\n\n<p class=\"\">L&rsquo;int\u00e9ress\u00e9, connu avant cela uniquement pour des ant\u00e9c\u00e9dents de conduite sans permis, a \u00e9t\u00e9 d\u00e9f\u00e9r\u00e9 le 18 janvier dernier et a \u00e9t\u00e9 \u00ab\u00a0plac\u00e9 sous contr\u00f4le judiciaire avec interdiction de contact avec la victime, interdiction de para\u00eetre \u00e0 son domicile et obligation de soins\u00a0\u00bb.<\/p>\n\n\n\n<p class=\"\">Une perquisition de nuit a \u00e9t\u00e9 r\u00e9alis\u00e9e par le Raid \u00e0 son domicile dans la nuit de mercredi \u00e0 jeudi. \u00ab\u00a0De tr\u00e8s nombreuses investigations sont en cours pour localiser le ou les personnes impliqu\u00e9es et pr\u00e9ciser les circonstances et le motif des faits\u00a0\u00bb, assure le procureur de la R\u00e9publique de Nice.<\/p>\n\n\n\n<p class=\"\">La ville de Nice a indiqu\u00e9 mettre \u00e0 disposition des enqu\u00eateurs \u00ab\u00a0tous les moyens\u00a0\u00bb n\u00e9cessaires, dont les images de vid\u00e9osurveillance. \u00ab\u00a0Le criminel qui a commis cet acte d&rsquo;une barbarie inou\u00efe doit \u00eatre arr\u00eat\u00e9. Nous mettons d&rsquo;ores et d\u00e9j\u00e0 \u00e0 disposition des enqu\u00eateurs et du procureur tous les moyens de la police municipale de Nice et les images de notre centre de supervision\u00a0\u00bb, a d\u00e9clar\u00e9 Christian Estrosi.<\/p>\n","protected":false},"excerpt":{"rendered":"<p>Une femme n\u00e9e en 2002 est morte des suites de ses blessures par balle \u00e0 Nice ce mercredi 21 janvier. Son enfant, \u00e2g\u00e9 de 7 mois, \u00e9tait \u00e0 ses c\u00f4t\u00e9s et s&rsquo;en sort indemne. Un homme est toujours recherch\u00e9. Un meurtre d&rsquo;une extr\u00eame violence. \u00c0 Nice (Alpes-Maritimes), mercredi 21 janvier,\u00a0une femme n\u00e9e en 2002 a [&hellip;]<\/p>\n","protected":false},"author":2,"featured_media":41900,"comment_status":"open","ping_status":"open","sticky":false,"template":"","format":"standard","meta":{"_jetpack_memberships_contains_paid_content":false,"footnotes":"","jetpack_publicize_message":"","jetpack_publicize_feature_enabled":true,"jetpack_social_post_already_shared":true,"jetpack_social_options":{"image_generator_settings":{"template":"highway","default_image_id":0,"font":"","enabled":false},"version":2},"_wpas_customize_per_network":false},"categories":[405],"tags":[],"class_list":["post-41899","post","type-post","status-publish","format-standard","has-post-thumbnail","hentry","category-actu-france-monde"],"jetpack_publicize_connections":[],"jetpack_featured_media_url":"https:\/\/i0.wp.com\/www.iceagetv.com\/radiosite\/wp-content\/uploads\/2026\/01\/Capture-decran-2026-01-22-172815.jpg?fit=576%2C232&ssl=1","jetpack_sharing_enabled":true,"_links":{"self":[{"href":"https:\/\/www.iceagetv.com\/radiosite\/wp-json\/wp\/v2\/posts\/41899","targetHints":{"allow":["GET"]}}],"collection":[{"href":"https:\/\/www.iceagetv.com\/radiosite\/wp-json\/wp\/v2\/posts"}],"about":[{"href":"https:\/\/www.iceagetv.com\/radiosite\/wp-json\/wp\/v2\/types\/post"}],"author":[{"embeddable":true,"href":"https:\/\/www.iceagetv.com\/radiosite\/wp-json\/wp\/v2\/users\/2"}],"replies":[{"embeddable":true,"href":"https:\/\/www.iceagetv.com\/radiosite\/wp-json\/wp\/v2\/comments?post=41899"}],"version-history":[{"count":1,"href":"https:\/\/www.iceagetv.com\/radiosite\/wp-json\/wp\/v2\/posts\/41899\/revisions"}],"predecessor-version":[{"id":41901,"href":"https:\/\/www.iceagetv.com\/radiosite\/wp-json\/wp\/v2\/posts\/41899\/revisions\/41901"}],"wp:featuredmedia":[{"embeddable":true,"href":"https:\/\/www.iceagetv.com\/radiosite\/wp-json\/wp\/v2\/media\/41900"}],"wp:attachment":[{"href":"https:\/\/www.iceagetv.com\/radiosite\/wp-json\/wp\/v2\/media?parent=41899"}],"wp:term":[{"taxonomy":"category","embeddable":true,"href":"https:\/\/www.iceagetv.com\/radiosite\/wp-json\/wp\/v2\/categories?post=41899"},{"taxonomy":"post_tag","embeddable":true,"href":"https:\/\/www.iceagetv.com\/radiosite\/wp-json\/wp\/v2\/tags?post=41899"}],"curies":[{"name":"wp","href":"https:\/\/api.w.org\/{rel}","templated":true}]}}