{"id":41982,"date":"2026-01-24T15:10:05","date_gmt":"2026-01-24T14:10:05","guid":{"rendered":"https:\/\/www.iceagetv.com\/radiosite\/?p=41982"},"modified":"2026-01-24T15:10:08","modified_gmt":"2026-01-24T14:10:08","slug":"le-meurtrier-presume-de-la-jeune-femme-de-23-ans-tuee-par-balle-dans-sa-voiture-a-cote-de-son-bebe-a-nice-vient-detre-interpelle-par-le-raid-et-la-bri-sur-la-commune-de-grasse","status":"publish","type":"post","link":"https:\/\/www.iceagetv.com\/radiosite\/le-meurtrier-presume-de-la-jeune-femme-de-23-ans-tuee-par-balle-dans-sa-voiture-a-cote-de-son-bebe-a-nice-vient-detre-interpelle-par-le-raid-et-la-bri-sur-la-commune-de-grasse\/","title":{"rendered":"Le meurtrier pr\u00e9sum\u00e9 de la jeune femme de 23 ans, tu\u00e9e par balle dans sa voiture \u00e0 c\u00f4t\u00e9 de son b\u00e9b\u00e9 \u00e0 Nice , vient d\u2019\u00eatre interpell\u00e9 par le RAID et la BRI sur la commune de Grasse"},"content":{"rendered":"\n<p class=\"\">Le suspect du meurtre de la jeune femme de 23 ans, tu\u00e9e \u00e0 Nice le 21 janvier alors qu&rsquo;elle \u00e9tant en voiture avec son b\u00e9b\u00e9, a \u00e9t\u00e9 interpell\u00e9 \u00e0 Grasse. Le Raid et la BRI ont proc\u00e9d\u00e9 \u00e0 son interpellation.<\/p>\n\n\n\n<p class=\"\">Le drame a eu lieu mercredi peu apr\u00e8s 18H00, \u00e0 une intersection proche d&rsquo;un lyc\u00e9e dans l&rsquo;ouest de la ville. Un homme circulant \u00e0 scooter s&rsquo;est port\u00e9 \u00e0 la hauteur de la conductrice et a tir\u00e9 \u00e0 une dizaine de reprises \u00e0 bout portant \u00e0 travers la vitre du v\u00e9hicule, avait d\u00e9taill\u00e9 le procureur de Nice, Damien Martinelli, dans un communiqu\u00e9.<\/p>\n\n\n\n<p class=\"\">Arriv\u00e9s rapidement sur les lieux, les pompiers ne sont pas parvenus \u00e0 r\u00e9animer la jeune femme mais ont pu prendre en charge l&rsquo;enfant de sept mois, qui \u00e9tait sur le si\u00e8ge passager dans son fauteuil b\u00e9b\u00e9 et miraculeusement indemne.<\/p>\n\n\n\n<p class=\"\">La police a rapidement retrouv\u00e9 le scooter juste derri\u00e8re la gare, selon le parquet, qui a annonc\u00e9 l&rsquo;ouverture, jeudi soir, \u00ab\u00a0d&rsquo;une information judiciaire du chef de meurtre avec pr\u00e9m\u00e9ditation.\u00a0\u00bb<\/p>\n\n\n\n<p class=\"\">Si le d\u00e9roulement des faits pouvait initialement laisser penser \u00e0 la piste d&rsquo;un homicide sur fond de criminalit\u00e9 organis\u00e9e, les enqu\u00eateurs ont recueilli \u00ab\u00a0des \u00e9l\u00e9ments relatifs \u00e0 une piste intrafamiliale\u00a0\u00bb, explique le procureur.<\/p>\n\n\n\n<p class=\"\">Ils s&rsquo;int\u00e9ressent au beau-p\u00e8re du petit ami de la victime, un homme d&rsquo;environ 45 ans, plac\u00e9 en garde \u00e0 vue la semaine derni\u00e8re pour des violences aggrav\u00e9es sur la m\u00e8re du compagnon de la d\u00e9funte.<\/p>\n","protected":false},"excerpt":{"rendered":"<p>Le suspect du meurtre de la jeune femme de 23 ans, tu\u00e9e \u00e0 Nice le 21 janvier alors qu&rsquo;elle \u00e9tant en voiture avec son b\u00e9b\u00e9, a \u00e9t\u00e9 interpell\u00e9 \u00e0 Grasse. Le Raid et la BRI ont proc\u00e9d\u00e9 \u00e0 son interpellation. Le drame a eu lieu mercredi peu apr\u00e8s 18H00, \u00e0 une intersection proche d&rsquo;un lyc\u00e9e [&hellip;]<\/p>\n","protected":false},"author":2,"featured_media":41983,"comment_status":"open","ping_status":"open","sticky":false,"template":"","format":"standard","meta":{"_jetpack_memberships_contains_paid_content":false,"footnotes":"","jetpack_publicize_message":"","jetpack_publicize_feature_enabled":true,"jetpack_social_post_already_shared":true,"jetpack_social_options":{"image_generator_settings":{"template":"highway","default_image_id":0,"font":"","enabled":false},"version":2},"_wpas_customize_per_network":false},"categories":[405],"tags":[],"class_list":["post-41982","post","type-post","status-publish","format-standard","has-post-thumbnail","hentry","category-actu-france-monde"],"jetpack_publicize_connections":[],"jetpack_featured_media_url":"https:\/\/i0.wp.com\/www.iceagetv.com\/radiosite\/wp-content\/uploads\/2026\/01\/Le-meurtrier-presume-de-la-jeune-femme-de-23-ans-tuee-par-balle-dans-sa-voiture-a-cote-de-son-bebe-a-Nice-vient-detre-interpelle-par-le-RAID-et-la-BRI-sur-la-commune-de-Grasse.jpg?fit=820%2C353&ssl=1","jetpack_sharing_enabled":true,"_links":{"self":[{"href":"https:\/\/www.iceagetv.com\/radiosite\/wp-json\/wp\/v2\/posts\/41982","targetHints":{"allow":["GET"]}}],"collection":[{"href":"https:\/\/www.iceagetv.com\/radiosite\/wp-json\/wp\/v2\/posts"}],"about":[{"href":"https:\/\/www.iceagetv.com\/radiosite\/wp-json\/wp\/v2\/types\/post"}],"author":[{"embeddable":true,"href":"https:\/\/www.iceagetv.com\/radiosite\/wp-json\/wp\/v2\/users\/2"}],"replies":[{"embeddable":true,"href":"https:\/\/www.iceagetv.com\/radiosite\/wp-json\/wp\/v2\/comments?post=41982"}],"version-history":[{"count":1,"href":"https:\/\/www.iceagetv.com\/radiosite\/wp-json\/wp\/v2\/posts\/41982\/revisions"}],"predecessor-version":[{"id":41984,"href":"https:\/\/www.iceagetv.com\/radiosite\/wp-json\/wp\/v2\/posts\/41982\/revisions\/41984"}],"wp:featuredmedia":[{"embeddable":true,"href":"https:\/\/www.iceagetv.com\/radiosite\/wp-json\/wp\/v2\/media\/41983"}],"wp:attachment":[{"href":"https:\/\/www.iceagetv.com\/radiosite\/wp-json\/wp\/v2\/media?parent=41982"}],"wp:term":[{"taxonomy":"category","embeddable":true,"href":"https:\/\/www.iceagetv.com\/radiosite\/wp-json\/wp\/v2\/categories?post=41982"},{"taxonomy":"post_tag","embeddable":true,"href":"https:\/\/www.iceagetv.com\/radiosite\/wp-json\/wp\/v2\/tags?post=41982"}],"curies":[{"name":"wp","href":"https:\/\/api.w.org\/{rel}","templated":true}]}}