{"id":42019,"date":"2026-01-25T13:17:05","date_gmt":"2026-01-25T12:17:05","guid":{"rendered":"https:\/\/www.iceagetv.com\/radiosite\/?p=42019"},"modified":"2026-01-25T13:17:07","modified_gmt":"2026-01-25T12:17:07","slug":"strasbourg-la-frequentation-du-marche-de-noel-en-nette-baisse-le-mois-dernier-selon-les-chiffres-de-la-mairie-qui-invoque-limpact-du-climat-economique-et-geopolitique","status":"publish","type":"post","link":"https:\/\/www.iceagetv.com\/radiosite\/strasbourg-la-frequentation-du-marche-de-noel-en-nette-baisse-le-mois-dernier-selon-les-chiffres-de-la-mairie-qui-invoque-limpact-du-climat-economique-et-geopolitique\/","title":{"rendered":"Strasbourg : La fr\u00e9quentation du march\u00e9 de No\u00ebl en nette baisse le mois dernier, selon les chiffres de la mairie qui invoque l&rsquo;impact du climat \u00e9conomique et g\u00e9opolitique"},"content":{"rendered":"\n<p class=\"\">Le march\u00e9 de No\u00ebl de Strasbourg a accueilli 3,05 millions de visiteurs le mois dernier, soit une baisse de 10% par rapport au record de l&rsquo;ann\u00e9e pr\u00e9c\u00e9dente, a annonc\u00e9 la mairie, invoquant l&rsquo;impact du climat \u00e9conomique et g\u00e9opolitique. L&rsquo;\u00e9dition 2024 s&rsquo;\u00e9tait conclue sur un record historique de 3,4 millions de personnes pendant un mois de festivit\u00e9s, mais l&rsquo;affluence avait aussi donn\u00e9 lieu \u00e0 des critiques de la part des habitants, d\u00e9non\u00e7ant un ph\u00e9nom\u00e8ne de surtourisme.<\/p>\n\n\n\n<p class=\"\">La baisse enregistr\u00e9e l&rsquo;an dernier, la premi\u00e8re depuis la p\u00e9riode du Covid, trouve son origine dans \u00abl&rsquo;\u00e9tat du monde, l&rsquo;\u00e9tat des porte-monnaie, la volont\u00e9 d&rsquo;\u00e9pargner plus que de consommer\u00bb, a comment\u00e9 devant la presse Guillaume Libsig, adjoint \u00e0 la maire de Strasbourg responsable de l&rsquo;organisation du march\u00e9. \u00abLe fait que notre fr\u00e9quentation soit toujours extr\u00eamement \u00e9lev\u00e9e, \u00e0 plus de 3 millions de visiteurs, mais qu&rsquo;on ait une forme de stabilit\u00e9, nous rassure\u00bb, a soulign\u00e9 son coll\u00e8gue charg\u00e9 du tourisme, Jo\u00ebl Steffen.<\/p>\n\n\n\n<p class=\"\">Parmi les personnes venues d\u00e9couvrir les lumi\u00e8res de No\u00ebl dans la capitale alsacienne, beaucoup d&rsquo;\u00e9trangers, avec une nouvelle augmentation de la pr\u00e9sence des Espagnols, en plus des visiteurs allemands, am\u00e9ricains, mais aussi turcs et chinois, selon la mairie. Celle-ci a fond\u00e9 ses calculs sur la pr\u00e9sence de t\u00e9l\u00e9phones portables capt\u00e9s dans le centre-ville. Un millier de membres des forces de l&rsquo;ordre ont \u00e9t\u00e9 mobilis\u00e9s chaque jour, ainsi que des pompiers et des b\u00e9n\u00e9voles de la Croix-Rouge. Le march\u00e9 de No\u00ebl 2018 avait \u00e9t\u00e9 endeuill\u00e9 par un attentat djihadiste, qui avait fait cinq morts et 11 bless\u00e9s. Au tout d\u00e9but de l&rsquo;\u00e9dition 2025, une arme \u00e0 feu avait \u00e9t\u00e9 d\u00e9couverte \u00e0 proximit\u00e9 imm\u00e9diate du march\u00e9.<\/p>\n\n\n\n<p class=\"\">Pour les commer\u00e7ants, la baisse de l&rsquo;affluence s&rsquo;est traduite par un recul du chiffre d&rsquo;affaires. Les premi\u00e8res pr\u00e9visions du syndicat des h\u00f4teliers et des restaurateurs de Strasbourg indiquent une baisse de 5 \u00e0 10% des rentr\u00e9es d&rsquo;argent pour le mois de d\u00e9cembre par rapport au m\u00eame mois de l&rsquo;ann\u00e9e 2024. Les commer\u00e7ants vont chercher \u00e0 allonger la p\u00e9riode d&rsquo;ouverture du march\u00e9 pour l&rsquo;\u00e9dition 2026, alors que le march\u00e9 prend fin traditionnellement le 24 d\u00e9cembre, a d\u00e9clar\u00e9 Jacques Chomentowski, pr\u00e9sident du syndicat local des h\u00f4teliers et restaurateurs.<\/p>\n","protected":false},"excerpt":{"rendered":"<p>Le march\u00e9 de No\u00ebl de Strasbourg a accueilli 3,05 millions de visiteurs le mois dernier, soit une baisse de 10% par rapport au record de l&rsquo;ann\u00e9e pr\u00e9c\u00e9dente, a annonc\u00e9 la mairie, invoquant l&rsquo;impact du climat \u00e9conomique et g\u00e9opolitique. L&rsquo;\u00e9dition 2024 s&rsquo;\u00e9tait conclue sur un record historique de 3,4 millions de personnes pendant un mois de [&hellip;]<\/p>\n","protected":false},"author":2,"featured_media":42020,"comment_status":"open","ping_status":"open","sticky":false,"template":"","format":"standard","meta":{"_jetpack_memberships_contains_paid_content":false,"footnotes":"","jetpack_publicize_message":"","jetpack_publicize_feature_enabled":true,"jetpack_social_post_already_shared":true,"jetpack_social_options":{"image_generator_settings":{"template":"highway","default_image_id":0,"font":"","enabled":false},"version":2},"_wpas_customize_per_network":false},"categories":[17],"tags":[],"class_list":["post-42019","post","type-post","status-publish","format-standard","has-post-thumbnail","hentry","category-actu-regions"],"jetpack_publicize_connections":[],"jetpack_featured_media_url":"https:\/\/i0.wp.com\/www.iceagetv.com\/radiosite\/wp-content\/uploads\/2026\/01\/mYHKgaOI.jpg?fit=679%2C293&ssl=1","jetpack_sharing_enabled":true,"_links":{"self":[{"href":"https:\/\/www.iceagetv.com\/radiosite\/wp-json\/wp\/v2\/posts\/42019","targetHints":{"allow":["GET"]}}],"collection":[{"href":"https:\/\/www.iceagetv.com\/radiosite\/wp-json\/wp\/v2\/posts"}],"about":[{"href":"https:\/\/www.iceagetv.com\/radiosite\/wp-json\/wp\/v2\/types\/post"}],"author":[{"embeddable":true,"href":"https:\/\/www.iceagetv.com\/radiosite\/wp-json\/wp\/v2\/users\/2"}],"replies":[{"embeddable":true,"href":"https:\/\/www.iceagetv.com\/radiosite\/wp-json\/wp\/v2\/comments?post=42019"}],"version-history":[{"count":1,"href":"https:\/\/www.iceagetv.com\/radiosite\/wp-json\/wp\/v2\/posts\/42019\/revisions"}],"predecessor-version":[{"id":42021,"href":"https:\/\/www.iceagetv.com\/radiosite\/wp-json\/wp\/v2\/posts\/42019\/revisions\/42021"}],"wp:featuredmedia":[{"embeddable":true,"href":"https:\/\/www.iceagetv.com\/radiosite\/wp-json\/wp\/v2\/media\/42020"}],"wp:attachment":[{"href":"https:\/\/www.iceagetv.com\/radiosite\/wp-json\/wp\/v2\/media?parent=42019"}],"wp:term":[{"taxonomy":"category","embeddable":true,"href":"https:\/\/www.iceagetv.com\/radiosite\/wp-json\/wp\/v2\/categories?post=42019"},{"taxonomy":"post_tag","embeddable":true,"href":"https:\/\/www.iceagetv.com\/radiosite\/wp-json\/wp\/v2\/tags?post=42019"}],"curies":[{"name":"wp","href":"https:\/\/api.w.org\/{rel}","templated":true}]}}