{"id":42038,"date":"2026-01-26T16:15:45","date_gmt":"2026-01-26T15:15:45","guid":{"rendered":"https:\/\/www.iceagetv.com\/radiosite\/?p=42038"},"modified":"2026-01-26T16:15:47","modified_gmt":"2026-01-26T15:15:47","slug":"assassinat-de-samuel-paty-un-nouveau-proces-debute-cest-violent-pour-la-famille-temoigne-la-soeur-du-professeur-decapite","status":"publish","type":"post","link":"https:\/\/www.iceagetv.com\/radiosite\/assassinat-de-samuel-paty-un-nouveau-proces-debute-cest-violent-pour-la-famille-temoigne-la-soeur-du-professeur-decapite\/","title":{"rendered":"Assassinat de Samuel Paty : un nouveau proc\u00e8s d\u00e9bute, \u00ab\u00a0c&rsquo;est violent pour la famille\u00a0\u00bb, t\u00e9moigne la s\u0153ur du professeur d\u00e9capit\u00e9"},"content":{"rendered":"\n<p class=\"\"><strong>\u00c0 la veille de l\u2019ouverture du proc\u00e8s en appel de quatre des condamn\u00e9s pour l\u2019assassinat de Samuel Paty, sa s\u0153ur Ga\u00eblle Paty, \u00e9tait pr\u00e9sente, dimanche 25 janvier, au festival de la biographie de N\u00eemes pour d\u00e9dicacer son livre. Elle revient sur le combat qu&rsquo;elle m\u00e8ne pour la m\u00e9moire de son fr\u00e8re.<\/strong>Ga\u00eblle Paty, la s\u0153ur de Samuel Paty, \u00e9tait pr\u00e9sente, dimanche 25 janvier, au festival de la biographie de N\u00eemes pour d\u00e9dicacer son livre&nbsp;<em>\u00ab\u00a0Samuel Paty : un proc\u00e8s pour l\u2019avenir\u00a0\u00bb<\/em>. Une rencontre organis\u00e9e \u00e0 la veille de l\u2019ouverture du proc\u00e8s en appel de quatre des huit personnes condamn\u00e9es pour leur r\u00f4le dans l\u2019assassinat du professeur d\u2019histoire-g\u00e9ographie, d\u00e9capit\u00e9 le 16 octobre 2020 \u00e0 Conflans-Sainte-Honorine.<\/p>\n\n\n\n<p class=\"\">Une \u00e9quipe de France 3 Occitanie l\u2019a rencontr\u00e9e.<\/p>\n\n\n\n<h2 class=\"wp-block-heading\">Quatre condamn\u00e9s ont fait appel<\/h2>\n\n\n\n<p class=\"\">Dans cet ouvrage co\u00e9crit avec deux autres auteurs, Ga\u00eblle Paty revient sur les sept semaines du premier proc\u00e8s, qui s\u2019est tenu \u00e0 l\u2019automne 2024. Les huit accus\u00e9s ont tous \u00e9t\u00e9 reconnus coupables, avec des peines allant d\u2019un \u00e0 seize ans de prison. Quatre d\u2019entre eux ont fait appel. Ils sont rejug\u00e9s \u00e0 partir de ce lundi 26 janvier, jusqu\u2019au 27 f\u00e9vrier, devant la cour d\u2019assises d\u2019appel sp\u00e9ciale de Paris.<\/p>\n\n\n\n<p class=\"\">Samuel Paty a \u00e9t\u00e9 tu\u00e9 apr\u00e8s une campagne de haine d\u00e9clench\u00e9e par de fausses accusations relay\u00e9es sur les r\u00e9seaux sociaux. Son assassin, Abdoullakh Anzorov, avait \u00e9t\u00e9 abattu par la police apr\u00e8s les faits. La justice a estim\u00e9 que certains accus\u00e9s avaient contribu\u00e9 \u00e0 cr\u00e9er un climat ayant rendu le crime possible, en attisant la haine contre l\u2019enseignant.Au salon de la biographie dimanche, Ga\u00eblle Paty \u00e9changeait avec les lecteurs :&nbsp;<em>\u00ab\u00a0Je pense qu\u2019au-del\u00e0 du courage, c\u2019est la conviction. Avoir des convictions, et aller au bout de ses convictions\u00a0\u00bb<\/em>.<\/p>\n\n\n\n<p class=\"\">Continuer de raconter pour ne jamais oublier ce qui est arriv\u00e9 \u00e0 Samuel. Sur chaque page de garde, Ga\u00eblle Paty inscrit un message pour accepter, avancer et transmettre, afin que l\u2019effroi ne soit pas la derni\u00e8re le\u00e7on.<\/p>\n\n\n\n<p class=\"\">Devant elle, des lecteurs de tous \u00e2ges, comme Sophie Calley, cheffe d&rsquo;\u00e9tablissement du coll\u00e8ge Ada Lovelace, \u00e0 N\u00eemes, engag\u00e9e dans un travail de m\u00e9moire.\u00a0<em>\u00ab\u00a0Nous avons inaugur\u00e9 il y a un an le hall de la la\u00efcit\u00e9 avec trois fresques pour rappeler ce qu\u2019est la la\u00efcit\u00e9, notamment le portrait de Samuel Paty au sein de notre \u00e9tablissement\u00a0\u00bb<\/em>, explique-t-elle.Cinq ans apr\u00e8s le drame<\/p>\n\n\n\n<p class=\"\">Sur le terrain, cinq ans apr\u00e8s le drame, les enseignants restent profond\u00e9ment marqu\u00e9s.&nbsp;<em>\u00ab\u00a0C\u2019est pour \u00e7a que c\u2019est important pour eux aussi de d\u00e9passer cette \u00e9motion initiale pour pouvoir agir sur le terrain, parce que quelque part, on a besoin d\u2019eux pour qu\u2019il se passe quelque chose aupr\u00e8s de nos jeunes dans les \u00e9tablissements scolaires\u00a0\u00bb<\/em>, souligne Ga\u00eblle Paty.<\/p>\n\n\n\n<p class=\"\">Libraire de profession, elle revient aussi sur l\u2019\u00e9preuve que repr\u00e9sente ce nouveau proc\u00e8s en appel.<\/p>\n\n\n\n<p class=\"\"><em>\u00ab\u00a0Un proc\u00e8s en assises \u00ab\u00a0terroriste\u00a0\u00bb, c\u2019est violent par les faits, mais aussi par les hommes qui sont pr\u00e9sents dans cette cour, qui vont se d\u00e9fendre parfois avec beaucoup de malhonn\u00eatet\u00e9 ou d\u2019agressivit\u00e9, voire avec une strat\u00e9gie de d\u00e9fense qui consiste \u00e0 dire que le cours de mon fr\u00e8re aurait \u00e9t\u00e9 discriminatoire et islamophobe, et qu\u2019il l&rsquo;aurait entre guillemets \u00ab\u00a0m\u00e9rit\u00e9\u00a0\u00bb.<\/em>Apr\u00e8s ce second proc\u00e8s, Ga\u00eblle Paty esp\u00e8re voir son fr\u00e8re honor\u00e9 pour son engagement d\u2019enseignant. Elle demande sa panth\u00e9onisation, comme symbole pour l\u2019ensemble des professeurs en France.<\/p>\n","protected":false},"excerpt":{"rendered":"<p>\u00c0 la veille de l\u2019ouverture du proc\u00e8s en appel de quatre des condamn\u00e9s pour l\u2019assassinat de Samuel Paty, sa s\u0153ur Ga\u00eblle Paty, \u00e9tait pr\u00e9sente, dimanche 25 janvier, au festival de la biographie de N\u00eemes pour d\u00e9dicacer son livre. Elle revient sur le combat qu&rsquo;elle m\u00e8ne pour la m\u00e9moire de son fr\u00e8re.Ga\u00eblle Paty, la s\u0153ur de [&hellip;]<\/p>\n","protected":false},"author":2,"featured_media":42039,"comment_status":"open","ping_status":"open","sticky":false,"template":"","format":"standard","meta":{"_jetpack_memberships_contains_paid_content":false,"footnotes":"","jetpack_publicize_message":"","jetpack_publicize_feature_enabled":true,"jetpack_social_post_already_shared":true,"jetpack_social_options":{"image_generator_settings":{"template":"highway","default_image_id":0,"font":"","enabled":false},"version":2},"_wpas_customize_per_network":false},"categories":[405],"tags":[],"class_list":["post-42038","post","type-post","status-publish","format-standard","has-post-thumbnail","hentry","category-actu-france-monde"],"jetpack_publicize_connections":[],"jetpack_featured_media_url":"https:\/\/i0.wp.com\/www.iceagetv.com\/radiosite\/wp-content\/uploads\/2026\/01\/s30-gaelle-paty-au-salon-de-biographie-a-nimes-00-00-00-08-69771809ad4fa858645787.jpg?fit=1920%2C1080&ssl=1","jetpack_sharing_enabled":true,"_links":{"self":[{"href":"https:\/\/www.iceagetv.com\/radiosite\/wp-json\/wp\/v2\/posts\/42038","targetHints":{"allow":["GET"]}}],"collection":[{"href":"https:\/\/www.iceagetv.com\/radiosite\/wp-json\/wp\/v2\/posts"}],"about":[{"href":"https:\/\/www.iceagetv.com\/radiosite\/wp-json\/wp\/v2\/types\/post"}],"author":[{"embeddable":true,"href":"https:\/\/www.iceagetv.com\/radiosite\/wp-json\/wp\/v2\/users\/2"}],"replies":[{"embeddable":true,"href":"https:\/\/www.iceagetv.com\/radiosite\/wp-json\/wp\/v2\/comments?post=42038"}],"version-history":[{"count":1,"href":"https:\/\/www.iceagetv.com\/radiosite\/wp-json\/wp\/v2\/posts\/42038\/revisions"}],"predecessor-version":[{"id":42040,"href":"https:\/\/www.iceagetv.com\/radiosite\/wp-json\/wp\/v2\/posts\/42038\/revisions\/42040"}],"wp:featuredmedia":[{"embeddable":true,"href":"https:\/\/www.iceagetv.com\/radiosite\/wp-json\/wp\/v2\/media\/42039"}],"wp:attachment":[{"href":"https:\/\/www.iceagetv.com\/radiosite\/wp-json\/wp\/v2\/media?parent=42038"}],"wp:term":[{"taxonomy":"category","embeddable":true,"href":"https:\/\/www.iceagetv.com\/radiosite\/wp-json\/wp\/v2\/categories?post=42038"},{"taxonomy":"post_tag","embeddable":true,"href":"https:\/\/www.iceagetv.com\/radiosite\/wp-json\/wp\/v2\/tags?post=42038"}],"curies":[{"name":"wp","href":"https:\/\/api.w.org\/{rel}","templated":true}]}}