{"id":42042,"date":"2026-01-26T17:02:51","date_gmt":"2026-01-26T16:02:51","guid":{"rendered":"https:\/\/www.iceagetv.com\/radiosite\/?p=42042"},"modified":"2026-01-26T17:02:53","modified_gmt":"2026-01-26T16:02:53","slug":"interdire-les-reseaux-sociaux-aux-moins-de-15-ans-on-a-demande-a-des-adolescents-ce-quils-en-pensaient","status":"publish","type":"post","link":"https:\/\/www.iceagetv.com\/radiosite\/interdire-les-reseaux-sociaux-aux-moins-de-15-ans-on-a-demande-a-des-adolescents-ce-quils-en-pensaient\/","title":{"rendered":"Interdire les r\u00e9seaux sociaux aux moins de 15\u00a0ans\u00a0: on a demand\u00e9 \u00e0 des adolescents ce qu&rsquo;ils en pensaient"},"content":{"rendered":"\n<p class=\"\">Plusieurs projets et propositions de loi envisagent l&rsquo;interdiction des r\u00e9seaux sociaux aux moins de 15\u00a0ans. L&rsquo;un de ces textes arrive en d\u00e9bat lundi \u00e0 l&rsquo;Assembl\u00e9e nationale.Les mineurs de moins de 15&nbsp;ans vont-ils bient\u00f4t \u00eatre interdits d&rsquo;acc\u00e8s aux r\u00e9seaux sociaux en France&nbsp;? Un&nbsp;<a href=\"https:\/\/www.franceinfo.fr\/internet\/reseaux-sociaux\/info-franceinfo-le-projet-de-loi-pour-interdire-les-reseaux-sociaux-aux-moins-de-15-ans-est-pret-et-sera-examine-debut-janvier_7712140.html\">projet de loi gouvernemental<\/a>&nbsp;et deux propositions de loi (l&rsquo;une \u00e9manant du S\u00e9nat et l&rsquo;autre de l&rsquo;Assembl\u00e9e nationale) entendent r\u00e9former les r\u00e8gles d&rsquo;acc\u00e8s pour les enfants et les jeunes adolescents. Le texte port\u00e9 par les d\u00e9put\u00e9s Renaissance et leur rapporteuse Laure Miller arrive en d\u00e9bat lundi 26&nbsp;janvier dans l&rsquo;h\u00e9micycle.<\/p>\n\n\n\n<p class=\"\">Cette&nbsp;<a href=\"https:\/\/www.assemblee-nationale.fr\/dyn\/17\/textes\/l17b2341_texte-adopte-commission\" target=\"_blank\" rel=\"noreferrer noopener\">proposition de loi(Nouvelle fen\u00eatre)<\/a>&nbsp;fait suite aux travaux d&rsquo;une commission d&rsquo;enqu\u00eate parlementaire sur les effets psychologiques de TikTok sur les mineurs. Elle vise \u00e0&nbsp;<em>\u00ab\u00a0prot\u00e9ger les mineurs des risques auxquels les expose l\u2019utilisation des r\u00e9seaux sociaux\u00a0\u00bb<\/em>. Elle pr\u00e9voit donc qu&rsquo;il soit&nbsp;<em>\u00ab\u00a0interdit au mineur de 15&nbsp;ans d\u2019acc\u00e9der \u00e0 un service de plateforme de partage de vid\u00e9os (&#8230;) ou \u00e0 un service de r\u00e9seaux sociaux en ligne\u00a0\u00bb<\/em>. Le texte fait valoir que ces sites sont&nbsp;<em>\u00ab\u00a0susceptible<\/em>[s]&nbsp;<em>de nuire \u00e0&nbsp;<\/em>[l&rsquo;]<em>\u00e9panouissement physique, mental ou moral\u00a0\u00bb<\/em>&nbsp;des jeunes. Une<em>&nbsp;\u00ab\u00a0liste\u00a0\u00bb&nbsp;<\/em>des plateformes vis\u00e9es sera&nbsp;<em>\u00ab\u00a0\u00e9tablie par un d\u00e9cret\u00a0\u00bb<\/em>,&nbsp;<em>\u00ab\u00a0pris apr\u00e8s avis de l\u2019Autorit\u00e9 de r\u00e9gulation de la communication audiovisuelle et num\u00e9rique\u00a0\u00bb<\/em>&nbsp;(Arcom).<\/p>\n\n\n\n<p class=\"\">La proposition de loi \u00e9tend par ailleurs&nbsp;<a href=\"https:\/\/www.franceinfo.fr\/internet\/reseaux-sociaux\/interdiction-des-telephones-portables-au-lycee-s-il-faut-mettre-quelqu-un-derriere-chaque-lyceen-c-est-completement-impossible-estime-un-syndicat-de-chefs-d-etablissements_7712797.html\">l&rsquo;interdiction des t\u00e9l\u00e9phones portables pour les \u00e9l\u00e8ves au lyc\u00e9e<\/a>, \u00e0 partir de la rentr\u00e9e de septembre 2026, comme c&rsquo;est d\u00e9j\u00e0 le cas dans les \u00e9coles et les coll\u00e8ges. Chez les professionnels du num\u00e9rique et de la sant\u00e9, l&rsquo;interdiction des r\u00e9seaux sociaux ne fait pas consensus. Certains&nbsp;<a href=\"https:\/\/www.franceinfo.fr\/replay-radio\/l-il-de-julie\/interdire-les-reseaux-sociaux-aux-moins-de-15-ans-une-fausse-bonne-idee_7499515.html\">la jugent drastique et inadapt\u00e9e<\/a>&nbsp;pour un public ayant grandi dans cet univers, d&rsquo;autres&nbsp;<a href=\"https:\/\/www.franceinfo.fr\/internet\/reseaux-sociaux\/je-suis-pour-completement-inapplicable-interdire-les-reseaux-sociaux-aux-moins-de-15-ans-une-mesure-qui-divise_7305207.html\">estiment qu&rsquo;elle est n\u00e9cessaire<\/a>&nbsp;pour prot\u00e9ger les enfants et les adolescents. Mais qu&rsquo;en pensent les jeunes&nbsp;?<\/p>\n\n\n\n<h2 class=\"wp-block-heading\">\u00ab\u00a0Cela peut \u00eatre vraiment dangereux\u00a0\u00bb<\/h2>\n\n\n\n<p class=\"\"><em>\u00ab\u00a0C&rsquo;est une bonne chose. On peut y voir n&rsquo;importe quoi. Cela peut \u00eatre vraiment dangereux quand on ne sait pas s&rsquo;en servir\u00a0\u00bb<\/em>, avance Lou*, 14\u00a0ans.\u00a0Ayant seulement acc\u00e8s \u00e0 Snapchat, elle affirme utiliser l&rsquo;application surtout pour prendre des photos<em>\u00a0\u00ab\u00a0avec de jolis filtres\u00a0\u00bb,<\/em>\u00a0avant de les enregistrer sur son t\u00e9l\u00e9phone. En troisi\u00e8me dans un \u00e9tablissement de Gironde, elle constate combien le narcissisme s&rsquo;expose sur le r\u00e9seau social.\u00a0<em>\u00ab\u00a0Il y a des gens qui montrent leur belle voiture, mais quel est l&rsquo;int\u00e9r\u00eat<\/em>\u00a0<em>?\u00a0\u00bb\u00a0<\/em>Lou juge qu&rsquo;elle arriverait \u00e0 se passer de cette application.\u00a0\u00bbAvec mes copines, on en a parl\u00e9, et on s&rsquo;est dit que Snapchat au fond, \u00e7a ne servait pas \u00e0 grand chose.\u00a0\u00bbLou*, 14 ansSara, 10&nbsp;ans, pointe, elle aussi, les effets n\u00e9fastes des r\u00e9seaux sociaux. Elle poss\u00e8de un smartphone qu&rsquo;elle<strong>&nbsp;<\/strong>n&rsquo;a le droit d&rsquo;utiliser qu&rsquo;\u00e0 la maison.&nbsp;<em>\u00ab\u00a0Je trouve \u00e7a normal d&rsquo;interdire<\/em>&nbsp;[les r\u00e9seaux sociaux aux moins de 15 ans]<em>. Il y en a qui restent trop sur leur t\u00e9l\u00e9phone, et d&rsquo;autres qui peuvent \u00eatre m\u00e9chants.\u00a0\u00bb&nbsp;<\/em>Selon&nbsp;<a href=\"https:\/\/e-enfance.org\/le-harcelement-chez-les-jeunes-un-fleau-qui-touche-toutes-les-classes-dage-non-sans-consequence-sur-leur-sante-mentale\/\" target=\"_blank\" rel=\"noreferrer noopener\">une \u00e9tude de l&rsquo;assocation e-Enfance(Nouvelle fen\u00eatre)<\/a>, r\u00e9alis\u00e9e en mai,<strong>&nbsp;<\/strong>le cyberharc\u00e8lement et les insultes touchent aujourd&rsquo;hui 18% des 6-18 ans et 25% des filles en sont victimes au lyc\u00e9e. Cette \u00e9l\u00e8ve de CM2, scolaris\u00e9e en Ille-et-Vilaine, est elle aussi uniquement inscrite sur Snapchat, application qu&rsquo;elle utilise pour retrouver ses amis dans le quartier et \u00e9changer avec ses camarades de classe concernant les devoirs.<\/p>\n\n\n\n<h2 class=\"wp-block-heading\">\u00ab\u00a0Il faut faire plus de pr\u00e9vention\u00a0\u00bb<\/h2>\n\n\n\n<p class=\"\">A 17 ans, Tessa passe, elle, entre&nbsp;<em>\u00ab\u00a0trois et quatre&nbsp;heures par jour\u00a0\u00bb<\/em>&nbsp;sur TikTok, et il n&rsquo;est pas rare qu&rsquo;elle tombe sur des commentaires violents.&nbsp;<em>\u00ab\u00a0Depuis le 7-Octobre par exemple, je vois beaucoup de jeunes femmes juives se faire insulter.\u00a0\u00bb&nbsp;<\/em>Cette \u00e9l\u00e8ve de terminale poss\u00e8de aussi un compte Snapchat. Elle rapporte s&rsquo;y faire r\u00e9guli\u00e8rement contacter&nbsp;<em>\u00ab\u00a0en anglais par des&nbsp;<\/em>sugar daddies<em>&nbsp;<\/em>[des hommes \u00e2g\u00e9s qui promettent des revenus \u00e0 des jeunes femmes en \u00e9change d&rsquo;une relation]<em>&nbsp;qui proposent de gagner de l&rsquo;argent en leur parlant\u00a0\u00bb.<\/em><\/p>\n\n\n\n<p class=\"\">Pour autant, et m\u00eame si elle n&rsquo;est pas concern\u00e9e par l&rsquo;interdiction du fait de son \u00e2ge, elle juge que l&rsquo;urgence est de mieux \u00e9duquer \u00e0 l&rsquo;usage des r\u00e9seaux sociaux.\u00a0<em>\u00ab\u00a0Il faut faire plus de pr\u00e9vention. On pourrait avoir des cours au coll\u00e8ge et au lyc\u00e9e, un peu \u00e0 l&rsquo;image des cours d&rsquo;Evars\u00a0<\/em><a href=\"https:\/\/www.franceinfo.fr\/france\/rentree\/le-programme-evars-d-education-a-la-vie-affective-et-sexuelle-fait-sa-premiere-rentree-scolaire-mais-des-doutes-persistent-sur-sa-mise-en-uvre_7459684.html\"><em>d\u00e9di\u00e9s \u00e0 l&rsquo;\u00e9ducation \u00e0 la sexualit\u00e9<\/em><\/a><em>.\u00a0\u00bb\u00a0<\/em>C&rsquo;est aussi ce qu&rsquo;ont propos\u00e9,\u00a0<a href=\"https:\/\/www.lecese.fr\/actualites\/les-propositions-de-la-convention-citoyenne-sur-les-temps-de-lenfant\" target=\"_blank\" rel=\"noreferrer noopener\">dans leur rapport rendu fin novembre(Nouvelle fen\u00eatre)<\/a>, les membres de la Convention citoyenne sur les temps de l&rsquo;enfant\u00a0: rendre obligatoire une \u00e9ducation au num\u00e9rique, adapt\u00e9e \u00e0 l&rsquo;\u00e2ge des \u00e9l\u00e8ves.Dans son coll\u00e8ge des Pyr\u00e9n\u00e9es-Atlantiques, Marion* b\u00e9n\u00e9ficie justement, depuis la 6e, d&rsquo;une intervention annuelle sur le sujet.<em>&nbsp;\u00ab\u00a0On a une dame qui vient pour nous parler des r\u00e9seaux sociaux, et de l&rsquo;addiction que \u00e7a peut cr\u00e9er.\u00a0\u00bb&nbsp;<\/em>La jeune fille de 13&nbsp;ans, scolaris\u00e9e en 4e, utilise Instagram sur le t\u00e9l\u00e9phone de sa m\u00e8re. Elle se sert de cette application pour discuter,&nbsp;<em>\u00ab\u00a0regarder des vid\u00e9os d&rsquo;escalade\u00a0\u00bb<\/em>&nbsp;et&nbsp;<em>\u00ab\u00a0voir les photos de ses amies en voyage sans avoir \u00e0 attendre la rentr\u00e9e\u00a0\u00bb<\/em>. Elle s&rsquo;interroge sur la pertinence d&rsquo;une interdiction totale.<\/p>\n\n\n\n<blockquote class=\"wp-block-quote is-layout-flow wp-block-quote-is-layout-flow\">\n<p class=\"\">\u00ab\u00a0Est-ce que ce n&rsquo;est pas beaucoup d&rsquo;un coup&nbsp;? A l&rsquo;int\u00e9rieur du coll\u00e8ge, je comprends, mais \u00e0 la maison, si les parents sont d&rsquo;accord\u2026\u00a0\u00bbMarion*, 13 ans<\/p>\n\n\n\n<p class=\"\">\u00e0 franceinfo<\/p>\n<\/blockquote>\n\n\n\n<p class=\"\"><em>\u00ab\u00a0J&rsquo;avoue que si j&rsquo;avais \u00e9t\u00e9 concern\u00e9, \u00e7a m&rsquo;aurait un peu \u00e9nerv\u00e9\u00a0\u00bb<\/em>, souffle L\u00e9onard. A 16 ans, il passera lui aussi entre les mailles du filet. Mais cet \u00e9l\u00e8ve de premi\u00e8re \u00e0 Paris anticipe que la mesure<em>&nbsp;\u00ab\u00a0emb\u00eatera pas mal de jeunes, c&rsquo;est s\u00fbr\u00a0\u00bb<\/em>. Il ajoute que<em>&nbsp;\u00ab\u00a0plein de choses\u00a0\u00bb<\/em>&nbsp;ont \u00e9t\u00e9 essay\u00e9es auparavant, et<em>&nbsp;\u00ab\u00a0on voit que \u00e7a ne fonctionne pas\u00a0\u00bb<\/em>.&nbsp;<em>\u00ab\u00a0La limite d&rsquo;\u00e2ge de 13 ans sur Instagram&nbsp;: n&rsquo;importe qui peut mettre une fausse date de naissance\u00a0\u00bb<\/em>, illustre le lyc\u00e9en.<\/p>\n\n\n\n<h2 class=\"wp-block-heading\">\u00ab\u00a0Une interdiction, \u00e7a incite justement \u00e0 la contourner\u00a0\u00bb<\/h2>\n\n\n\n<p class=\"\">Alors que le projet de loi entend aussi \u00e9largir au lyc\u00e9e l&rsquo;interdiction de l&rsquo;usage du t\u00e9l\u00e9phone portable, Lola*, en seconde, souligne \u00e9galement que certains<em>&nbsp;\u00ab\u00a0passeront outre\u00a0\u00bb<\/em>. Elle affirme utiliser son smartphone pendant les temps de r\u00e9cr\u00e9ation, car son \u00e9tablissement&nbsp;<em>\u00ab\u00a0manque d&rsquo;infrastructures, de bancs\u00a0\u00bb. \u00ab\u00a0Il n&rsquo;y a m\u00eame pas un terrain de basket\u00a0\u00bb<\/em>, rel\u00e8ve-t-elle.<\/p>\n\n\n\n<p class=\"\">Comme Tessa et L\u00e9onard, elle ne sera pas priv\u00e9e de r\u00e9seaux sociaux, \u00e9tant \u00e2g\u00e9e de 15 ans. Mais elle a une id\u00e9e sur la question&nbsp;:&nbsp;<em>\u00ab\u00a0Une interdiction, \u00e7a incite justement \u00e0 la contourner.\u00a0\u00bb&nbsp;<\/em>Lola vante par ailleurs les m\u00e9rites des comptes sp\u00e9cialis\u00e9s sur les questions de sant\u00e9 mentale disponibles sur certaines plateformes. Elle cite l&rsquo;exemple de Miel Abitbol&nbsp;:<em>&nbsp;\u00ab\u00a0Cette fille, elle n&rsquo;a pas \u00e9t\u00e9 bien dans sa vie, et maintenant, elle en parle sur les r\u00e9seaux sociaux pour aider les gens \u00e0 sortir de la d\u00e9pression.\u00a0\u00bb<\/em><\/p>\n\n\n\n<p class=\"\">Miel Abitbol, influenceuse de 18 ans,&nbsp;<a href=\"https:\/\/www.franceinfo.fr\/sante\/psycho-bien-etre\/sante-mentale\/sante-mentale-des-jeunes-apres-avoir-interpelle-emmanuel-macron-a-plusieurs-reprises-l-influenceuse-miel-abitbol-invitee-a-l-elysee_7162236.html\">avait \u00e9t\u00e9 re\u00e7ue par Emmanuel Macron en juillet<\/a>&nbsp;pour parler des maux des adolescents.&nbsp;Cr\u00e9atrice de&nbsp;<a href=\"https:\/\/www.franceinfo.fr\/replay-radio\/le-choix-franceinfo\/temoignages-vous-m-avez-sauve-la-vie-comment-l-application-lyynk-dediee-a-la-sante-mentale-des-adolescents-tente-de-recreer-du-lien-entre-enfants-et-parents_6834311.html\">l&rsquo;application Lyynk<\/a>, d\u00e9di\u00e9e \u00e0 la sant\u00e9 mentale, elle a critiqu\u00e9 la mesure d&rsquo;interdiction des r\u00e9seaux sociaux port\u00e9e par le chef de l&rsquo;Etat.&nbsp;<em>\u00ab\u00a0Le probl\u00e8me est pris \u00e0 l&rsquo;envers&nbsp;: pour la majorit\u00e9, les r\u00e9seaux sociaux, c&rsquo;est un espace de lien, de d\u00e9couverte, d&rsquo;expression. Souvent, c&rsquo;est le seul endroit o\u00f9 vous vous sentez vraiment bien apr\u00e8s&nbsp;<\/em>[une journ\u00e9e de cours de]<em>&nbsp;8&nbsp;heures \u00e0 18&nbsp;heures et des heures de devoirs\u00a0\u00bb,&nbsp;<\/em>a-t-elle d\u00e9clar\u00e9&nbsp;<a href=\"https:\/\/vm.tiktok.com\/ZNRMdKP5h\/\" target=\"_blank\" rel=\"noreferrer noopener\">dans une vid\u00e9o partag\u00e9e sur TikTok(Nouvelle fen\u00eatre)<\/a>.&nbsp;<\/p>\n\n\n\n<p class=\"\"><em>\u00ab\u00a0Oui, il faut r\u00e9guler les algorithmes toxiques. Oui, il faut une vraie \u00e9ducation au num\u00e9rique (\u2026). Avec ce discours d&rsquo;interdiction et ce m\u00e9pris permanent, ne soyez pas surpris si les jeunes ne vous font plus confiance et rejettent encore une fois le monde adulte\u00a0\u00bb,&nbsp;<\/em>a soulign\u00e9 Miel Abitbol. Et si de nombreux commentaires sous sa vid\u00e9o lui donnent raison, un&nbsp;<a href=\"https:\/\/www.odoxa.fr\/sondage\/reseaux-sociaux-les-ados-prets-a-changer-les-parents-prets-a-suivre\/\" target=\"_blank\" rel=\"noreferrer noopener\">sondage r\u00e9alis\u00e9 en ao\u00fbt 2025 par Odexa(Nouvelle fen\u00eatre)<\/a>&nbsp;laisse entrevoir qu&rsquo;une majorit\u00e9 pense autrement&nbsp;: 67% des coll\u00e9giens et lyc\u00e9ens interrog\u00e9s trouvant justifi\u00e9e la mesure voulue par le pr\u00e9sident de la R\u00e9publique.<\/p>\n","protected":false},"excerpt":{"rendered":"<p>Plusieurs projets et propositions de loi envisagent l&rsquo;interdiction des r\u00e9seaux sociaux aux moins de 15\u00a0ans. L&rsquo;un de ces textes arrive en d\u00e9bat lundi \u00e0 l&rsquo;Assembl\u00e9e nationale.Les mineurs de moins de 15&nbsp;ans vont-ils bient\u00f4t \u00eatre interdits d&rsquo;acc\u00e8s aux r\u00e9seaux sociaux en France&nbsp;? Un&nbsp;projet de loi gouvernemental&nbsp;et deux propositions de loi (l&rsquo;une \u00e9manant du S\u00e9nat et l&rsquo;autre [&hellip;]<\/p>\n","protected":false},"author":2,"featured_media":42043,"comment_status":"open","ping_status":"open","sticky":false,"template":"","format":"standard","meta":{"_jetpack_memberships_contains_paid_content":false,"footnotes":"","jetpack_publicize_message":"","jetpack_publicize_feature_enabled":true,"jetpack_social_post_already_shared":true,"jetpack_social_options":{"image_generator_settings":{"template":"highway","default_image_id":0,"font":"","enabled":false},"version":2},"_wpas_customize_per_network":false},"categories":[405],"tags":[],"class_list":["post-42042","post","type-post","status-publish","format-standard","has-post-thumbnail","hentry","category-actu-france-monde"],"jetpack_publicize_connections":[],"jetpack_featured_media_url":"https:\/\/i0.wp.com\/www.iceagetv.com\/radiosite\/wp-content\/uploads\/2026\/01\/Interdire-les-reseaux-sociaux-aux-moins-de-15-ans.jpg?fit=711%2C456&ssl=1","jetpack_sharing_enabled":true,"_links":{"self":[{"href":"https:\/\/www.iceagetv.com\/radiosite\/wp-json\/wp\/v2\/posts\/42042","targetHints":{"allow":["GET"]}}],"collection":[{"href":"https:\/\/www.iceagetv.com\/radiosite\/wp-json\/wp\/v2\/posts"}],"about":[{"href":"https:\/\/www.iceagetv.com\/radiosite\/wp-json\/wp\/v2\/types\/post"}],"author":[{"embeddable":true,"href":"https:\/\/www.iceagetv.com\/radiosite\/wp-json\/wp\/v2\/users\/2"}],"replies":[{"embeddable":true,"href":"https:\/\/www.iceagetv.com\/radiosite\/wp-json\/wp\/v2\/comments?post=42042"}],"version-history":[{"count":1,"href":"https:\/\/www.iceagetv.com\/radiosite\/wp-json\/wp\/v2\/posts\/42042\/revisions"}],"predecessor-version":[{"id":42044,"href":"https:\/\/www.iceagetv.com\/radiosite\/wp-json\/wp\/v2\/posts\/42042\/revisions\/42044"}],"wp:featuredmedia":[{"embeddable":true,"href":"https:\/\/www.iceagetv.com\/radiosite\/wp-json\/wp\/v2\/media\/42043"}],"wp:attachment":[{"href":"https:\/\/www.iceagetv.com\/radiosite\/wp-json\/wp\/v2\/media?parent=42042"}],"wp:term":[{"taxonomy":"category","embeddable":true,"href":"https:\/\/www.iceagetv.com\/radiosite\/wp-json\/wp\/v2\/categories?post=42042"},{"taxonomy":"post_tag","embeddable":true,"href":"https:\/\/www.iceagetv.com\/radiosite\/wp-json\/wp\/v2\/tags?post=42042"}],"curies":[{"name":"wp","href":"https:\/\/api.w.org\/{rel}","templated":true}]}}