{"id":42049,"date":"2026-01-27T06:14:32","date_gmt":"2026-01-27T05:14:32","guid":{"rendered":"https:\/\/www.iceagetv.com\/radiosite\/?p=42049"},"modified":"2026-01-27T06:14:36","modified_gmt":"2026-01-27T05:14:36","slug":"lassemblee-nationale-adopte-larticle-phare-dun-texte-interdisant-les-reseaux-sociaux-aux-moins-de-15-ans","status":"publish","type":"post","link":"https:\/\/www.iceagetv.com\/radiosite\/lassemblee-nationale-adopte-larticle-phare-dun-texte-interdisant-les-reseaux-sociaux-aux-moins-de-15-ans\/","title":{"rendered":"L&rsquo;Assembl\u00e9e nationale adopte l&rsquo;article phare d&rsquo;un texte interdisant les r\u00e9seaux sociaux aux moins de 15 ans"},"content":{"rendered":"\n<p class=\"\">L&rsquo;Assembl\u00e9e nationale a approuv\u00e9 l&rsquo;article phare d&rsquo;une proposition de loi interdisant les r\u00e9seaux sociaux aux moins de 15 ans, lundi 26 janvier. Cette mesure, qui vise \u00e0 prot\u00e9ger la sant\u00e9 des adolescents, est soutenue de tout leur poids par le gouvernement et Emmanuel Macron. Le texte dans son ensemble doit encore \u00eatre adopt\u00e9 un peu plus tard dans la soir\u00e9e. Les d\u00e9bats restants porteront notamment sur l&rsquo;interdiction des t\u00e9l\u00e9phones portables dans les lyc\u00e9es, comme c&rsquo;est d\u00e9j\u00e0 le cas dans les \u00e9coles et les coll\u00e8ges.Les d\u00e9put\u00e9s ont donn\u00e9 leur feu vert \u00e0 un amendement identique du gouvernement et de la rapporteure Renaissance du texte, Laure Miller, r\u00e9\u00e9crivant l&rsquo;article premier. Il pr\u00e9voit que \u00ab\u00a0l&rsquo;acc\u00e8s \u00e0 un service de r\u00e9seau social en ligne fourni par une plateforme en ligne est interdit aux mineurs de quinze ans\u00a0\u00bb. L&rsquo;article ainsi r\u00e9dig\u00e9 a \u00e9t\u00e9 adopt\u00e9 par 116 voix contre 23, avec le soutien du camp gouvernemental, de l&rsquo;alliance RN-UDR, des communistes, des ind\u00e9pendants de Liot et de la majorit\u00e9 des \u00e9cologistes. Les insoumis ont vot\u00e9 contre. Les socialistes se sont eux en majorit\u00e9 abstenus. L&rsquo;ex\u00e9cutif avait d\u00e9cid\u00e9 d&rsquo;engager la proc\u00e9dure acc\u00e9l\u00e9r\u00e9e sur le texte, qui permet une adoption plus rapide en cas de d\u00e9saccord entre les deux chambresLa proposition de loi devrait, sauf surprise, recevoir le feu vert de l&rsquo;Assembl\u00e9e. Elle ira ensuite au S\u00e9nat \u00e0 la \u00ab\u00a0mi-f\u00e9vrier\u00a0\u00bb, selon l&rsquo;ex-Premier ministre Gabriel Attal, o\u00f9 le texte n&rsquo;a toutefois pas officiellement \u00e9t\u00e9 programm\u00e9 \u00e0 ce stade. Si le texte est adopt\u00e9 d\u00e9finitivement, la France deviendrait le deuxi\u00e8me pays \u00e0 se doter d&rsquo;une l\u00e9gislation aussi restrictive pour les mineurs, apr\u00e8s l&rsquo;Australie qui a interdit les r\u00e9seaux sociaux aux moins de 16 ans d\u00e9but d\u00e9cembre. Le gouvernement souhaite aller vite, avec une interdiction mise en \u0153uvre d\u00e8s la rentr\u00e9e 2026 pour les nouveaux comptes, et une v\u00e9rification d&rsquo;\u00e2ge efficace pour tous les utilisateurs, y compris les comptes d\u00e9j\u00e0 existants, d&rsquo;ici le 1er janvier 2027, a pr\u00e9cis\u00e9 lundi la ministre du Num\u00e9rique Anne Le H\u00e9nanff.Un amendement de la d\u00e9put\u00e9e socialiste Ayda Hadizadeh a aussi \u00e9t\u00e9 adopt\u00e9 \u00e0 quelques voix pr\u00e8s, \u00e9tablissant que les fournisseurs de r\u00e9seaux sociaux \u00ab\u00a0garantissent que les mineurs ne sont pas expos\u00e9s \u00e0 une pression commerciale excessive\u00a0\u00bb. Il interdit \u00e9galement la \u00ab\u00a0promotion de produits ou services susceptibles d&rsquo;alt\u00e9rer la sant\u00e9 physique ou mentale des mineurs\u00a0\u00bb sur les r\u00e9seaux sociaux leur \u00e9tant destin\u00e9s. Laure Miller a regrett\u00e9 l&rsquo;adoption de cet amendement \u00ab\u00a0pas conforme au droit de l&rsquo;Union europ\u00e9enne\u00a0\u00bb et faisant risquer au texte \u00ab\u00a0d&rsquo;\u00eatre retoqu\u00e9 par la Commission europ\u00e9enne\u00a0\u00bb.<div>.<\/div><\/p>\n\n\n\n<p class=\"\"><\/p>\n","protected":false},"excerpt":{"rendered":"<p>L&rsquo;Assembl\u00e9e nationale a approuv\u00e9 l&rsquo;article phare d&rsquo;une proposition de loi interdisant les r\u00e9seaux sociaux aux moins de 15 ans, lundi 26 janvier. Cette mesure, qui vise \u00e0 prot\u00e9ger la sant\u00e9 des adolescents, est soutenue de tout leur poids par le gouvernement et Emmanuel Macron. Le texte dans son ensemble doit encore \u00eatre adopt\u00e9 un peu [&hellip;]<\/p>\n","protected":false},"author":2,"featured_media":42050,"comment_status":"open","ping_status":"open","sticky":false,"template":"","format":"standard","meta":{"_jetpack_memberships_contains_paid_content":false,"footnotes":"","jetpack_publicize_message":"","jetpack_publicize_feature_enabled":true,"jetpack_social_post_already_shared":true,"jetpack_social_options":{"image_generator_settings":{"template":"highway","default_image_id":0,"font":"","enabled":false},"version":2},"_wpas_customize_per_network":false},"categories":[405],"tags":[],"class_list":["post-42049","post","type-post","status-publish","format-standard","has-post-thumbnail","hentry","category-actu-france-monde"],"jetpack_publicize_connections":[],"jetpack_featured_media_url":"https:\/\/www.iceagetv.com\/radiosite\/wp-content\/uploads\/2026\/01\/080-hl-quentindegroeve-3036606-6977d5a3aed2a078137271.avif","jetpack_sharing_enabled":true,"_links":{"self":[{"href":"https:\/\/www.iceagetv.com\/radiosite\/wp-json\/wp\/v2\/posts\/42049","targetHints":{"allow":["GET"]}}],"collection":[{"href":"https:\/\/www.iceagetv.com\/radiosite\/wp-json\/wp\/v2\/posts"}],"about":[{"href":"https:\/\/www.iceagetv.com\/radiosite\/wp-json\/wp\/v2\/types\/post"}],"author":[{"embeddable":true,"href":"https:\/\/www.iceagetv.com\/radiosite\/wp-json\/wp\/v2\/users\/2"}],"replies":[{"embeddable":true,"href":"https:\/\/www.iceagetv.com\/radiosite\/wp-json\/wp\/v2\/comments?post=42049"}],"version-history":[{"count":1,"href":"https:\/\/www.iceagetv.com\/radiosite\/wp-json\/wp\/v2\/posts\/42049\/revisions"}],"predecessor-version":[{"id":42051,"href":"https:\/\/www.iceagetv.com\/radiosite\/wp-json\/wp\/v2\/posts\/42049\/revisions\/42051"}],"wp:featuredmedia":[{"embeddable":true,"href":"https:\/\/www.iceagetv.com\/radiosite\/wp-json\/wp\/v2\/media\/42050"}],"wp:attachment":[{"href":"https:\/\/www.iceagetv.com\/radiosite\/wp-json\/wp\/v2\/media?parent=42049"}],"wp:term":[{"taxonomy":"category","embeddable":true,"href":"https:\/\/www.iceagetv.com\/radiosite\/wp-json\/wp\/v2\/categories?post=42049"},{"taxonomy":"post_tag","embeddable":true,"href":"https:\/\/www.iceagetv.com\/radiosite\/wp-json\/wp\/v2\/tags?post=42049"}],"curies":[{"name":"wp","href":"https:\/\/api.w.org\/{rel}","templated":true}]}}