{"id":42058,"date":"2026-01-27T15:08:26","date_gmt":"2026-01-27T14:08:26","guid":{"rendered":"https:\/\/www.iceagetv.com\/radiosite\/?p=42058"},"modified":"2026-01-27T15:08:28","modified_gmt":"2026-01-27T14:08:28","slug":"commerce-linde-et-lue-concluent-laccord-de-tous-les-accords","status":"publish","type":"post","link":"https:\/\/www.iceagetv.com\/radiosite\/commerce-linde-et-lue-concluent-laccord-de-tous-les-accords\/","title":{"rendered":"Commerce: l&rsquo;Inde et l&rsquo;UE concluent \u00ab\u00a0l&rsquo;accord de tous les accords\u00a0\u00bb"},"content":{"rendered":"\n<p class=\"\"><strong>L&rsquo;Inde et l&rsquo;Union europ\u00e9enne (UE) ont officialis\u00e9 mardi la conclusion d&rsquo;un ambitieux accord de libre-\u00e9change commercial qui, au terme de vingt ans de n\u00e9gociations, va cr\u00e9er \u00ab\u00a0une zone de libre-\u00e9change de 2 milliards de personnes\u00a0\u00bb.<\/strong>Dans un contexte g\u00e9opolitique mondial incertain, ce pacte doit permettre aux deux parties de mieux se prot\u00e9ger de la concurrence chinoise et des effets de la guerre des droits de douane engag\u00e9e par les Etats-Unis.<\/p>\n\n\n\n<p class=\"\">Devant la presse, le Premier ministre indien Narendra Modi et ses deux invit\u00e9s, le pr\u00e9sident du Conseil europ\u00e9en Antonio Costa et son homologue de la Commission Ursula von der Leyen, ont rivalis\u00e9 de superlatifs pour c\u00e9l\u00e9brer leur r\u00e9ussite.<\/p>\n\n\n\n<p class=\"\">\u00ab\u00a0C&rsquo;est l&rsquo;accord de tous les accords\u00a0\u00bb, s&rsquo;est r\u00e9joui M. Modi, en soulignant qu&rsquo;il concernait \u00ab\u00a0environ un quart du produit int\u00e9rieur brut (PIB) mondial\u00a0\u00bb.<\/p>\n\n\n\n<p class=\"\">\u00ab\u00a0Ce trait\u00e9 va offrir de nombreuses opportunit\u00e9s au 1,4 milliard d&rsquo;Indiens et aux millions d&rsquo;habitants de l&rsquo;UE\u00a0\u00bb, a-t-il ajout\u00e9, \u00ab\u00a0ce n&rsquo;est pas qu&rsquo;un accord commercial, c&rsquo;est aussi la voie vers une prosp\u00e9rit\u00e9 partag\u00e9e\u00a0\u00bb.<\/p>\n\n\n\n<p class=\"\">\u00ab\u00a0L&rsquo;Europe et l&rsquo;Inde ont fait l&rsquo;histoire aujourd&rsquo;hui\u00a0\u00bb, a rench\u00e9ri Mme von der Leyen. \u00ab\u00a0Nous avons cr\u00e9\u00e9 une zone de libre-\u00e9change de deux milliards de personnes qui va b\u00e9n\u00e9ficier aux deux parties\u00a0\u00bb, a-t-elle poursuivi.<\/p>\n\n\n\n<p class=\"\">Les derniers obstacles \u00e0 la conclusion du texte ont \u00e9t\u00e9 lev\u00e9s lundi lors d&rsquo;ultimes tractations entre n\u00e9gociateurs.<\/p>\n\n\n\n<p class=\"\">L&rsquo;Inde et l&rsquo;UE esp\u00e8rent doper leur commerce en r\u00e9duisant leurs droits de douane dans de nombreux secteurs.<\/p>\n\n\n\n<p class=\"\">Selon Bruxelles, la r\u00e9duction des taxes indiennes sur les importations europ\u00e9ennes devrait permettre \u00e0 l&rsquo;UE d&rsquo;\u00e9conomiser jusqu&rsquo;\u00e0 4 milliards d&rsquo;euros chaque ann\u00e9e, notamment sur des produits embl\u00e9matiques.<\/p>\n\n\n\n<p class=\"\">Les droits de douane indiens sur les v\u00e9hicules \u00ab\u00a0made in Europe\u00a0\u00bb doivent ainsi passer 110 \u00e0 10%, ceux sur les vins de 150 \u00e0 20% et ceux sur les p\u00e2tes ou le chocolat, actuellement \u00e0 50%, \u00eatre totalement supprim\u00e9s, a d\u00e9taill\u00e9 l&rsquo;UE.<\/p>\n\n\n\n<p class=\"\">&#8211; \u00ab\u00a0Acc\u00e8s sans pr\u00e9c\u00e9dent\u00a0\u00bb &#8211;<\/p>\n\n\n\n<p class=\"\">\u00ab\u00a0L&rsquo;UE compte b\u00e9n\u00e9ficier du niveau d&rsquo;acc\u00e8s le plus \u00e9lev\u00e9 jamais accord\u00e9 \u00e0 un partenaire commercial sur le march\u00e9 indien traditionnellement prot\u00e9g\u00e9\u00a0\u00bb, avait indiqu\u00e9 Ursula von der Leyen d\u00e8s son arriv\u00e9e dimanche en Inde, pariant sur un doublement des exportations europ\u00e9ennes.<\/p>\n\n\n\n<p class=\"\">De son c\u00f4t\u00e9, l&rsquo;Inde attend une hausse de ses exportations dans de nombreux secteurs dont le textile, les pierres pr\u00e9cieuses, la joaillerie, le cuir et les services, a soulign\u00e9 son Premier ministre.<\/p>\n\n\n\n<p class=\"\">\u00ab\u00a0L&rsquo;acc\u00e8s pr\u00e9f\u00e9rentiel sans pr\u00e9c\u00e9dent accord\u00e9 \u00e0 plus de 99% des exportations indiennes change la donne pour notre industrie\u00a0\u00bb, s&rsquo;est f\u00e9licit\u00e9 Chandrajit Banerjee, le responsable de Conf\u00e9d\u00e9ration de l&rsquo;industrie indienne (CII).<\/p>\n\n\n\n<p class=\"\">Outre le seul domaine commercial, les deux parties ont \u00e9tendu leur partenariat en mati\u00e8re de d\u00e9fense et de s\u00e9curit\u00e9.<\/p>\n\n\n\n<p class=\"\">\u00ab\u00a0Nous ne nous contentons pas de renforcer nos \u00e9conomies, mais aussi la s\u00e9curit\u00e9 de nos concitoyens dans un monde de moins en moins s\u00fbr\u00a0\u00bb, a expliqu\u00e9 la cheffe de la Commission europ\u00e9enne. \u00ab\u00a0En combinant ces atouts, nous r\u00e9duisons notre d\u00e9pendance strat\u00e9gique \u00e0 un moment o\u00f9 l&rsquo;arme commerciale est de plus en plus utilis\u00e9e\u00a0\u00bb.<\/p>\n\n\n\n<p class=\"\">En 2024, l&rsquo;Inde et l&rsquo;UE ont \u00e9chang\u00e9 120 milliards d&rsquo;euros de marchandises &#8211; en hausse de pr\u00e8s de 90% en dix ans &#8211; et 60 milliards d&rsquo;euros de services, selon la partie europ\u00e9enne.<\/p>\n\n\n\n<p class=\"\">Bruxelles lorgne avec gourmandise sur l&rsquo;immense march\u00e9 que repr\u00e9sente le pays le plus peupl\u00e9 de la plan\u00e8te, avec ses 1,5 milliard d&rsquo;habitants et sa tr\u00e8s forte croissance, de 8,2% en glissement annuel au dernier trimestre.<\/p>\n\n\n\n<p class=\"\">Selon les projections du Fonds mon\u00e9taire international (FMI), l&rsquo;Inde devrait rafler cette ann\u00e9e au Japon le titre de quatri\u00e8me \u00e9conomie mondiale, derri\u00e8re les Etats-Unis, la Chine et l&rsquo;Allemagne. Et elle pourrait monter sur le podium avant 2030, selon son gouvernement.<\/p>\n\n\n\n<p class=\"\">Pour sa part, New Delhi consid\u00e8re l&rsquo;Europe comme une source indispensable des technologies et investissements dont elle a un cruel besoin pour acc\u00e9l\u00e9rer sa modernisation et cr\u00e9er des millions d&#8217;emplois pour sa population.<\/p>\n\n\n\n<p class=\"\">New Delhi et Bruxelles ont \u00e9galement paraph\u00e9 mardi un accord sur les mouvements de travailleurs saisonniers, les \u00e9changes d&rsquo;\u00e9tudiants, de chercheurs ou de certains professionnels \u00e0 forte qualification.<\/p>\n","protected":false},"excerpt":{"rendered":"<p>L&rsquo;Inde et l&rsquo;Union europ\u00e9enne (UE) ont officialis\u00e9 mardi la conclusion d&rsquo;un ambitieux accord de libre-\u00e9change commercial qui, au terme de vingt ans de n\u00e9gociations, va cr\u00e9er \u00ab\u00a0une zone de libre-\u00e9change de 2 milliards de personnes\u00a0\u00bb.Dans un contexte g\u00e9opolitique mondial incertain, ce pacte doit permettre aux deux parties de mieux se prot\u00e9ger de la concurrence chinoise [&hellip;]<\/p>\n","protected":false},"author":2,"featured_media":42059,"comment_status":"open","ping_status":"open","sticky":false,"template":"","format":"standard","meta":{"_jetpack_memberships_contains_paid_content":false,"footnotes":"","jetpack_publicize_message":"","jetpack_publicize_feature_enabled":true,"jetpack_social_post_already_shared":true,"jetpack_social_options":{"image_generator_settings":{"template":"highway","default_image_id":0,"font":"","enabled":false},"version":2},"_wpas_customize_per_network":false},"categories":[405],"tags":[],"class_list":["post-42058","post","type-post","status-publish","format-standard","has-post-thumbnail","hentry","category-actu-france-monde"],"jetpack_publicize_connections":[],"jetpack_featured_media_url":"https:\/\/i0.wp.com\/www.iceagetv.com\/radiosite\/wp-content\/uploads\/2026\/01\/813_actu_afp-news_16485e69-6320-4960-a29a-feea9839ad79.jpg?fit=1280%2C550&ssl=1","jetpack_sharing_enabled":true,"_links":{"self":[{"href":"https:\/\/www.iceagetv.com\/radiosite\/wp-json\/wp\/v2\/posts\/42058","targetHints":{"allow":["GET"]}}],"collection":[{"href":"https:\/\/www.iceagetv.com\/radiosite\/wp-json\/wp\/v2\/posts"}],"about":[{"href":"https:\/\/www.iceagetv.com\/radiosite\/wp-json\/wp\/v2\/types\/post"}],"author":[{"embeddable":true,"href":"https:\/\/www.iceagetv.com\/radiosite\/wp-json\/wp\/v2\/users\/2"}],"replies":[{"embeddable":true,"href":"https:\/\/www.iceagetv.com\/radiosite\/wp-json\/wp\/v2\/comments?post=42058"}],"version-history":[{"count":1,"href":"https:\/\/www.iceagetv.com\/radiosite\/wp-json\/wp\/v2\/posts\/42058\/revisions"}],"predecessor-version":[{"id":42060,"href":"https:\/\/www.iceagetv.com\/radiosite\/wp-json\/wp\/v2\/posts\/42058\/revisions\/42060"}],"wp:featuredmedia":[{"embeddable":true,"href":"https:\/\/www.iceagetv.com\/radiosite\/wp-json\/wp\/v2\/media\/42059"}],"wp:attachment":[{"href":"https:\/\/www.iceagetv.com\/radiosite\/wp-json\/wp\/v2\/media?parent=42058"}],"wp:term":[{"taxonomy":"category","embeddable":true,"href":"https:\/\/www.iceagetv.com\/radiosite\/wp-json\/wp\/v2\/categories?post=42058"},{"taxonomy":"post_tag","embeddable":true,"href":"https:\/\/www.iceagetv.com\/radiosite\/wp-json\/wp\/v2\/tags?post=42058"}],"curies":[{"name":"wp","href":"https:\/\/api.w.org\/{rel}","templated":true}]}}