{"id":42083,"date":"2026-01-28T15:13:22","date_gmt":"2026-01-28T14:13:22","guid":{"rendered":"https:\/\/www.iceagetv.com\/radiosite\/?p=42083"},"modified":"2026-01-28T15:13:24","modified_gmt":"2026-01-28T14:13:24","slug":"a-bout-epuises-en-colere-les-policiers-manifestent-ce-week-end-en-france-toutes-les-actions-prevues","status":"publish","type":"post","link":"https:\/\/www.iceagetv.com\/radiosite\/a-bout-epuises-en-colere-les-policiers-manifestent-ce-week-end-en-france-toutes-les-actions-prevues\/","title":{"rendered":"\u00ab\u00a0\u00c0 bout, \u00e9puis\u00e9s, en col\u00e8re\u00a0\u00bb : les policiers manifestent ce week-end en France, toutes les actions pr\u00e9vues"},"content":{"rendered":"\n<p class=\"\">\u00c0 l&rsquo;appel du syndicat Alliance, les forces de l&rsquo;ordre sont invit\u00e9es \u00e0 manifester partout en France (y compris en Outre-mer), ce samedi 31 janvier 2026. 24 villes sont concern\u00e9es.Apr\u00e8s la&nbsp;<strong>gr\u00e8ve nationale des m\u00e9decins<\/strong>&nbsp;<a href=\"https:\/\/actu.fr\/societe\/greve-des-medecins-le-mouvement-est-suspendu-nous-prenons-acte-des-engagements-du-gouvernement_63712014.html\">qui s\u2019est tenue du 5 au 16&nbsp;janvier 2026<\/a>&nbsp;et sur fond de&nbsp;<strong>col\u00e8re des agriculteurs<\/strong>&nbsp;qui persiste en r\u00e9gions (<a href=\"https:\/\/actu.fr\/occitanie\/toulouse_31555\/video-violents-heurts-entre-agriculteurs-et-crs-a-toulouse-la-prefecture-se-dit-trompee_63754376.html\">notamment dans le Sud-Ouest<\/a>), c\u2019est au tour de la&nbsp;<strong>police<\/strong>&nbsp;de se mobiliser dans les prochains jours.<\/p>\n\n\n\n<p class=\"\">\u00c0 l\u2019appel du syndicat\u00a0<a href=\"https:\/\/alliancepn.fr\/\">Alliance<\/a>, les forces de l\u2019ordre sont invit\u00e9es \u00e0\u00a0<strong>manifester dans toute la France<\/strong>\u00a0(y compris la capitale), ce samedi 31\u00a0janvier 2026. Cette mobilisation nationale prendra la forme de \u00ab\u2009marches citoyennes\u2009\u00bb, pr\u00e9cise\u00a0<a href=\"https:\/\/www.alliancepn.fr\/actualites\/communiques-de-presse\/4113-france-s-enfonce-dans-l-insecurite.html\">un communiqu\u00e9<\/a>\u00a0publi\u00e9\u00a0le 9\u00a0janvier.\u00ab\u2009La France doit choisir\u2009: la r\u00e9signation ou la s\u00e9curit\u00e9\u2009\u00bb<\/p>\n\n\n\n<p class=\"\">Cela fait plusieurs mois maintenant que les syndicats de police tirent la sonnette d\u2019alarme pour d\u00e9noncer leurs conditions de travail et\u00a0<strong>le manque de moyens allou\u00e9s<\/strong>\u00a0par l\u2019\u00c9tat. \u00c0 l\u2019instar du<strong>\u00a0\u00ab\u00a0commissariat de la honte\u00a0\u00bb<\/strong>\u00a0de\u00a0<a href=\"https:\/\/actu.fr\/occitanie\/perpignan_66136\">Perpignan (Pyr\u00e9n\u00e9es-Orientales)<\/a>, o\u00f9 les agents composent au quotidien\u00a0<a href=\"https:\/\/actu.fr\/occitanie\/perpignan_66136\/le-commissariat-de-la-honte-a-perpignan-les-policiers-cohabitent-avec-les-rats_63342799.html\">avec inondations, remont\u00e9es de mati\u00e8res f\u00e9cales et rats<\/a>, et r\u00e9clament\u00a0des nouveaux locaux de toute urgence.\u00ab\u2009<strong>Sans moyens, il n\u2019y a plus de police. Sans justice ferme, il n\u2019y a plus de s\u00e9curit\u00e9. Sans autorit\u00e9, il n\u2019y a plus d\u2019\u00c9tat<\/strong>\u2009\u00bb, intime le communiqu\u00e9 commun d\u2019Alliance et de ses partenaires de\u00a0<a href=\"https:\/\/www.cfecgc.org\/salle-de-presse\/communiques-de-presse\/la-cfe-cgc-aux-cotes-des-agents-de-la-police-nationale\">la CFE-CGC<\/a>\u00a0(SICP, SYNERGIE, SNIPAT et SAPACMI).O\u00f9 et quand les manifestations auront lieu samedi\u2009?<\/p>\n\n\n\n<p class=\"\">Autant de raisons pour lesquelles les&nbsp;<a href=\"https:\/\/actu.fr\/tag\/syndicats\">syndicats<\/a>&nbsp;policiers annoncent&nbsp;<strong>une \u00ab\u2009mobilisation citoyenne nationale, r\u00e9publicaine<\/strong>&nbsp;et strictement l\u00e9gale\u2009\u00bb aux quatre coins de la France. Les civils sont \u00e9galement invit\u00e9s \u00e0 prendre part aux&nbsp;<a href=\"https:\/\/actu.fr\/tag\/manifestations\">manifestations<\/a>.<\/p>\n\n\n\n<p class=\"\">Chaque jour, les policiers prot\u00e8gent les Fran\u00e7ais au p\u00e9ril de leur vie. Chaque jour, ils le font sans effectifs suffisants, sans moyens adapt\u00e9s, sans protection juridique r\u00e9elle. La police nationale est \u00e0 bout. Les agents sont \u00e9puis\u00e9s. La col\u00e8re est l\u00e9gitime. [&#8230;] La police a besoin de vous, venez manifester votre soutien pour une police respect\u00e9e et prot\u00e9g\u00e9e.Une&nbsp;<a href=\"https:\/\/www.change.org\/p\/la-police-a-besoin-de-vous-pour-une-police-respect%C3%A9e-et-prot%C3%A9g%C3%A9e?recruiter=1400795945&amp;recruited_by_id=17c43a80-fb8a-11f0-8487-63ac76853c13&amp;utm_source=share_petition&amp;utm_campaign=petition_dashboard_share_modal&amp;utm_medium=whatsapp\">p\u00e9tition lanc\u00e9e par Alliance<\/a>&nbsp;d\u00e9taille les<strong>&nbsp;23 villes concern\u00e9es<\/strong>&nbsp;dans l\u2019Hexagone. \u00c0 noter que toutes les manifestations ci-dessous d\u00e9butent<strong>&nbsp;\u00e0 partir de 11\u2009h, samedi 31 janvier 2026&nbsp;<\/strong>:<\/p>\n\n\n\n<p class=\"\"><a href=\"https:\/\/actu.fr\/grand-est\/metz_57463\/metz-pourquoi-les-policiers-nationaux-vont-manifester-ce-samedi_63736615.html\">Metz (H\u00f4tel de ville)<\/a>.<\/p>\n\n\n\n<p class=\"\">Paris (place de la Bastille)\u2009;<\/p>\n\n\n\n<p class=\"\">Lille (Grand Place)\u2009;<\/p>\n\n\n\n<p class=\"\">Arras (place Mar\u00e9chal-Foch)\u2009;<\/p>\n\n\n\n<p class=\"\">Marseille (Ombri\u00e8re du Vieux port)\u2009;<\/p>\n\n\n\n<p class=\"\">Nice (place Mass\u00e9na)\u2009;<\/p>\n\n\n\n<p class=\"\">Ajaccio (place de la gare)\u2009;<\/p>\n\n\n\n<p class=\"\"><a href=\"https:\/\/actu.fr\/auvergne-rhone-alpes\/lyon_69123\/lyon-a-depasse-marseille-des-policiers-appellent-a-la-mobilisation-face-a-une-situation-critique_63738254.html\">Lyon (place Mar\u00e9chal-Lyautey)<\/a>\u2009;<\/p>\n\n\n\n<p class=\"\">Clermont-Ferrand (place Gaillard)\u2009;<\/p>\n\n\n\n<p class=\"\">Grenoble (H\u00f4tel de police)\u2009;<\/p>\n\n\n\n<p class=\"\">Dijon (H\u00f4tel de police)\u2009;<\/p>\n\n\n\n<p class=\"\">Bordeaux (H\u00f4tel de ville)\u2009;<\/p>\n\n\n\n<p class=\"\">Pau (H\u00f4tel de ville)\u2009;<\/p>\n\n\n\n<p class=\"\">La\u00a0Rochelle (parvis de la gare)\u2009;<\/p>\n\n\n\n<p class=\"\">Toulouse (devant la pr\u00e9fecture)\u2009;<\/p>\n\n\n\n<p class=\"\">Perpignan (place du Castillet)\u2009;<\/p>\n\n\n\n<p class=\"\"><a href=\"https:\/\/actu.fr\/occitanie\/nimes_30189\/nimes-c-est-quoi-ce-grand-rassemblement-prevu-le-31-janvier_63741978.html\">N\u00eemes (devant la pr\u00e9fecture)<\/a>\u2009;<\/p>\n\n\n\n<p class=\"\"><a href=\"https:\/\/actu.fr\/normandie\/rouen_76540\/c-est-rare-mais-les-policiers-vont-manifester-prochainement-a-rouen-voici-pourquoi_63686184.html\">Rouen (H\u00f4tel de ville)<\/a>\u2009;<\/p>\n\n\n\n<p class=\"\">Nantes (H\u00f4tel de police)\u2009;<\/p>\n\n\n\n<p class=\"\"><a href=\"https:\/\/actu.fr\/bretagne\/rennes_35238\/la-police-a-besoin-de-vous-a-rennes-les-forces-de-l-ordre-appellent-les-citoyens-a-manifester-avec-eux_63677078.html\">Rennes (H\u00f4tel de la pr\u00e9fecture)<\/a>\u2009;<\/p>\n\n\n\n<p class=\"\">Orl\u00e9ans (place du Martrois)\u2009;<\/p>\n\n\n\n<p class=\"\">Reims (Square Colbert)\u2009;<\/p>\n\n\n\n<p class=\"\"><a href=\"https:\/\/actu.fr\/grand-est\/strasbourg_67482\/des-policiers-vont-manifester-a-strasbourg-bientot-voici-pourquoi_63672406.html\">Strasbourg (H\u00f4tel de police)<\/a>\u2009;<\/p>\n","protected":false},"excerpt":{"rendered":"<p>\u00c0 l&rsquo;appel du syndicat Alliance, les forces de l&rsquo;ordre sont invit\u00e9es \u00e0 manifester partout en France (y compris en Outre-mer), ce samedi 31 janvier 2026. 24 villes sont concern\u00e9es.Apr\u00e8s la&nbsp;gr\u00e8ve nationale des m\u00e9decins&nbsp;qui s\u2019est tenue du 5 au 16&nbsp;janvier 2026&nbsp;et sur fond de&nbsp;col\u00e8re des agriculteurs&nbsp;qui persiste en r\u00e9gions (notamment dans le Sud-Ouest), c\u2019est au tour [&hellip;]<\/p>\n","protected":false},"author":2,"featured_media":42084,"comment_status":"open","ping_status":"open","sticky":false,"template":"","format":"standard","meta":{"_jetpack_memberships_contains_paid_content":false,"footnotes":"","jetpack_publicize_message":"","jetpack_publicize_feature_enabled":true,"jetpack_social_post_already_shared":true,"jetpack_social_options":{"image_generator_settings":{"template":"highway","default_image_id":0,"font":"","enabled":false},"version":2},"_wpas_customize_per_network":false},"categories":[405],"tags":[],"class_list":["post-42083","post","type-post","status-publish","format-standard","has-post-thumbnail","hentry","category-actu-france-monde"],"jetpack_publicize_connections":[],"jetpack_featured_media_url":"https:\/\/i0.wp.com\/www.iceagetv.com\/radiosite\/wp-content\/uploads\/2026\/01\/greve-police-municipale-beauvais-oise-960x640-1.jpg?fit=960%2C640&ssl=1","jetpack_sharing_enabled":true,"_links":{"self":[{"href":"https:\/\/www.iceagetv.com\/radiosite\/wp-json\/wp\/v2\/posts\/42083","targetHints":{"allow":["GET"]}}],"collection":[{"href":"https:\/\/www.iceagetv.com\/radiosite\/wp-json\/wp\/v2\/posts"}],"about":[{"href":"https:\/\/www.iceagetv.com\/radiosite\/wp-json\/wp\/v2\/types\/post"}],"author":[{"embeddable":true,"href":"https:\/\/www.iceagetv.com\/radiosite\/wp-json\/wp\/v2\/users\/2"}],"replies":[{"embeddable":true,"href":"https:\/\/www.iceagetv.com\/radiosite\/wp-json\/wp\/v2\/comments?post=42083"}],"version-history":[{"count":1,"href":"https:\/\/www.iceagetv.com\/radiosite\/wp-json\/wp\/v2\/posts\/42083\/revisions"}],"predecessor-version":[{"id":42085,"href":"https:\/\/www.iceagetv.com\/radiosite\/wp-json\/wp\/v2\/posts\/42083\/revisions\/42085"}],"wp:featuredmedia":[{"embeddable":true,"href":"https:\/\/www.iceagetv.com\/radiosite\/wp-json\/wp\/v2\/media\/42084"}],"wp:attachment":[{"href":"https:\/\/www.iceagetv.com\/radiosite\/wp-json\/wp\/v2\/media?parent=42083"}],"wp:term":[{"taxonomy":"category","embeddable":true,"href":"https:\/\/www.iceagetv.com\/radiosite\/wp-json\/wp\/v2\/categories?post=42083"},{"taxonomy":"post_tag","embeddable":true,"href":"https:\/\/www.iceagetv.com\/radiosite\/wp-json\/wp\/v2\/tags?post=42083"}],"curies":[{"name":"wp","href":"https:\/\/api.w.org\/{rel}","templated":true}]}}