{"id":42089,"date":"2026-01-28T17:44:13","date_gmt":"2026-01-28T16:44:13","guid":{"rendered":"https:\/\/www.iceagetv.com\/radiosite\/?p=42089"},"modified":"2026-01-28T17:44:15","modified_gmt":"2026-01-28T16:44:15","slug":"une-francaise-agee-de-35-ans-a-ete-tuee-dans-une-attaque-au-couteau-a-luxembourg-ville-dont-lauteur-presume-age-de-27-ans-a-ete-interpelle-a-confirme-le-parquet-du-grand-duche","status":"publish","type":"post","link":"https:\/\/www.iceagetv.com\/radiosite\/une-francaise-agee-de-35-ans-a-ete-tuee-dans-une-attaque-au-couteau-a-luxembourg-ville-dont-lauteur-presume-age-de-27-ans-a-ete-interpelle-a-confirme-le-parquet-du-grand-duche\/","title":{"rendered":"Une Fran\u00e7aise, \u00e2g\u00e9e de 35 ans, a \u00e9t\u00e9 tu\u00e9e dans une attaque au couteau \u00e0 Luxembourg-ville; dont l&rsquo;auteur pr\u00e9sum\u00e9, \u00e2g\u00e9 de 27 ans a \u00e9t\u00e9 interpell\u00e9, a confirm\u00e9 le parquet du Grand-Duch\u00e9"},"content":{"rendered":"\n<p class=\"\">Une Fran\u00e7aise, \u00e2g\u00e9e de 35 ans, a \u00e9t\u00e9 tu\u00e9e dans une attaque au couteau au Luxembourg dont l&rsquo;auteur pr\u00e9sum\u00e9, \u00e2g\u00e9 de 27 ans, a \u00e9t\u00e9 interpell\u00e9, a confirm\u00e9&nbsp; le parquet du Grand-Duch\u00e9. Les faits se sont produits mardi en d\u00e9but d&rsquo;apr\u00e8s-midi \u00e0 Limpertsberg, un des districts de la capitale Luxembourg-Ville. couteau a gravement bless\u00e9 deux femmes, une Fran\u00e7aise et une Luxembourgeoise \u00e2g\u00e9e de 36 ans, avant de prendre la fuite.<\/p>\n\n\n\n<p class=\"\">\u00abElles ont \u00e9t\u00e9 gri\u00e8vement bless\u00e9es, l&rsquo;une d&rsquo;elles succombant peu apr\u00e8s \u00e0 ses blessures\u00bb, tandis que l&rsquo;autre a \u00e9t\u00e9 transport\u00e9e \u00e0 l&rsquo;h\u00f4pital dans un \u00e9tat grave, a soulign\u00e9 dans un communiqu\u00e9 la police grand-ducale.<\/p>\n\n\n\n<p class=\"\">Dans sa fuite, l&rsquo;agresseur pr\u00e9sum\u00e9 a eu un accident avec sa voiture \u00e0 Limpertsberg, il a poursuivi sa route, mais a pu \u00eatre localis\u00e9 et interpell\u00e9 par la police dans un autre secteur au nord de la capitale.<\/p>\n\n\n\n<p class=\"\">Mercredi apr\u00e8s-midi son interrogatoire \u00e9tait toujours en cours et ses motivations restaient inconnues. Aucun lien familial n&rsquo;existe entre cet homme, qui ne r\u00e9side pas au Luxembourg, et ses deux victimes, selon le parquet.<\/p>\n\n\n\n<p class=\"\">Dans le cadre de l&rsquo;enqu\u00eate, il a pu \u00eatre \u00e9tabli qu&rsquo;aucune autre personne n&rsquo;\u00e9tait impliqu\u00e9e dans les faits, a-t-il ajout\u00e9.<\/p>\n","protected":false},"excerpt":{"rendered":"<p>Une Fran\u00e7aise, \u00e2g\u00e9e de 35 ans, a \u00e9t\u00e9 tu\u00e9e dans une attaque au couteau au Luxembourg dont l&rsquo;auteur pr\u00e9sum\u00e9, \u00e2g\u00e9 de 27 ans, a \u00e9t\u00e9 interpell\u00e9, a confirm\u00e9&nbsp; le parquet du Grand-Duch\u00e9. Les faits se sont produits mardi en d\u00e9but d&rsquo;apr\u00e8s-midi \u00e0 Limpertsberg, un des districts de la capitale Luxembourg-Ville. couteau a gravement bless\u00e9 deux [&hellip;]<\/p>\n","protected":false},"author":2,"featured_media":42090,"comment_status":"open","ping_status":"open","sticky":false,"template":"","format":"standard","meta":{"_jetpack_memberships_contains_paid_content":false,"footnotes":"","jetpack_publicize_message":"","jetpack_publicize_feature_enabled":true,"jetpack_social_post_already_shared":true,"jetpack_social_options":{"image_generator_settings":{"template":"highway","default_image_id":0,"font":"","enabled":false},"version":2},"_wpas_customize_per_network":false},"categories":[405],"tags":[],"class_list":["post-42089","post","type-post","status-publish","format-standard","has-post-thumbnail","hentry","category-actu-france-monde"],"jetpack_publicize_connections":[],"jetpack_featured_media_url":"https:\/\/i0.wp.com\/www.iceagetv.com\/radiosite\/wp-content\/uploads\/2026\/01\/Db5amJCf.jpg?fit=679%2C293&ssl=1","jetpack_sharing_enabled":true,"_links":{"self":[{"href":"https:\/\/www.iceagetv.com\/radiosite\/wp-json\/wp\/v2\/posts\/42089","targetHints":{"allow":["GET"]}}],"collection":[{"href":"https:\/\/www.iceagetv.com\/radiosite\/wp-json\/wp\/v2\/posts"}],"about":[{"href":"https:\/\/www.iceagetv.com\/radiosite\/wp-json\/wp\/v2\/types\/post"}],"author":[{"embeddable":true,"href":"https:\/\/www.iceagetv.com\/radiosite\/wp-json\/wp\/v2\/users\/2"}],"replies":[{"embeddable":true,"href":"https:\/\/www.iceagetv.com\/radiosite\/wp-json\/wp\/v2\/comments?post=42089"}],"version-history":[{"count":1,"href":"https:\/\/www.iceagetv.com\/radiosite\/wp-json\/wp\/v2\/posts\/42089\/revisions"}],"predecessor-version":[{"id":42091,"href":"https:\/\/www.iceagetv.com\/radiosite\/wp-json\/wp\/v2\/posts\/42089\/revisions\/42091"}],"wp:featuredmedia":[{"embeddable":true,"href":"https:\/\/www.iceagetv.com\/radiosite\/wp-json\/wp\/v2\/media\/42090"}],"wp:attachment":[{"href":"https:\/\/www.iceagetv.com\/radiosite\/wp-json\/wp\/v2\/media?parent=42089"}],"wp:term":[{"taxonomy":"category","embeddable":true,"href":"https:\/\/www.iceagetv.com\/radiosite\/wp-json\/wp\/v2\/categories?post=42089"},{"taxonomy":"post_tag","embeddable":true,"href":"https:\/\/www.iceagetv.com\/radiosite\/wp-json\/wp\/v2\/tags?post=42089"}],"curies":[{"name":"wp","href":"https:\/\/api.w.org\/{rel}","templated":true}]}}