{"id":42096,"date":"2026-01-29T13:03:07","date_gmt":"2026-01-29T12:03:07","guid":{"rendered":"https:\/\/www.iceagetv.com\/radiosite\/?p=42096"},"modified":"2026-01-29T13:03:09","modified_gmt":"2026-01-29T12:03:09","slug":"adolescente-de-15-ans-sequestree-et-torturee-pres-de-lyon-cinq-suspects-dont-quatre-mineurs-ont-ete-mis-en-examen-et-places-en-detention-provisoire","status":"publish","type":"post","link":"https:\/\/www.iceagetv.com\/radiosite\/adolescente-de-15-ans-sequestree-et-torturee-pres-de-lyon-cinq-suspects-dont-quatre-mineurs-ont-ete-mis-en-examen-et-places-en-detention-provisoire\/","title":{"rendered":"Adolescente de 15 ans s\u00e9questr\u00e9e et tortur\u00e9e pr\u00e8s de Lyon: Cinq suspects, dont quatre mineurs, ont \u00e9t\u00e9 mis en examen et plac\u00e9s en d\u00e9tention provisoire"},"content":{"rendered":"\n<p class=\"\">Les cinq suspects soup\u00e7onn\u00e9s d&rsquo;avoir s\u00e9questr\u00e9 et tortur\u00e9 une adolescente de 15 ans \u00e0 Oullins (Rh\u00f4ne), dans la nuit de dimanche \u00e0 lundi, ont \u00e9t\u00e9 mis en examen, annonce ce matin le parquet de Lyon.<\/p>\n\n\n\n<p class=\"\">Les quatre mineurs ont \u00e9t\u00e9 mis en examen des chefs d&rsquo;arrestation, enl\u00e8vement, s\u00e9questration ou d\u00e9tention arbitraire avec torture ou acte de barbarie et extorsion avec arme et plac\u00e9s en d\u00e9tention provisoire.<\/p>\n\n\n\n<p class=\"\">Le majeur a quant \u00e0 lui \u00e9t\u00e9 mis en examen des chefs de complicit\u00e9 d&rsquo;arrestation, enl\u00e8vement, s\u00e9questration ou d\u00e9tention arbitraire avec torture ou acte de barbarie et de recel de bien provenant d&rsquo;un crime ou d&rsquo;un d\u00e9lit et plac\u00e9 sous contr\u00f4le judiciaire.<\/p>\n\n\n\n<p class=\"\">La jeune fille, plac\u00e9e dans un foyer d\u2019Annecy, avait accompagn\u00e9 son ex-petit ami de 17 ans jusqu\u2019\u00e0 Oullins-Pierre-B\u00e9nite, dans le Rh\u00f4ne, avant d\u2019y \u00eatre violemment prise \u00e0 partie par le gar\u00e7on et trois de ses amies mineures, qui lui ont inflig\u00e9 d\u2019\u00ab&nbsp;horribles s\u00e9vices&nbsp;\u00bb, a expliqu\u00e9 \u00e0 l\u2019AFP une de ces sources confirmant une information r\u00e9v\u00e9l\u00e9e par le quotidien Le Progr\u00e8s.<\/p>\n\n\n\n<p class=\"\">L\u2019ex-copain \u00e9tait venu la chercher dimanche dans son foyer d\u2019Annecy, en compagnie d\u2019autres personnes. A Oullins, l\u2019adolescente a \u00e9t\u00e9 emmen\u00e9e dans un appartement, avec trois filles de 14 \u00e0 17 ans, dont la nouvelle petite amie du gar\u00e7on.<\/p>\n\n\n\n<p class=\"\">La jeune victime a alors \u00ab&nbsp;subi un premier v\u00e9ritable d\u00e9cha\u00eenement de violences&nbsp;\u00bb, notamment de la part des filles, et a \u00e9t\u00e9 emmen\u00e9e dans un sous-sol, selon la m\u00eame source.<\/p>\n\n\n\n<p class=\"\">L\u00e0, l\u2019une des adolescentes lui a plant\u00e9 un couteau dans la cuisse, une autre a asperg\u00e9 son corps du contenu d\u2019un extincteur, la br\u00fblant gravement, avant que le groupe ne la d\u00e9shabille et lui entaille le dos \u00e0 de multiples endroits.<\/p>\n\n\n\n<p class=\"\">Elle a r\u00e9ussi \u00e0 s\u2019\u00e9chapper et a \u00e9t\u00e9 trouv\u00e9e par des passants lundi \u00e0 l\u2019aube, errant ensanglant\u00e9e dans une rue d\u2019Oullins \u00e0 l\u2019aube. Les pompiers l\u2019ont imm\u00e9diatement prise en charge.<\/p>\n\n\n\n<p class=\"\">Les policiers ont r\u00e9ussi rapidement \u00e0 retrouver lundi matin deux des agresseuses dans le logement o\u00f9 l\u2019adolescente avait \u00e9t\u00e9 emmen\u00e9e et ont interpell\u00e9 dans la soir\u00e9e les deux autres mineurs, dont le gar\u00e7on, \u00e0 Villefranche-sur-Sa\u00f4ne, au nord de Lyon.<\/p>\n\n\n\n<p class=\"\">Un jeune adulte, qui avait conduit la voiture depuis Annecy, a \u00e9galement \u00e9t\u00e9 arr\u00eat\u00e9 mais n\u2019est pas impliqu\u00e9 au m\u00eame degr\u00e9 que les mineurs, selon la source proche de l\u2019enqu\u00eate.<\/p>\n","protected":false},"excerpt":{"rendered":"<p>Les cinq suspects soup\u00e7onn\u00e9s d&rsquo;avoir s\u00e9questr\u00e9 et tortur\u00e9 une adolescente de 15 ans \u00e0 Oullins (Rh\u00f4ne), dans la nuit de dimanche \u00e0 lundi, ont \u00e9t\u00e9 mis en examen, annonce ce matin le parquet de Lyon. Les quatre mineurs ont \u00e9t\u00e9 mis en examen des chefs d&rsquo;arrestation, enl\u00e8vement, s\u00e9questration ou d\u00e9tention arbitraire avec torture ou acte [&hellip;]<\/p>\n","protected":false},"author":2,"featured_media":42097,"comment_status":"open","ping_status":"open","sticky":false,"template":"","format":"standard","meta":{"_jetpack_memberships_contains_paid_content":false,"footnotes":"","jetpack_publicize_message":"","jetpack_publicize_feature_enabled":true,"jetpack_social_post_already_shared":true,"jetpack_social_options":{"image_generator_settings":{"template":"highway","default_image_id":0,"font":"","enabled":false},"version":2},"_wpas_customize_per_network":false},"categories":[405],"tags":[],"class_list":["post-42096","post","type-post","status-publish","format-standard","has-post-thumbnail","hentry","category-actu-france-monde"],"jetpack_publicize_connections":[],"jetpack_featured_media_url":"https:\/\/i0.wp.com\/www.iceagetv.com\/radiosite\/wp-content\/uploads\/2026\/01\/XUTCNbwr.jpg?fit=679%2C293&ssl=1","jetpack_sharing_enabled":true,"_links":{"self":[{"href":"https:\/\/www.iceagetv.com\/radiosite\/wp-json\/wp\/v2\/posts\/42096","targetHints":{"allow":["GET"]}}],"collection":[{"href":"https:\/\/www.iceagetv.com\/radiosite\/wp-json\/wp\/v2\/posts"}],"about":[{"href":"https:\/\/www.iceagetv.com\/radiosite\/wp-json\/wp\/v2\/types\/post"}],"author":[{"embeddable":true,"href":"https:\/\/www.iceagetv.com\/radiosite\/wp-json\/wp\/v2\/users\/2"}],"replies":[{"embeddable":true,"href":"https:\/\/www.iceagetv.com\/radiosite\/wp-json\/wp\/v2\/comments?post=42096"}],"version-history":[{"count":1,"href":"https:\/\/www.iceagetv.com\/radiosite\/wp-json\/wp\/v2\/posts\/42096\/revisions"}],"predecessor-version":[{"id":42098,"href":"https:\/\/www.iceagetv.com\/radiosite\/wp-json\/wp\/v2\/posts\/42096\/revisions\/42098"}],"wp:featuredmedia":[{"embeddable":true,"href":"https:\/\/www.iceagetv.com\/radiosite\/wp-json\/wp\/v2\/media\/42097"}],"wp:attachment":[{"href":"https:\/\/www.iceagetv.com\/radiosite\/wp-json\/wp\/v2\/media?parent=42096"}],"wp:term":[{"taxonomy":"category","embeddable":true,"href":"https:\/\/www.iceagetv.com\/radiosite\/wp-json\/wp\/v2\/categories?post=42096"},{"taxonomy":"post_tag","embeddable":true,"href":"https:\/\/www.iceagetv.com\/radiosite\/wp-json\/wp\/v2\/tags?post=42096"}],"curies":[{"name":"wp","href":"https:\/\/api.w.org\/{rel}","templated":true}]}}