{"id":42105,"date":"2026-01-29T18:10:03","date_gmt":"2026-01-29T17:10:03","guid":{"rendered":"https:\/\/www.iceagetv.com\/radiosite\/?p=42105"},"modified":"2026-01-29T18:10:05","modified_gmt":"2026-01-29T17:10:05","slug":"le-nombre-de-chomeurs-de-categorie-a-en-nette-hausse-de-26-au-4e-trimestre-et-de-68-sur-un-an-annonce-le-ministere-du-travail","status":"publish","type":"post","link":"https:\/\/www.iceagetv.com\/radiosite\/le-nombre-de-chomeurs-de-categorie-a-en-nette-hausse-de-26-au-4e-trimestre-et-de-68-sur-un-an-annonce-le-ministere-du-travail\/","title":{"rendered":"Le nombre de ch\u00f4meurs de cat\u00e9gorie\u00a0A en nette hausse de 2,6% au 4e trimestre, et de 6,8% sur un an, annonce le minist\u00e8re du Travail"},"content":{"rendered":"\n<p class=\"\">La Dares, qui a publi\u00e9 ses chiffres trimestriels jeudi, d\u00e9nombre 3\u00a0347\u00a0700\u00a0personnes en recherche d&#8217;emploi et sans aucune activit\u00e9.C&rsquo;est une nouvelle hausse.&nbsp;<a href=\"https:\/\/www.franceinfo.fr\/economie\/emploi\/chomage\/chomage-le-nombre-de-demandeurs-d-emploi-en-categorie-a-est-en-hausse-de-1-6-au-3e-trimestre-selon-le-ministere-du-travail_7580450.html\">Le nombre de demandeurs d&#8217;emploi<\/a>&nbsp;inscrits \u00e0 France Travail en cat\u00e9gorie A (aucune activit\u00e9) a augment\u00e9 de 2,6% au quatri\u00e8me trimestre 2025 par rapport au troisi\u00e8me, a rapport\u00e9 le minist\u00e8re du Travail jeudi 29 janvier. La hausse pour cette m\u00eame cat\u00e9gorie est de 6,8% sur un an. Le minist\u00e8re d\u00e9nombre au total 3&nbsp;347&nbsp;700 personnes en recherche d&#8217;emploi en cat\u00e9gorie A. Pour l&rsquo;ensemble des cat\u00e9gories A, B, C, D et E, il recense 6&nbsp;489&nbsp;100 personnes inscrites.<\/p>\n\n\n\n<p class=\"\">Ces chiffres du D\u00e9partement des \u00e9tudes et des statistiques (Dares) du minist\u00e8re tiennent compte de l&rsquo;inscription, depuis d\u00e9but 2025, de tous les allocataires du RSA et des jeunes en parcours d&rsquo;insertion \u00e0 France Travail, ainsi que d&rsquo;<a href=\"https:\/\/www.franceinfo.fr\/economie\/emploi\/chomage\/controle-des-chomeurs\/controle-des-chomeurs-le-nouveau-dispositif-de-sanctions-des-demandeurs-d-emploi-a-ete-publie-au-journal-officiel_7283700.html\">un nouveau r\u00e9gime de sanctions entr\u00e9 en vigueur le 1er juin dernier<\/a>. Sans ces modifications, qui tirent les chiffres vers le haut, l&rsquo;augmentation du nombre de ch\u00f4meurs aurait \u00e9t\u00e9 limit\u00e9e \u00e0 2% sur le quatri\u00e8me trimestre et \u00e0 1,7% sur l&rsquo;ann\u00e9e. Le nombre de demandeurs d&#8217;emploi inscrits \u00e0 France Travail en cat\u00e9gorie A avait d\u00e9j\u00e0 augment\u00e9 de 1,6% au troisi\u00e8me trimestre 2025 par rapport au deuxi\u00e8me, et de 7,6% sur un an, toujours&nbsp;<a href=\"https:\/\/www.franceinfo.fr\/economie\/emploi\/chomage\/chomage-le-nombre-de-demandeurs-d-emploi-en-categorie-a-est-en-hausse-de-1-6-au-3e-trimestre-selon-le-ministere-du-travail_7580450.html\">selon les chiffres de la Dares<\/a>.<\/p>\n\n\n\n<p class=\"\"><em>\u00ab\u00a0En 2025, des changements de r\u00e8gles administratives ont \u00e9t\u00e9 effectu\u00e9es, causant la r\u00e9duction des radiations automatiques (parall\u00e8lement \u00e0 une hausse soutenue du nombre de contr\u00f4les), et l&rsquo;\u00e9largissement du p\u00e9rim\u00e8tre des personnes inscrites\u00a0\u00bb<\/em>, a comment\u00e9 le ministre du Travail, Jean-Pierre Farondou sur&nbsp;<a href=\"https:\/\/x.com\/JPFarandou\/status\/2016859836231643579?s=20\" target=\"_blank\" rel=\"noreferrer noopener\">X(Nouvelle fen\u00eatre)<\/a>.&nbsp;<em>\u00ab\u00a0Sans ces modifications, les estimations indiquent un ralentissement mod\u00e9r\u00e9 du march\u00e9 du travail, sans rupture brutale, avec une&nbsp;<\/em>[hausse]<em>&nbsp;de 1,7% sur un an pour les cat\u00e9gories A. Le taux d&#8217;emploi se maintient \u00e0 un niveau historiquement \u00e9lev\u00e9\u00a0\u00bb<\/em>,<em>&nbsp;<\/em>a-t-il tenu \u00e0 ajouter, avant de conclure&nbsp;:&nbsp;<em>\u00ab\u00a0Le gouvernement reste pleinement mobilis\u00e9.\u00a0\u00bb<\/em><\/p>\n","protected":false},"excerpt":{"rendered":"<p>La Dares, qui a publi\u00e9 ses chiffres trimestriels jeudi, d\u00e9nombre 3\u00a0347\u00a0700\u00a0personnes en recherche d&#8217;emploi et sans aucune activit\u00e9.C&rsquo;est une nouvelle hausse.&nbsp;Le nombre de demandeurs d&#8217;emploi&nbsp;inscrits \u00e0 France Travail en cat\u00e9gorie A (aucune activit\u00e9) a augment\u00e9 de 2,6% au quatri\u00e8me trimestre 2025 par rapport au troisi\u00e8me, a rapport\u00e9 le minist\u00e8re du Travail jeudi 29 janvier. La [&hellip;]<\/p>\n","protected":false},"author":2,"featured_media":42106,"comment_status":"open","ping_status":"open","sticky":false,"template":"","format":"standard","meta":{"_jetpack_memberships_contains_paid_content":false,"footnotes":"","jetpack_publicize_message":"","jetpack_publicize_feature_enabled":true,"jetpack_social_post_already_shared":true,"jetpack_social_options":{"image_generator_settings":{"template":"highway","default_image_id":0,"font":"","enabled":false},"version":2},"_wpas_customize_per_network":false},"categories":[405],"tags":[],"class_list":["post-42105","post","type-post","status-publish","format-standard","has-post-thumbnail","hentry","category-actu-france-monde"],"jetpack_publicize_connections":[],"jetpack_featured_media_url":"https:\/\/i0.wp.com\/www.iceagetv.com\/radiosite\/wp-content\/uploads\/2026\/01\/Le-nombre-de-chomeurs-de-categorie-A.jpg?fit=808%2C455&ssl=1","jetpack_sharing_enabled":true,"_links":{"self":[{"href":"https:\/\/www.iceagetv.com\/radiosite\/wp-json\/wp\/v2\/posts\/42105","targetHints":{"allow":["GET"]}}],"collection":[{"href":"https:\/\/www.iceagetv.com\/radiosite\/wp-json\/wp\/v2\/posts"}],"about":[{"href":"https:\/\/www.iceagetv.com\/radiosite\/wp-json\/wp\/v2\/types\/post"}],"author":[{"embeddable":true,"href":"https:\/\/www.iceagetv.com\/radiosite\/wp-json\/wp\/v2\/users\/2"}],"replies":[{"embeddable":true,"href":"https:\/\/www.iceagetv.com\/radiosite\/wp-json\/wp\/v2\/comments?post=42105"}],"version-history":[{"count":1,"href":"https:\/\/www.iceagetv.com\/radiosite\/wp-json\/wp\/v2\/posts\/42105\/revisions"}],"predecessor-version":[{"id":42107,"href":"https:\/\/www.iceagetv.com\/radiosite\/wp-json\/wp\/v2\/posts\/42105\/revisions\/42107"}],"wp:featuredmedia":[{"embeddable":true,"href":"https:\/\/www.iceagetv.com\/radiosite\/wp-json\/wp\/v2\/media\/42106"}],"wp:attachment":[{"href":"https:\/\/www.iceagetv.com\/radiosite\/wp-json\/wp\/v2\/media?parent=42105"}],"wp:term":[{"taxonomy":"category","embeddable":true,"href":"https:\/\/www.iceagetv.com\/radiosite\/wp-json\/wp\/v2\/categories?post=42105"},{"taxonomy":"post_tag","embeddable":true,"href":"https:\/\/www.iceagetv.com\/radiosite\/wp-json\/wp\/v2\/tags?post=42105"}],"curies":[{"name":"wp","href":"https:\/\/api.w.org\/{rel}","templated":true}]}}