{"id":42126,"date":"2026-01-30T11:23:03","date_gmt":"2026-01-30T10:23:03","guid":{"rendered":"https:\/\/www.iceagetv.com\/radiosite\/?p=42126"},"modified":"2026-01-30T11:23:05","modified_gmt":"2026-01-30T10:23:05","slug":"inondations-la-vigilance-orange-aux-crues-levee-dans-le-morbihan-et-lille-et-vilaine-la-situation-sameliore-mais-reste-sous-surveillance","status":"publish","type":"post","link":"https:\/\/www.iceagetv.com\/radiosite\/inondations-la-vigilance-orange-aux-crues-levee-dans-le-morbihan-et-lille-et-vilaine-la-situation-sameliore-mais-reste-sous-surveillance\/","title":{"rendered":"Inondations. La vigilance orange aux crues lev\u00e9e dans le Morbihan et l&rsquo;Ille-et-Vilaine, la situation s&rsquo;am\u00e9liore mais reste sous surveillance"},"content":{"rendered":"\n<p class=\"\"><strong>Apr\u00e8s plusieurs jours pass\u00e9s en vigilance orange, le Morbihan et l&rsquo;Ille-et-Vilaine sont plac\u00e9s en vigilance jaune aux crues ce vendredi 30 janvier 2026. Pour autant, des pluies et des averses orageuses sont annonc\u00e9es pour une partie de la journ\u00e9e sur le sud Bretagne. La surveillance des cours d&rsquo;eau reste maximale.<\/strong>Si la vigilance aux crues est repass\u00e9e au jaune dans le Morbihan et l&rsquo;Ille-et-Vilaine, c&rsquo;est parce que l&rsquo;Oust et La Vilaine aval sont \u00e0 la baisse, indique le site Vigiecrues.En Bretagne, l&rsquo;Odet, la La\u00efta, le Blavet et la Vilaine m\u00e9diane reste en vigilance jaune ce vendredi matin.Des cours d&rsquo;eau qui baissent \u00e0 Redon<\/p>\n\n\n\n<p class=\"\">L&rsquo;inqui\u00e9tude de ces derniers jours portait entre autres sur Redon en Ille-et-Vilaine, la ville \u00e9tant situ\u00e9e \u00e0 la confluence de l&rsquo;Oust et de la Vilaine aval, les deux rivi\u00e8res \u00e9tant en vigilance orange jusqu&rsquo;\u00e0 ce vendredi matin. Redon, o\u00f9 il pleut faiblement \u00e0 8h selon une de nos \u00e9quipes sur place.\u00c0 Redon, \u00e0 l&rsquo;\u00e9cluse d&rsquo;Oust, les niveaux ont baiss\u00e9 de plus de 20 cm. Ils \u00e9taient de 4,80 m ce jeudi 29 janvier \u00e0 7h pour se situer \u00e0 4,56 m ce vendredi \u00e0 7h. Et les pr\u00e9visions annoncent une baisse de plus de 30 cm d&rsquo;ici ce samedi matin o\u00f9 sont pr\u00e9vus des niveaux de 4,22 m.Sur le point d&rsquo;observation d&rsquo;Avessac sur la Vilaine aval, \u00e0 quelques kilom\u00e8tres de Redon, la situation est quasi stable depuis deux jours, aux alentours de 4,25 m et devrait rester \u00e0 ce niveau ce samedi.<\/p>\n\n\n\n<p class=\"\">\u00c0 Malestroit dans le Morbihan, ville qui a \u00e9t\u00e9 bien impact\u00e9e par la mont\u00e9e des eaux de l&rsquo;Oust ces derniers jours, alors que l&rsquo;eau a atteint 3,44 m ce jeudi 28 janvier en d\u00e9but d&rsquo;apr\u00e8s-midi, elle est \u00e0 2,23 m ce vendredi matin.Un r\u00e9pit avant une nouvelle mont\u00e9e des eaux ?<\/p>\n\n\n\n<p class=\"\">Ce vendredi matin, un employ\u00e9 de la ville se voulait tr\u00e8s rassurant aupr\u00e8s de notre \u00e9quipe. Selon lui, qui suit l&rsquo;\u00e9volution de la situation, personne de plus ne devrait \u00eatre impact\u00e9e par des inondations ce vendredi mais la situation est \u00e0 surveiller pour les jours \u00e0 venir.Une nouvelle vague pluvieuse aborde en effet l\u2019ouest de la France ce vendredi. Selon Vigicrues, ces pluies risquent de<em>&nbsp;\u00ab\u00a0ralentir les d\u00e9crues\u00a0\u00bb<\/em><strong>&nbsp;<\/strong>voire de&nbsp;<em>\u00ab\u00a0les r\u00e9activer\u00a0\u00bb.<\/em><strong>&nbsp;<\/strong>Les sols sur l\u2019ensemble de la r\u00e9gion sont satur\u00e9s et n&rsquo;absorbent plus de nouvelles pluies. Les pluies aujourd&rsquo;hui feront repartir certains cours d&rsquo;eau \u00e0 la hausse. Ainsi,&nbsp;<em>\u00ab\u00a0la propagation vers Redon des pluies d&rsquo;aujourd&rsquo;hui devrait avoir lieu demain. Le niveau demeurera inf\u00e9rieur au niveau atteint hier\u00a0\u00bb<\/em>&nbsp;pr\u00e9cise Vigicrues. Heureusement, les coefficients de mar\u00e9e restent faibles (58 ce vendredi matin et 65 cet apr\u00e8s-midi).<\/p>\n\n\n\n<p class=\"\">Ce vendredi, M\u00e9t\u00e9o France annonce des vents forts avec des rafales pouvant atteindre les 100 km\/h sur le littoral breton dans l&rsquo;apr\u00e8s-midi.<\/p>\n\n\n\n<p class=\"\">France 3 Bretagne vous propose dans ses \u00e9ditions<a href=\"https:\/\/france3-regions.franceinfo.fr\/bretagne\/programmes\" target=\"_blank\" rel=\"noreferrer noopener\">&nbsp;ICI Bretagne 12\/13 et ICI Bretagne 19\/20<\/a>&nbsp;des \u00e9ditions sp\u00e9ciales sur cet \u00e9pisode de crues qui touchent la Bretagne depuis plusieurs jours. Nous serons en direct de Redon pour faire le point et d\u00e9crypter ce ph\u00e9nom\u00e8ne de crues et inondations.<\/p>\n","protected":false},"excerpt":{"rendered":"<p>Apr\u00e8s plusieurs jours pass\u00e9s en vigilance orange, le Morbihan et l&rsquo;Ille-et-Vilaine sont plac\u00e9s en vigilance jaune aux crues ce vendredi 30 janvier 2026. Pour autant, des pluies et des averses orageuses sont annonc\u00e9es pour une partie de la journ\u00e9e sur le sud Bretagne. La surveillance des cours d&rsquo;eau reste maximale.Si la vigilance aux crues est [&hellip;]<\/p>\n","protected":false},"author":2,"featured_media":42127,"comment_status":"open","ping_status":"open","sticky":false,"template":"","format":"standard","meta":{"_jetpack_memberships_contains_paid_content":false,"footnotes":"","jetpack_publicize_message":"","jetpack_publicize_feature_enabled":true,"jetpack_social_post_already_shared":true,"jetpack_social_options":{"image_generator_settings":{"template":"highway","default_image_id":0,"font":"","enabled":false},"version":2},"_wpas_customize_per_network":false},"categories":[14],"tags":[],"class_list":["post-42126","post","type-post","status-publish","format-standard","has-post-thumbnail","hentry","category-actu-meteo"],"jetpack_publicize_connections":[],"jetpack_featured_media_url":"https:\/\/i0.wp.com\/www.iceagetv.com\/radiosite\/wp-content\/uploads\/2026\/01\/whatsapp-image-2026-01-30-at-08-57-45-697c67619501f244477872.jpg?fit=1600%2C1200&ssl=1","jetpack_sharing_enabled":true,"_links":{"self":[{"href":"https:\/\/www.iceagetv.com\/radiosite\/wp-json\/wp\/v2\/posts\/42126","targetHints":{"allow":["GET"]}}],"collection":[{"href":"https:\/\/www.iceagetv.com\/radiosite\/wp-json\/wp\/v2\/posts"}],"about":[{"href":"https:\/\/www.iceagetv.com\/radiosite\/wp-json\/wp\/v2\/types\/post"}],"author":[{"embeddable":true,"href":"https:\/\/www.iceagetv.com\/radiosite\/wp-json\/wp\/v2\/users\/2"}],"replies":[{"embeddable":true,"href":"https:\/\/www.iceagetv.com\/radiosite\/wp-json\/wp\/v2\/comments?post=42126"}],"version-history":[{"count":1,"href":"https:\/\/www.iceagetv.com\/radiosite\/wp-json\/wp\/v2\/posts\/42126\/revisions"}],"predecessor-version":[{"id":42128,"href":"https:\/\/www.iceagetv.com\/radiosite\/wp-json\/wp\/v2\/posts\/42126\/revisions\/42128"}],"wp:featuredmedia":[{"embeddable":true,"href":"https:\/\/www.iceagetv.com\/radiosite\/wp-json\/wp\/v2\/media\/42127"}],"wp:attachment":[{"href":"https:\/\/www.iceagetv.com\/radiosite\/wp-json\/wp\/v2\/media?parent=42126"}],"wp:term":[{"taxonomy":"category","embeddable":true,"href":"https:\/\/www.iceagetv.com\/radiosite\/wp-json\/wp\/v2\/categories?post=42126"},{"taxonomy":"post_tag","embeddable":true,"href":"https:\/\/www.iceagetv.com\/radiosite\/wp-json\/wp\/v2\/tags?post=42126"}],"curies":[{"name":"wp","href":"https:\/\/api.w.org\/{rel}","templated":true}]}}