{"id":42137,"date":"2026-01-30T17:18:24","date_gmt":"2026-01-30T16:18:24","guid":{"rendered":"https:\/\/www.iceagetv.com\/radiosite\/?p=42137"},"modified":"2026-01-30T17:18:27","modified_gmt":"2026-01-30T16:18:27","slug":"plus-de-700-postes-finalement-conserves-a-la-rentree-on-vous-explique-pourquoi-le-ministere-de-leducation-nationale-a-revu-sa-copie","status":"publish","type":"post","link":"https:\/\/www.iceagetv.com\/radiosite\/plus-de-700-postes-finalement-conserves-a-la-rentree-on-vous-explique-pourquoi-le-ministere-de-leducation-nationale-a-revu-sa-copie\/","title":{"rendered":"Plus de 700\u00a0postes finalement conserv\u00e9s \u00e0 la rentr\u00e9e\u00a0: on vous explique pourquoi le minist\u00e8re de l&rsquo;Education nationale a revu sa copie"},"content":{"rendered":"\n<p class=\"\">Le minist\u00e8re a finalement revu la r\u00e9partition de ses effectifs pour l&rsquo;ann\u00e9e scolaire prochaine, apr\u00e8s une premi\u00e8re communication pr\u00e9voyant 4\u00a0000\u00a0enseignants en moins.Un r\u00e9trop\u00e9dalage&nbsp;? D\u00e9voilant la r\u00e9partition des moyens en professeurs pour l&rsquo;ann\u00e9e scolaire 2026-2027, le minist\u00e8re de l&rsquo;Education nationale avait fait savoir lundi,&nbsp;<a href=\"https:\/\/www.franceinfo.fr\/societe\/education\/sanglant-douche-froide-choc-les-syndicats-enseignants-inquiets-des-suppressions-de-postes-pour-la-rentree-scolaire-2026_7767956.html\">dans un document<\/a>&nbsp;transmis aux syndicats,&nbsp;<a href=\"https:\/\/www.franceinfo.fr\/replay-radio\/le-vrai-du-faux\/le-ministre-de-l-education-nationale-aurait-il-pu-supprimer-8-000-ou-9-000-postes-d-enseignants-en-suivant-l-evolution-demographique_7738093.html\">qu&rsquo;il pr\u00e9voyait de supprimer plus de 4&nbsp;000 postes sur l&rsquo;ensemble des acad\u00e9mies<\/a>&nbsp;\u2013&nbsp;2&nbsp;229 dans le premier degr\u00e9 (les \u00e9coles) et 1&nbsp;803 dans le second degr\u00e9 (les coll\u00e8ges et les lyc\u00e9es). Soit des chiffres sup\u00e9rieurs \u00e0 ceux qui \u00e9taient mentionn\u00e9s dans le projet de loi de finances.<\/p>\n\n\n\n<p class=\"\">Le rabotage sera finalement moindre&nbsp;: un texte amend\u00e9, re\u00e7u par les organisations syndicales mercredi 28&nbsp;janvier, \u00e9voque d\u00e9sormais 1&nbsp;891&nbsp;postes supprim\u00e9s dans le primaire et 1&nbsp;365 dans le secondaire, soit 3&nbsp;256 au total. Par rapport \u00e0 la premi\u00e8re version, 776&nbsp;postes suppl\u00e9mentaires sont donc pr\u00e9serv\u00e9s pour la rentr\u00e9e de septembre, sous r\u00e9serve de l&rsquo;adoption d\u00e9finitive du budget.<\/p>\n\n\n\n<p class=\"\">Dans la foul\u00e9e des premiers chiffres avanc\u00e9s lundi, les syndicats avaient fait part de leur inqui\u00e9tude.&nbsp;<em>\u00ab\u00a0Le minist\u00e8re maintient sa sinistre politique comptable\u00a0\u00bb<\/em>, avait notamment r\u00e9agi la CGT Educ&rsquo;action. Le Parti socialiste,&nbsp;<a href=\"https:\/\/www.franceinfo.fr\/politique\/ps\/la-france-insoumise-essaiera-de-les-faire-payer-le-ps-sort-il-vraiment-gagnant-apres-l-utilisation-du-49-3-sur-le-budget_7758284.html\">qui a choisi de ne pas censurer S\u00e9bastien Lecornu<\/a>, permettant au Premier ministre de faire adopter son budget par le recours au 49.3, avait lui aussi exprim\u00e9 son m\u00e9contentement&nbsp;:&nbsp;<em>\u00ab\u00a0L&rsquo;\u00e9cole publique n&rsquo;est pas une variable d&rsquo;ajustement\u00a0\u00bb<\/em>, pouvait-on lire&nbsp;<a href=\"https:\/\/x.com\/partisocialiste\/status\/2016571902785978670\/photo\/1\" target=\"_blank\" rel=\"noreferrer noopener\">dans un communiqu\u00e9(Nouvelle fen\u00eatre)<\/a>&nbsp;du parti. Comment expliquer, alors, le changement de pied de l&rsquo;Education nationale&nbsp;?<\/p>\n\n\n\n<h2 class=\"wp-block-heading\">Des postes mis en \u00ab\u00a0r\u00e9serve\u00a0\u00bb, du fait d&rsquo;une r\u00e9forme du concours<\/h2>\n\n\n\n<p class=\"\">Selon le minist\u00e8re, contact\u00e9 par franceinfo, les 776&nbsp;postes maintenus sont ceux de professeurs-stagiaires, et ils \u00e9taient en r\u00e9alit\u00e9&nbsp;<em>\u00ab\u00a0mis en r\u00e9serve\u00a0\u00bb<\/em>. Il affirme que la nouvelle communication autour des suppressions de postes n&rsquo;est qu&rsquo;une&nbsp;<em>\u00ab\u00a0clarification\u00a0\u00bb,<\/em>&nbsp;jug\u00e9e n\u00e9cessaire&nbsp;<em>\u00ab\u00a0compte tenu des r\u00e9actions g\u00e9n\u00e9r\u00e9es\u00a0\u00bb&nbsp;<\/em>depuis lundi.&nbsp;<em>\u00ab\u00a0On savait, grosso modo, que ces 776&nbsp;postes allaient se retrouver devant les classes.\u00a0\u00bb<\/em><\/p>\n\n\n\n<p class=\"\">Cette ann\u00e9e, pour la premi\u00e8re fois, en lien avec&nbsp;<a href=\"https:\/\/www.franceinfo.fr\/societe\/education\/ce-que-prevoit-la-reforme-de-la-formation-des-enseignants-presentee-vendredi-par-francois-bayrou-et-elisabeth-borne_7157286.html\">la mise en place progressive de la r\u00e9forme de la formation des professeurs<\/a>, deux concours se chevauchent. Le premier, qui existait d\u00e9j\u00e0 les ann\u00e9es pr\u00e9c\u00e9dentes, concerne les candidats qui passent les tests apr\u00e8s un master, c&rsquo;est-\u00e0-dire cinq ann\u00e9es d&rsquo;\u00e9tudes. Cette formule va dispara\u00eetre en 2028. Le deuxi\u00e8me concours permet d\u00e9sormais \u00e0 des \u00e9tudiants de devenir professeur apr\u00e8s une licence, donc trois ans d&rsquo;\u00e9tudes, ce qui a vocation \u00e0 devenir la r\u00e8gle.<\/p>\n\n\n\n<p class=\"\">D&rsquo;apr\u00e8s l&rsquo;Education nationale, il existait de ce fait une certaine incertitude quant \u00e0 la localisation des dipl\u00f4m\u00e9s sur le territoire, leur nombre exact, et leur r\u00e9partition entre les deux concours qui coexistent. Car tous les laur\u00e9ats ne pourront pas enseigner devant des \u00e9l\u00e8ves d\u00e8s l&rsquo;ann\u00e9e qui suit&nbsp;: ceux ont r\u00e9ussi le concours apr\u00e8s une licence devront d&rsquo;abord suivre une ann\u00e9e de formation compl\u00e8te, tandis que ceux qui l&rsquo;ont pass\u00e9 \u00e0 l&rsquo;issue d&rsquo;un master<strong>&nbsp;<\/strong>pourront enseigner 50% \u00e0 100% du temps de l&rsquo;ann\u00e9e scolaire.<\/p>\n\n\n\n<p class=\"\"><em>\u00ab\u00a0La &lsquo;mise en r\u00e9serve&rsquo; de ces postes \u00e9tait la fa\u00e7on la plus \u00e9vidente de faire sur le plan budg\u00e9taire\u00a0\u00bb<\/em>&nbsp;pour anticiper ces multiples incertitudes tout en pr\u00e9sentant un projet de r\u00e9partition des effectifs, explique le minist\u00e8re.&nbsp;<em>\u00ab\u00a0Nous pensions les ventiler dans les acad\u00e9mies apr\u00e8s les r\u00e9sultats des concours, mais nos services en interne ont fait en sorte de les r\u00e9partir d\u00e8s maintenant.\u00a0\u00bb<\/em><\/p>\n\n\n\n<h2 class=\"wp-block-heading\">Une justification \u00ab\u00a0tardive\u00a0\u00bb aux yeux des syndicats<\/h2>\n\n\n\n<p class=\"\">Aupr\u00e8s de franceinfo, Sophie Venetitay, secr\u00e9taire g\u00e9n\u00e9rale du Snes-FSU, d\u00e9plore une&nbsp;<em>\u00ab\u00a0justification qui arrive de mani\u00e8re tardive\u00a0\u00bb<\/em>. Face \u00e0 cet imbroglio autour des chiffres,&nbsp;<em>\u00ab\u00a0on en a aussi conclu que la r\u00e9forme de la formation des enseignants se faisait dans la pr\u00e9cipitation et la confusion\u00a0\u00bb<\/em>, ajoute-t-elle.<\/p>\n\n\n\n<p class=\"\"><a href=\"https:\/\/snalc.fr\/suppressions-de-postes-les-calculs-sont-pas-bons-edouard\/\" target=\"_blank\" rel=\"noreferrer noopener\">Dans un communiqu\u00e9(Nouvelle fen\u00eatre)<\/a>&nbsp;r\u00e9dig\u00e9 par son pr\u00e9sident Jean-R\u00e9mi Girard, le syndicat du SNALC a d\u00e9nonc\u00e9 de son c\u00f4t\u00e9&nbsp;<em>\u00ab\u00a0l&rsquo;incapacit\u00e9 du minist\u00e8re \u00e0 produire les bons chiffres\u00a0\u00bb<\/em>,<em>&nbsp;<\/em>qui n&rsquo;est selon lui que&nbsp;<em>\u00ab\u00a0la partie \u00e9merg\u00e9e d\u2019un iceberg que le navire &lsquo;Education nationale&rsquo; a d\u00e9j\u00e0 heurt\u00e9\u00a0\u00bb.&nbsp;<\/em>Alors que plusieurs milliers de postes doivent toujours \u00eatre supprim\u00e9s, ce que le minist\u00e8re justifie par la baisse du nombre d&rsquo;\u00e9l\u00e8ves, il estime \u00e9galement que&nbsp;<em>\u00ab\u00a0la d\u00e9mographie a bon dos\u00a0\u00bb<\/em>&nbsp;et rappelle que&nbsp;<em>\u00ab\u00a0la France<\/em><a href=\"https:\/\/www.franceinfo.fr\/replay-radio\/le-vrai-du-faux\/vrai-ou-faux-la-france-detient-elle-le-record-des-classes-les-plus-chargees-en-europe_6396268.html\"><em>&nbsp;a les classes parmi les plus charg\u00e9es d&rsquo;Europe<\/em><\/a><em>\u00ab\u00a0.<\/em><\/p>\n","protected":false},"excerpt":{"rendered":"<p>Le minist\u00e8re a finalement revu la r\u00e9partition de ses effectifs pour l&rsquo;ann\u00e9e scolaire prochaine, apr\u00e8s une premi\u00e8re communication pr\u00e9voyant 4\u00a0000\u00a0enseignants en moins.Un r\u00e9trop\u00e9dalage&nbsp;? D\u00e9voilant la r\u00e9partition des moyens en professeurs pour l&rsquo;ann\u00e9e scolaire 2026-2027, le minist\u00e8re de l&rsquo;Education nationale avait fait savoir lundi,&nbsp;dans un document&nbsp;transmis aux syndicats,&nbsp;qu&rsquo;il pr\u00e9voyait de supprimer plus de 4&nbsp;000 postes sur [&hellip;]<\/p>\n","protected":false},"author":2,"featured_media":42138,"comment_status":"open","ping_status":"open","sticky":false,"template":"","format":"standard","meta":{"_jetpack_memberships_contains_paid_content":false,"footnotes":"","jetpack_publicize_message":"","jetpack_publicize_feature_enabled":true,"jetpack_social_post_already_shared":true,"jetpack_social_options":{"image_generator_settings":{"template":"highway","default_image_id":0,"font":"","enabled":false},"version":2},"_wpas_customize_per_network":false},"categories":[405],"tags":[],"class_list":["post-42137","post","type-post","status-publish","format-standard","has-post-thumbnail","hentry","category-actu-france-monde"],"jetpack_publicize_connections":[],"jetpack_featured_media_url":"https:\/\/i0.wp.com\/www.iceagetv.com\/radiosite\/wp-content\/uploads\/2026\/01\/Plus-de-700-postes-finalement-conserves-a-la-rentree.jpg?fit=780%2C444&ssl=1","jetpack_sharing_enabled":true,"_links":{"self":[{"href":"https:\/\/www.iceagetv.com\/radiosite\/wp-json\/wp\/v2\/posts\/42137","targetHints":{"allow":["GET"]}}],"collection":[{"href":"https:\/\/www.iceagetv.com\/radiosite\/wp-json\/wp\/v2\/posts"}],"about":[{"href":"https:\/\/www.iceagetv.com\/radiosite\/wp-json\/wp\/v2\/types\/post"}],"author":[{"embeddable":true,"href":"https:\/\/www.iceagetv.com\/radiosite\/wp-json\/wp\/v2\/users\/2"}],"replies":[{"embeddable":true,"href":"https:\/\/www.iceagetv.com\/radiosite\/wp-json\/wp\/v2\/comments?post=42137"}],"version-history":[{"count":1,"href":"https:\/\/www.iceagetv.com\/radiosite\/wp-json\/wp\/v2\/posts\/42137\/revisions"}],"predecessor-version":[{"id":42139,"href":"https:\/\/www.iceagetv.com\/radiosite\/wp-json\/wp\/v2\/posts\/42137\/revisions\/42139"}],"wp:featuredmedia":[{"embeddable":true,"href":"https:\/\/www.iceagetv.com\/radiosite\/wp-json\/wp\/v2\/media\/42138"}],"wp:attachment":[{"href":"https:\/\/www.iceagetv.com\/radiosite\/wp-json\/wp\/v2\/media?parent=42137"}],"wp:term":[{"taxonomy":"category","embeddable":true,"href":"https:\/\/www.iceagetv.com\/radiosite\/wp-json\/wp\/v2\/categories?post=42137"},{"taxonomy":"post_tag","embeddable":true,"href":"https:\/\/www.iceagetv.com\/radiosite\/wp-json\/wp\/v2\/tags?post=42137"}],"curies":[{"name":"wp","href":"https:\/\/api.w.org\/{rel}","templated":true}]}}