{"id":42152,"date":"2026-01-31T13:10:48","date_gmt":"2026-01-31T12:10:48","guid":{"rendered":"https:\/\/www.iceagetv.com\/radiosite\/?p=42152"},"modified":"2026-01-31T13:10:51","modified_gmt":"2026-01-31T12:10:51","slug":"les-policiers-manifestent-partout-en-france-ce-samedi-la-carte-de-tous-les-rassemblements-prevus","status":"publish","type":"post","link":"https:\/\/www.iceagetv.com\/radiosite\/les-policiers-manifestent-partout-en-france-ce-samedi-la-carte-de-tous-les-rassemblements-prevus\/","title":{"rendered":"Les policiers manifestent partout en France ce samedi : la carte de tous les rassemblements pr\u00e9vus"},"content":{"rendered":"\n<p class=\"\">Ce samedi 31 janvier 2026, \u00e0 l&rsquo;appel du syndicat Alliance, les policiers sont appel\u00e9s \u00e0 manifester. Plus d&rsquo;une vingtaine de rassemblements sont pr\u00e9vus.Des manifestations sont organis\u00e9es samedi 31 janvier 2026 dans une vingtaine de villes, dont Paris, pour alerter<strong>\u00a0sur \u00ab\u00a0une police nationale en danger\u00a0\u00bb,<\/strong>\u00a0faute de \u00ab\u00a0moyens corrects\u00a0\u00bb, selon le syndicat majoritaire Alliance, qui a lanc\u00e9 cette mobilisation \u00ab\u00a0citoyenne\u00a0\u00bb.\u00ab&nbsp;La police nationale ne peut plus faire son m\u00e9tier&nbsp;\u00bb<\/p>\n\n\n\n<p class=\"\">\u00ab&nbsp;Nous demandons aux citoyens de venir soutenir sa police, d\u2019avoir une prise de conscience d\u2019une situation qui devient tr\u00e8s grave : la police nationale ne peut plus faire son m\u00e9tier dans des conditions normales, et bient\u00f4t, on sera d\u00e9pass\u00e9 par les \u00e9v\u00e9nements&nbsp;\u00bb, a pr\u00e9venu aupr\u00e8s de l\u2019AFP le secr\u00e9taire g\u00e9n\u00e9ral d\u2019Alliance police nationale, Fabien Vanhemelryck.<\/p>\n\n\n\n<blockquote class=\"wp-block-quote is-layout-flow wp-block-quote-is-layout-flow\">\n<p class=\"\">Ce n&rsquo;est pas une manif de policiers. \u00c9videmment, il y aura des policiers parce qu&rsquo;ils sont directement concern\u00e9s mais c&rsquo;est un syndicat de police qui prend la responsabilit\u00e9 d&rsquo;appeler les citoyens \u00e0 l&rsquo;aide parce que le gouvernement a l&rsquo;air d&rsquo;avoir conscience de la situation mais rien ne bouge.<strong>Fabien Vanhemelryck<\/strong>Secr\u00e9taire g\u00e9n\u00e9ral d&rsquo;Alliance police nationale<\/p>\n<\/blockquote>\n\n\n\n<p class=\"\">Fabien Vanhemelryck pointe \u00ab&nbsp;des conditions de travail plus que d\u00e9plorables, des locaux insalubres&nbsp;\u00bb pour \u00ab&nbsp;faire face \u00e0 une ins\u00e9curit\u00e9 grandissante&nbsp;\u00bb.<\/p>\n\n\n\n<p class=\"\">Dans les Hauts-de-Seine par exemple, Alliance pointe une baisse de \u00ab\u00a0200 effectifs\u00a0\u00bb depuis 2020.Une vingtaine de villes<\/p>\n\n\n\n<p class=\"\">\u00ab&nbsp;On est \u00e0 l\u2019os sur tous les commissariats du d\u00e9partement. Les conditions de travail sont catastrophiques, les agents croulent sous les dossiers et alors qu\u2019on nous promettait une simplification de la proc\u00e9dure p\u00e9nale, et bien c\u2019est le contraire. Il n\u2019y a rien qui fonctionne en fait&nbsp;\u00bb, d\u00e9plore Yannick Le Bihan, responsable syndical dans ce d\u00e9partement.<\/p>\n\n\n\n<p class=\"\">Le syndicat table sur une participation cons\u00e9quente dans une vingtaine de villes dont Lille, Nantes, Marseille, Nice, Bordeaux, Orl\u00e9ans et en outre-mer.<em>La liste des rassemblements pr\u00e9vus :&nbsp;<\/em><\/p>\n\n\n\n<p class=\"\"><a href=\"https:\/\/actu.fr\/grand-est\/metz_57463\/metz-pourquoi-les-policiers-nationaux-vont-manifester-ce-samedi_63736615.html\">Metz (H\u00f4tel de ville)<\/a>.<\/p>\n\n\n\n<p class=\"\">Paris (place de la Bastille)\u2009;<\/p>\n\n\n\n<p class=\"\">Lille (Grand Place)\u2009;<\/p>\n\n\n\n<p class=\"\">Arras (place Mar\u00e9chal-Foch)\u2009;<\/p>\n\n\n\n<p class=\"\">Marseille (Ombri\u00e8re du Vieux port)\u2009;<\/p>\n\n\n\n<p class=\"\">Nice (place Mass\u00e9na)\u2009;<\/p>\n\n\n\n<p class=\"\">Ajaccio (place de la gare)\u2009;<\/p>\n\n\n\n<p class=\"\"><a href=\"https:\/\/actu.fr\/auvergne-rhone-alpes\/lyon_69123\/lyon-a-depasse-marseille-des-policiers-appellent-a-la-mobilisation-face-a-une-situation-critique_63738254.html\">Lyon (place Mar\u00e9chal-Lyautey)<\/a>\u2009;<\/p>\n\n\n\n<p class=\"\">Clermont-Ferrand (place Gaillard)\u2009;<\/p>\n\n\n\n<p class=\"\">Grenoble (H\u00f4tel de police)\u2009;<\/p>\n\n\n\n<p class=\"\">Dijon (H\u00f4tel de police)\u2009;<\/p>\n\n\n\n<p class=\"\">Bordeaux (H\u00f4tel de ville)\u2009;<\/p>\n\n\n\n<p class=\"\">Pau (H\u00f4tel de ville)\u2009;<\/p>\n\n\n\n<p class=\"\">La\u00a0Rochelle (parvis de la gare)\u2009;<\/p>\n\n\n\n<p class=\"\">Toulouse (devant la pr\u00e9fecture)\u2009;<\/p>\n\n\n\n<p class=\"\">Perpignan (place du Castillet)\u2009;<\/p>\n\n\n\n<p class=\"\"><a href=\"https:\/\/actu.fr\/occitanie\/nimes_30189\/nimes-c-est-quoi-ce-grand-rassemblement-prevu-le-31-janvier_63741978.html\">N\u00eemes (devant la pr\u00e9fecture)<\/a>\u2009;<\/p>\n\n\n\n<p class=\"\"><a href=\"https:\/\/actu.fr\/normandie\/rouen_76540\/c-est-rare-mais-les-policiers-vont-manifester-prochainement-a-rouen-voici-pourquoi_63686184.html\">Rouen (H\u00f4tel de ville)<\/a>\u2009;<\/p>\n\n\n\n<p class=\"\">Nantes (H\u00f4tel de police)\u2009;<\/p>\n\n\n\n<p class=\"\"><a href=\"https:\/\/actu.fr\/bretagne\/rennes_35238\/la-police-a-besoin-de-vous-a-rennes-les-forces-de-l-ordre-appellent-les-citoyens-a-manifester-avec-eux_63677078.html\">Rennes (H\u00f4tel de la pr\u00e9fecture)<\/a>\u2009;<\/p>\n\n\n\n<p class=\"\">Orl\u00e9ans (place du Martrois)\u2009;<\/p>\n\n\n\n<p class=\"\">Reims (Square Colbert)\u2009;<\/p>\n\n\n\n<p class=\"\"><a href=\"https:\/\/actu.fr\/grand-est\/strasbourg_67482\/des-policiers-vont-manifester-a-strasbourg-bientot-voici-pourquoi_63672406.html\">Strasbourg (H\u00f4tel de police)<\/a>\u2009;<\/p>\n","protected":false},"excerpt":{"rendered":"<p>Ce samedi 31 janvier 2026, \u00e0 l&rsquo;appel du syndicat Alliance, les policiers sont appel\u00e9s \u00e0 manifester. Plus d&rsquo;une vingtaine de rassemblements sont pr\u00e9vus.Des manifestations sont organis\u00e9es samedi 31 janvier 2026 dans une vingtaine de villes, dont Paris, pour alerter\u00a0sur \u00ab\u00a0une police nationale en danger\u00a0\u00bb,\u00a0faute de \u00ab\u00a0moyens corrects\u00a0\u00bb, selon le syndicat majoritaire Alliance, qui a lanc\u00e9 [&hellip;]<\/p>\n","protected":false},"author":2,"featured_media":42153,"comment_status":"open","ping_status":"open","sticky":false,"template":"","format":"standard","meta":{"_jetpack_memberships_contains_paid_content":false,"footnotes":"","jetpack_publicize_message":"","jetpack_publicize_feature_enabled":true,"jetpack_social_post_already_shared":true,"jetpack_social_options":{"image_generator_settings":{"template":"highway","default_image_id":0,"font":"","enabled":false},"version":2},"_wpas_customize_per_network":false},"categories":[405],"tags":[],"class_list":["post-42152","post","type-post","status-publish","format-standard","has-post-thumbnail","hentry","category-actu-france-monde"],"jetpack_publicize_connections":[],"jetpack_featured_media_url":"https:\/\/i0.wp.com\/www.iceagetv.com\/radiosite\/wp-content\/uploads\/2026\/01\/police-manifestations-france-960x640-1.jpg?fit=960%2C640&ssl=1","jetpack_sharing_enabled":true,"_links":{"self":[{"href":"https:\/\/www.iceagetv.com\/radiosite\/wp-json\/wp\/v2\/posts\/42152","targetHints":{"allow":["GET"]}}],"collection":[{"href":"https:\/\/www.iceagetv.com\/radiosite\/wp-json\/wp\/v2\/posts"}],"about":[{"href":"https:\/\/www.iceagetv.com\/radiosite\/wp-json\/wp\/v2\/types\/post"}],"author":[{"embeddable":true,"href":"https:\/\/www.iceagetv.com\/radiosite\/wp-json\/wp\/v2\/users\/2"}],"replies":[{"embeddable":true,"href":"https:\/\/www.iceagetv.com\/radiosite\/wp-json\/wp\/v2\/comments?post=42152"}],"version-history":[{"count":1,"href":"https:\/\/www.iceagetv.com\/radiosite\/wp-json\/wp\/v2\/posts\/42152\/revisions"}],"predecessor-version":[{"id":42154,"href":"https:\/\/www.iceagetv.com\/radiosite\/wp-json\/wp\/v2\/posts\/42152\/revisions\/42154"}],"wp:featuredmedia":[{"embeddable":true,"href":"https:\/\/www.iceagetv.com\/radiosite\/wp-json\/wp\/v2\/media\/42153"}],"wp:attachment":[{"href":"https:\/\/www.iceagetv.com\/radiosite\/wp-json\/wp\/v2\/media?parent=42152"}],"wp:term":[{"taxonomy":"category","embeddable":true,"href":"https:\/\/www.iceagetv.com\/radiosite\/wp-json\/wp\/v2\/categories?post=42152"},{"taxonomy":"post_tag","embeddable":true,"href":"https:\/\/www.iceagetv.com\/radiosite\/wp-json\/wp\/v2\/tags?post=42152"}],"curies":[{"name":"wp","href":"https:\/\/api.w.org\/{rel}","templated":true}]}}