{"id":42180,"date":"2026-02-01T18:12:16","date_gmt":"2026-02-01T17:12:16","guid":{"rendered":"https:\/\/www.iceagetv.com\/radiosite\/?p=42180"},"modified":"2026-02-01T18:12:18","modified_gmt":"2026-02-01T17:12:18","slug":"la-federation-nationale-des-producteurs-de-lait-a-appele-ses-adherents-a-mener-des-actions-pour-que-la-remuneration-des-eleveurs-ne-soit-pas-leur-variable-dajustement","status":"publish","type":"post","link":"https:\/\/www.iceagetv.com\/radiosite\/la-federation-nationale-des-producteurs-de-lait-a-appele-ses-adherents-a-mener-des-actions-pour-que-la-remuneration-des-eleveurs-ne-soit-pas-leur-variable-dajustement\/","title":{"rendered":"La F\u00e9d\u00e9ration nationale des producteurs de lait a appel\u00e9 ses adh\u00e9rents \u00e0 mener des actions pour que la r\u00e9mun\u00e9ration des \u00e9leveurs ne soit pas leur\u00a0\u00ab\u00a0variable d&rsquo;ajustement\u00a0\u00bb"},"content":{"rendered":"\n<p class=\"\">La F\u00e9d\u00e9ration nationale des producteurs de lait a appel\u00e9 ses adh\u00e9rents \u00e0 mener des actions aupr\u00e8s des&nbsp;coop\u00e9ratives laiti\u00e8res, des industriels, des restaurateurs et des supermarch\u00e9s, pour que la r\u00e9mun\u00e9ration des \u00e9leveurs ne soit pas leur&nbsp;\u00abvariable d&rsquo;ajustement\u00bb.<\/p>\n\n\n\n<p class=\"\">\u00ab\u00c0 chaque fois qu&rsquo;il y a une petite crise, un soubresaut au niveau de la plan\u00e8te laiti\u00e8re, c&rsquo;est toujours le producteur qui trinque. C&rsquo;est juste pas entendable, pas possible. On a des industriels qui ne jouent pas le jeu\u00bb, a d\u00e9nonc\u00e9 Yohann Barbe, pr\u00e9sident de cette association sp\u00e9cialis\u00e9e de la FNSEA, premier syndicat agricole fran\u00e7ais.<\/p>\n\n\n\n<p class=\"\">Selon lui, le contexte a \u00e9t\u00e9 favorable en 2025 avec une collecte laiti\u00e8re qui s&rsquo;annonce en hausse, d\u00e9passant 23 milliards de litres de lait, et des marges positives pour les \u00e9leveurs, apr\u00e8s une ann\u00e9e 2024&nbsp;\u00ab\u00e0 l&rsquo;\u00e9quilibre\u00bb&nbsp;et trois ann\u00e9es dans le rouge auparavant. Mais 2025 a aussi \u00e9t\u00e9 l&rsquo;ann\u00e9e de la baisse des prix du beurre, qui avaient atteint des records.<\/p>\n\n\n\n<p class=\"\">Brandissant la&nbsp;\u00abmenace de surproduction\u00bb&nbsp;laiti\u00e8re, plusieurs industriels font planer le risque de baisses des prix pay\u00e9s aux \u00e9leveurs, affirme la FNPL, notamment ceux dont les formules tr\u00e8s complexes de calcul du prix du lait int\u00e8grent des indicateurs beurre\/poudre de lait.&nbsp;<\/p>\n\n\n\n<p class=\"\">\u00abD\u00e8s que \u00e7a d\u00e9visse sur le beurre\/poudre, on en profite pour remettre encore une plus grosse claque aux \u00e9leveurs\u00bb, a protest\u00e9 Yohann Barbe, lors d&rsquo;une conf\u00e9rence de presse, au cours de laquelle plusieurs responsables ont cit\u00e9 tour \u00e0 tour les industriels Lactalis et Savencia, qui ont annonc\u00e9 plusieurs accords avec leurs producteurs pour 2026, mais aussi la coop\u00e9rative Agrial.<\/p>\n","protected":false},"excerpt":{"rendered":"<p>La F\u00e9d\u00e9ration nationale des producteurs de lait a appel\u00e9 ses adh\u00e9rents \u00e0 mener des actions aupr\u00e8s des&nbsp;coop\u00e9ratives laiti\u00e8res, des industriels, des restaurateurs et des supermarch\u00e9s, pour que la r\u00e9mun\u00e9ration des \u00e9leveurs ne soit pas leur&nbsp;\u00abvariable d&rsquo;ajustement\u00bb. \u00ab\u00c0 chaque fois qu&rsquo;il y a une petite crise, un soubresaut au niveau de la plan\u00e8te laiti\u00e8re, c&rsquo;est toujours [&hellip;]<\/p>\n","protected":false},"author":2,"featured_media":42181,"comment_status":"open","ping_status":"open","sticky":false,"template":"","format":"standard","meta":{"_jetpack_memberships_contains_paid_content":false,"footnotes":"","jetpack_publicize_message":"","jetpack_publicize_feature_enabled":true,"jetpack_social_post_already_shared":true,"jetpack_social_options":{"image_generator_settings":{"template":"highway","default_image_id":0,"font":"","enabled":false},"version":2},"_wpas_customize_per_network":false},"categories":[405],"tags":[],"class_list":["post-42180","post","type-post","status-publish","format-standard","has-post-thumbnail","hentry","category-actu-france-monde"],"jetpack_publicize_connections":[],"jetpack_featured_media_url":"https:\/\/i0.wp.com\/www.iceagetv.com\/radiosite\/wp-content\/uploads\/2026\/02\/jZwNolt.jpg?fit=679%2C293&ssl=1","jetpack_sharing_enabled":true,"_links":{"self":[{"href":"https:\/\/www.iceagetv.com\/radiosite\/wp-json\/wp\/v2\/posts\/42180","targetHints":{"allow":["GET"]}}],"collection":[{"href":"https:\/\/www.iceagetv.com\/radiosite\/wp-json\/wp\/v2\/posts"}],"about":[{"href":"https:\/\/www.iceagetv.com\/radiosite\/wp-json\/wp\/v2\/types\/post"}],"author":[{"embeddable":true,"href":"https:\/\/www.iceagetv.com\/radiosite\/wp-json\/wp\/v2\/users\/2"}],"replies":[{"embeddable":true,"href":"https:\/\/www.iceagetv.com\/radiosite\/wp-json\/wp\/v2\/comments?post=42180"}],"version-history":[{"count":1,"href":"https:\/\/www.iceagetv.com\/radiosite\/wp-json\/wp\/v2\/posts\/42180\/revisions"}],"predecessor-version":[{"id":42182,"href":"https:\/\/www.iceagetv.com\/radiosite\/wp-json\/wp\/v2\/posts\/42180\/revisions\/42182"}],"wp:featuredmedia":[{"embeddable":true,"href":"https:\/\/www.iceagetv.com\/radiosite\/wp-json\/wp\/v2\/media\/42181"}],"wp:attachment":[{"href":"https:\/\/www.iceagetv.com\/radiosite\/wp-json\/wp\/v2\/media?parent=42180"}],"wp:term":[{"taxonomy":"category","embeddable":true,"href":"https:\/\/www.iceagetv.com\/radiosite\/wp-json\/wp\/v2\/categories?post=42180"},{"taxonomy":"post_tag","embeddable":true,"href":"https:\/\/www.iceagetv.com\/radiosite\/wp-json\/wp\/v2\/tags?post=42180"}],"curies":[{"name":"wp","href":"https:\/\/api.w.org\/{rel}","templated":true}]}}