{"id":42183,"date":"2026-02-01T19:35:08","date_gmt":"2026-02-01T18:35:08","guid":{"rendered":"https:\/\/www.iceagetv.com\/radiosite\/?p=42183"},"modified":"2026-02-01T19:35:11","modified_gmt":"2026-02-01T18:35:11","slug":"a-vous-tous-qui-etes-reunis-dans-la-peine-et-la-douleur-le-pape-leon-xiv-adresse-une-lettre-aux-victimes-de-lincendie-de-crans-montana","status":"publish","type":"post","link":"https:\/\/www.iceagetv.com\/radiosite\/a-vous-tous-qui-etes-reunis-dans-la-peine-et-la-douleur-le-pape-leon-xiv-adresse-une-lettre-aux-victimes-de-lincendie-de-crans-montana\/","title":{"rendered":"A vous tous qui \u00eates r\u00e9unis dans la peine et la douleur\u00a0\u00bb : le pape L\u00e9on XIV adresse une lettre aux victimes de l&rsquo;incendie de Crans-Montana"},"content":{"rendered":"\n<p class=\"\">Dans ce courrier, r\u00e9dig\u00e9 enti\u00e8rement en fran\u00e7ais, le souverain pontife dit souhaiter partager un message d'\u00a0\u00bbesp\u00e9rance\u00a0\u00bb.<em>\u00ab\u00a0En ces heures o\u00f9 vos \u00e2mes sont travers\u00e9es, non seulement par la souffrance, mais aussi par l\u2019incompr\u00e9hension et le sentiment d\u2019abandon.\u00a0\u00bb<\/em>&nbsp;Un mois apr\u00e8s l&rsquo;incendie dans un bar de la station suisse de Crans-Montana&nbsp;<a href=\"https:\/\/www.franceinfo.fr\/faits-divers\/incendie-dans-un-bar-de-crans-montana-en-suisse\/incendie-a-crans-montana-le-bilan-s-alourdit-a-41-morts-apres-le-deces-d-un-blesse-suisse-age-de-18-ans_7778150.html\">qui a fait 41 morts et 116 bless\u00e9s<\/a>, les victimes et leurs proches re\u00e7oivent le soutien du pape L\u00e9on XIV. Alors qu&rsquo;une une veill\u00e9e \u0153cum\u00e9nique s&rsquo;est tenue dans la cath\u00e9drale de Sion, dimanche 1er f\u00e9vrier, le souverain pontife leur adresse une lettre<em>&nbsp;\u00ab\u00a0pour surmonter la peine et garder courage\u00a0\u00bb.<\/em><\/p>\n\n\n\n<p class=\"\">Dans ce courrier,&nbsp;<a href=\"https:\/\/www.vatican.va\/content\/leo-xiv\/fr\/events\/event.dir.html\/content\/vaticanevents\/fr\/2026\/2\/1\/messaggio-crans-montana.html\" target=\"_blank\" rel=\"noreferrer noopener\">r\u00e9dig\u00e9 enti\u00e8rement en fran\u00e7ais(Nouvelle fen\u00eatre)<\/a>, le pape dit souhaiter partager un message d&rsquo;<em>\u00ab\u00a0esp\u00e9rance\u00a0\u00bb.<\/em>&nbsp;<em>\u00ab\u00a0L\u2019esp\u00e9rance de revoir un jour ceux que vous avez perdus, l\u2019esp\u00e9rance aussi que, d\u00e8s ici-bas, se l\u00e8vera pour vous un jour nouveau, et que la joie reviendra dans vos c\u0153urs\u00a0\u00bb<\/em>, \u00e9crit-il.<\/p>\n\n\n\n<p class=\"\">Le bilan du tragique incendie a \u00e9t\u00e9 r\u00e9\u00e9valu\u00e9 \u00e0 41 morts et 115 bless\u00e9s, dimanche, apr\u00e8s qu&rsquo;une nouvelle victime, un jeune Suisse de 18 ans, a succomb\u00e9 \u00e0 ses blessures.<\/p>\n","protected":false},"excerpt":{"rendered":"<p>Dans ce courrier, r\u00e9dig\u00e9 enti\u00e8rement en fran\u00e7ais, le souverain pontife dit souhaiter partager un message d&rsquo;\u00a0\u00bbesp\u00e9rance\u00a0\u00bb.\u00ab\u00a0En ces heures o\u00f9 vos \u00e2mes sont travers\u00e9es, non seulement par la souffrance, mais aussi par l\u2019incompr\u00e9hension et le sentiment d\u2019abandon.\u00a0\u00bb&nbsp;Un mois apr\u00e8s l&rsquo;incendie dans un bar de la station suisse de Crans-Montana&nbsp;qui a fait 41 morts et 116 bless\u00e9s, [&hellip;]<\/p>\n","protected":false},"author":2,"featured_media":42184,"comment_status":"open","ping_status":"open","sticky":false,"template":"","format":"standard","meta":{"_jetpack_memberships_contains_paid_content":false,"footnotes":"","jetpack_publicize_message":"","jetpack_publicize_feature_enabled":true,"jetpack_social_post_already_shared":true,"jetpack_social_options":{"image_generator_settings":{"template":"highway","default_image_id":0,"font":"","enabled":false},"version":2},"_wpas_customize_per_network":false},"categories":[405],"tags":[],"class_list":["post-42183","post","type-post","status-publish","format-standard","has-post-thumbnail","hentry","category-actu-france-monde"],"jetpack_publicize_connections":[],"jetpack_featured_media_url":"https:\/\/i0.wp.com\/www.iceagetv.com\/radiosite\/wp-content\/uploads\/2026\/02\/A-vous-tous-qui-etes-reunis-dans-la-peine-et-la-douleur.jpg?fit=719%2C419&ssl=1","jetpack_sharing_enabled":true,"_links":{"self":[{"href":"https:\/\/www.iceagetv.com\/radiosite\/wp-json\/wp\/v2\/posts\/42183","targetHints":{"allow":["GET"]}}],"collection":[{"href":"https:\/\/www.iceagetv.com\/radiosite\/wp-json\/wp\/v2\/posts"}],"about":[{"href":"https:\/\/www.iceagetv.com\/radiosite\/wp-json\/wp\/v2\/types\/post"}],"author":[{"embeddable":true,"href":"https:\/\/www.iceagetv.com\/radiosite\/wp-json\/wp\/v2\/users\/2"}],"replies":[{"embeddable":true,"href":"https:\/\/www.iceagetv.com\/radiosite\/wp-json\/wp\/v2\/comments?post=42183"}],"version-history":[{"count":1,"href":"https:\/\/www.iceagetv.com\/radiosite\/wp-json\/wp\/v2\/posts\/42183\/revisions"}],"predecessor-version":[{"id":42185,"href":"https:\/\/www.iceagetv.com\/radiosite\/wp-json\/wp\/v2\/posts\/42183\/revisions\/42185"}],"wp:featuredmedia":[{"embeddable":true,"href":"https:\/\/www.iceagetv.com\/radiosite\/wp-json\/wp\/v2\/media\/42184"}],"wp:attachment":[{"href":"https:\/\/www.iceagetv.com\/radiosite\/wp-json\/wp\/v2\/media?parent=42183"}],"wp:term":[{"taxonomy":"category","embeddable":true,"href":"https:\/\/www.iceagetv.com\/radiosite\/wp-json\/wp\/v2\/categories?post=42183"},{"taxonomy":"post_tag","embeddable":true,"href":"https:\/\/www.iceagetv.com\/radiosite\/wp-json\/wp\/v2\/tags?post=42183"}],"curies":[{"name":"wp","href":"https:\/\/api.w.org\/{rel}","templated":true}]}}