{"id":42191,"date":"2026-02-02T15:52:38","date_gmt":"2026-02-02T14:52:38","guid":{"rendered":"https:\/\/www.iceagetv.com\/radiosite\/?p=42191"},"modified":"2026-02-02T15:52:40","modified_gmt":"2026-02-02T14:52:40","slug":"rappels-de-laits-infantiles-au-moins-cinq-enfants-ont-ete-hospitalises-en-france-une-quarantaine-de-signalements-effectues","status":"publish","type":"post","link":"https:\/\/www.iceagetv.com\/radiosite\/rappels-de-laits-infantiles-au-moins-cinq-enfants-ont-ete-hospitalises-en-france-une-quarantaine-de-signalements-effectues\/","title":{"rendered":"Rappels de laits infantiles: au moins cinq enfants ont \u00e9t\u00e9 hospitalis\u00e9s en France, \u00ab\u00a0une quarantaine de signalements\u00a0\u00bb effectu\u00e9s"},"content":{"rendered":"\n<p class=\"\">Les minist\u00e8res de l&rsquo;Agriculture et de la Sant\u00e9 ont pris la parole ce lundi 2 f\u00e9vrier pour revenir sur les divers rappels de laits infantiles survenus depuis le mois de d\u00e9cembre.<\/p>\n\n\n\n<p class=\"\">Le minist\u00e8re de la Sant\u00e9 a indiqu\u00e9, ce lundi 2 f\u00e9vrier, qu&rsquo;une \u00ab\u00a0quarantaine de signalements\u00a0\u00bb pour des potentiels effets n\u00e9gatifs subs\u00e9quents \u00e0\u00a0<a href=\"https:\/\/www.bfmtv.com\/sante\/rappels-de-laits-infantiles-plusieurs-enquetes-sanitaires-en-cours-en-europe_AV-202601290647.html\">la consommation de laits infantiles rappel\u00e9s<\/a>\u00a0ont eu lieu depuis le d\u00e9but de l&rsquo;\u00e9pisode. Dans cinq cas, la consommation de laits rappel\u00e9s a \u00e9t\u00e9 identifi\u00e9e formellement apr\u00e8s l&rsquo;apparition de sympt\u00f4mes ind\u00e9sirables, dans six autres, le lien n&rsquo;\u00e9tait pas \u00e9tabli avec certitude.\u00a0\u00bbLes Agences r\u00e9gionales de sant\u00e9 ont remont\u00e9 une quarantaine de signalements d&rsquo;attention mais&nbsp;<em>in fine<\/em>&nbsp;nous avons eu 11 hospitalisations pour lesquelles on a eu un lait infantile qui concernait un lot rappel\u00e9\u00a0\u00bb, dont cinq pour lesquels il existait une \u00ab\u00a0certitude\u00a0\u00bb sur la consommation des produits et six o\u00f9 il existe un doute.<\/p>\n\n\n\n<blockquote class=\"wp-block-quote is-layout-flow wp-block-quote-is-layout-flow\">\n<p class=\"\">Pour les 30 autres signalements, les enqu\u00eates sanitaires ont permis de d\u00e9terminer que les laits concern\u00e9s \u00ab\u00a0n&rsquo;\u00e9taient pas ceux pour lesquels il y a eu des retraits\u00a0\u00bb, a pr\u00e9cis\u00e9 cette m\u00eame source.<\/p>\n<\/blockquote>\n\n\n\n<p class=\"\">Ces chiffres ne prennent pas en compte&nbsp;<a href=\"https:\/\/www.bfmtv.com\/police-justice\/autopsie-analyses-piste-du-lait-infantile-potentiellement-contamine-ce-que-l-on-sait-de-la-mort-d-un-bebe-d-un-mois-a-angers_AV-202601230683.html\">les deux d\u00e9c\u00e8s de b\u00e9b\u00e9s ayant eu lieu \u00e0 Angers et Bordeaux<\/a>&nbsp;o\u00f9 l&rsquo;enqu\u00eate devra d\u00e9terminer le r\u00f4le jou\u00e9 ou non par la consommation des laits infantiles. Par ailleurs, les hospitalisations sont termin\u00e9es.<\/p>\n\n\n\n<h2 class=\"wp-block-heading\" id=\"arj2u\">De nouvelles fiches de rappels prochainement publi\u00e9es<\/h2>\n\n\n\n<p class=\"\">Le minist\u00e8re de l&rsquo;Agriculture a, de son c\u00f4t\u00e9, indiqu\u00e9 que de nouvelles fiches de rappels pourraient \u00eatre publi\u00e9es dans la journ\u00e9e. Trois sont actuellement \u00ab\u00a0en cours de validation\u00a0\u00bb, a pr\u00e9cis\u00e9 le minist\u00e8re. Ils s&rsquo;ajoutent\u00a0<a href=\"https:\/\/rmc.bfmtv.com\/conso\/alimentation\/rappels-de-lots\/scandale-du-lait-infantile-nouveaux-rappels-de-lait-vitagermine-voici-la-liste-complete-mise-a-jour_AN-202601260380.html\">aux retraits d\u00e9j\u00e0 en cours depuis le d\u00e9but<\/a>\u00a0du mois de d\u00e9cembre.Des rappels de produits fabriqu\u00e9s hors de France pourraient donc encore intervenir\u00a0\u00bb, indique le minist\u00e8re \u00e0 BFM. En cause, l&rsquo;abaissement du seuil de tol\u00e9rance de pr\u00e9sence du produit incrimin\u00e9, nouveau seuil fix\u00e9 par l&rsquo;Europe.<\/p>\n\n\n\n<p class=\"\">Dans les prochains jours, les autorit\u00e9s sanitaires vont mettre en oeuvre un millier de contr\u00f4les des rappels dans les points de ventes, notamment dans les pharmacies. \u00c0 ce stade, la France \u00ab\u00a0ne se dirige pas vers une situation de p\u00e9nurie\u00a0\u00bb a par ailleurs pr\u00e9cis\u00e9 le gouvernement. Le volume de produits rappel\u00e9s n&rsquo;est pas significatif par rapport \u00e0 la quantit\u00e9 de produits mis dans les rayons par les industriels. Le nombre de bo\u00eetes rappel\u00e9es au total n&rsquo;a pas \u00e9t\u00e9 pr\u00e9cis\u00e9.<\/p>\n","protected":false},"excerpt":{"rendered":"<p>Les minist\u00e8res de l&rsquo;Agriculture et de la Sant\u00e9 ont pris la parole ce lundi 2 f\u00e9vrier pour revenir sur les divers rappels de laits infantiles survenus depuis le mois de d\u00e9cembre. Le minist\u00e8re de la Sant\u00e9 a indiqu\u00e9, ce lundi 2 f\u00e9vrier, qu&rsquo;une \u00ab\u00a0quarantaine de signalements\u00a0\u00bb pour des potentiels effets n\u00e9gatifs subs\u00e9quents \u00e0\u00a0la consommation de [&hellip;]<\/p>\n","protected":false},"author":2,"featured_media":41864,"comment_status":"open","ping_status":"open","sticky":false,"template":"","format":"standard","meta":{"_jetpack_memberships_contains_paid_content":false,"footnotes":"","jetpack_publicize_message":"","jetpack_publicize_feature_enabled":true,"jetpack_social_post_already_shared":true,"jetpack_social_options":{"image_generator_settings":{"template":"highway","default_image_id":0,"font":"","enabled":false},"version":2},"_wpas_customize_per_network":false},"categories":[405],"tags":[],"class_list":["post-42191","post","type-post","status-publish","format-standard","has-post-thumbnail","hentry","category-actu-france-monde"],"jetpack_publicize_connections":[],"jetpack_featured_media_url":"https:\/\/i0.wp.com\/www.iceagetv.com\/radiosite\/wp-content\/uploads\/2026\/01\/Capture-decran-2026-01-21-160228.jpg?fit=750%2C281&ssl=1","jetpack_sharing_enabled":true,"_links":{"self":[{"href":"https:\/\/www.iceagetv.com\/radiosite\/wp-json\/wp\/v2\/posts\/42191","targetHints":{"allow":["GET"]}}],"collection":[{"href":"https:\/\/www.iceagetv.com\/radiosite\/wp-json\/wp\/v2\/posts"}],"about":[{"href":"https:\/\/www.iceagetv.com\/radiosite\/wp-json\/wp\/v2\/types\/post"}],"author":[{"embeddable":true,"href":"https:\/\/www.iceagetv.com\/radiosite\/wp-json\/wp\/v2\/users\/2"}],"replies":[{"embeddable":true,"href":"https:\/\/www.iceagetv.com\/radiosite\/wp-json\/wp\/v2\/comments?post=42191"}],"version-history":[{"count":1,"href":"https:\/\/www.iceagetv.com\/radiosite\/wp-json\/wp\/v2\/posts\/42191\/revisions"}],"predecessor-version":[{"id":42192,"href":"https:\/\/www.iceagetv.com\/radiosite\/wp-json\/wp\/v2\/posts\/42191\/revisions\/42192"}],"wp:featuredmedia":[{"embeddable":true,"href":"https:\/\/www.iceagetv.com\/radiosite\/wp-json\/wp\/v2\/media\/41864"}],"wp:attachment":[{"href":"https:\/\/www.iceagetv.com\/radiosite\/wp-json\/wp\/v2\/media?parent=42191"}],"wp:term":[{"taxonomy":"category","embeddable":true,"href":"https:\/\/www.iceagetv.com\/radiosite\/wp-json\/wp\/v2\/categories?post=42191"},{"taxonomy":"post_tag","embeddable":true,"href":"https:\/\/www.iceagetv.com\/radiosite\/wp-json\/wp\/v2\/tags?post=42191"}],"curies":[{"name":"wp","href":"https:\/\/api.w.org\/{rel}","templated":true}]}}