{"id":42195,"date":"2026-02-02T18:29:12","date_gmt":"2026-02-02T17:29:12","guid":{"rendered":"https:\/\/www.iceagetv.com\/radiosite\/?p=42195"},"modified":"2026-02-02T18:29:14","modified_gmt":"2026-02-02T17:29:14","slug":"volodymyr-zelensky-salue-une-recente-desescalade-avec-la-russie-qui-renforce-la-confiance-dans-les-negociations","status":"publish","type":"post","link":"https:\/\/www.iceagetv.com\/radiosite\/volodymyr-zelensky-salue-une-recente-desescalade-avec-la-russie-qui-renforce-la-confiance-dans-les-negociations\/","title":{"rendered":"Volodymyr Zelensky salue une r\u00e9cente \u00ab\u00a0d\u00e9sescalade\u00a0\u00bb avec la Russie qui \u00ab\u00a0renforce la confiance\u00a0\u00bb dans les n\u00e9gociations"},"content":{"rendered":"\n<p class=\"\">Dans son allocution quotidienne publi\u00e9e sur les r\u00e9seaux sociaux, le pr\u00e9sident ukrainien a \u00e9galement annonc\u00e9 que sa d\u00e9l\u00e9gation allait tenir des r\u00e9unions bilat\u00e9rales \u00ab\u00a0avec la partie am\u00e9ricaine\u00a0\u00bb.<\/p>\n\n\n\n<p class=\"\">Le pr\u00e9sident ukrainien\u00a0<a href=\"https:\/\/www.bfmtv.com\/international\/europe\/ukraine\/guerre-en-ukraine-volodymyr-zelensky-annonce-que-des-negociations-entre-kiev-moscou-et-washington-se-tiendront-les-4-et-5-fevrier-a-abou-dhabi_AD-202602010179.html\">Volodymyr Zelensky<\/a>\u00a0s&rsquo;est f\u00e9licit\u00e9 lundi 2 f\u00e9vrier de r\u00e9centes \u00ab\u00a0mesures de d\u00e9sescalade\u00a0\u00bb avec la Russie, qui \u00ab\u00a0renforcent la confiance\u00a0\u00bb dans les n\u00e9gociations de paix, alors que Moscou a interrompu depuis la semaine derni\u00e8re ses frappes sur l&rsquo;\u00e9nergie.\u00a0\u00bbLes mesures de d\u00e9sescalade qui sont entr\u00e9es en vigueur (&#8230;) contribuent \u00e0 renforcer la confiance du public dans le processus de n\u00e9gociation et ses r\u00e9sultats potentiels\u00a0\u00bb, a indiqu\u00e9 le pr\u00e9sident ukrainien dans son allocution quotidienne diffus\u00e9e sur les r\u00e9seaux sociaux.<\/p>\n\n\n\n<blockquote class=\"wp-block-quote is-layout-flow wp-block-quote-is-layout-flow\">\n<p class=\"\">\u00ab\u00a0L&rsquo;Ukraine est pr\u00eate \u00e0 prendre des mesures concr\u00e8tes. Nous croyons qu&rsquo;il est r\u00e9aliste de parvenir \u00e0 une paix digne et durable\u00a0\u00bb, a-t-il \u00e9galement soulign\u00e9 dans une publication sur X.<\/p>\n<\/blockquote>\n\n\n\n<h2 class=\"wp-block-heading\" id=\"e0r0e\">Des discussions Russie-Ukraine-\u00c9tats-Unis \u00e0 Abou Dhabi mercredi et jeudi<\/h2>\n\n\n\n<p class=\"\">Apr\u00e8s une campagne de bombardements russes qui a s\u00e9v\u00e8rement mis \u00e0 mal le r\u00e9seau \u00e9nerg\u00e9tique ukrainien, le Kremlin avait annonc\u00e9 la semaine derni\u00e8re avoir accept\u00e9 de s&rsquo;abstenir de frapper Kiev,\u00a0<a href=\"https:\/\/www.bfmtv.com\/international\/asie\/russie\/pas-de-frappes-russes-en-ukraine-pendant-une-semaine-au-lendemain-de-l-annonce-de-donald-trump-le-kremlin-affirme-que-la-demande-americaine-vaut-jusqu-au-1er-fevrier_AD-202601300471.html\">\u00e0 la demande de Donald Trump<\/a>.Le pr\u00e9sident am\u00e9ricain avait lui annonc\u00e9 avoir fait cette demande \u00ab\u00a0personnellement\u00a0\u00bb \u00e0 son homologue russe Vladimir Poutine en raison des temp\u00e9ratures extr\u00eamement froides en Ukraine. S&rsquo;il a confirm\u00e9 un arr\u00eat des frappes russes sur le r\u00e9seau \u00e9nerg\u00e9tique depuis cette annonce, il a indiqu\u00e9 lundi que Moscou avait r\u00e9orient\u00e9 ses tirs sur la logistique et le r\u00e9seau ferroviaire. Les derni\u00e8res frappes massives sur l&rsquo;Ukraine remontent au 24 janvier.<\/p>\n\n\n\n<p class=\"\">Parall\u00e8lement, Russes, Ukrainiens et Am\u00e9ricains ont engag\u00e9 des discussions sur un arr\u00eat des hostilit\u00e9s \u00e0 Abou Dhabi, aux Emirats arabes unis. De nouvelles discussions&nbsp;<a href=\"https:\/\/www.bfmtv.com\/international\/europe\/ukraine\/guerre-en-ukraine-la-russie-confirme-des-pourparlers-a-abou-dhabi-avec-kiev-et-washington_AD-202602020405.html\">sont pr\u00e9vues mercredi et jeudi<\/a>.<\/p>\n\n\n\n<p class=\"\">\u00ab\u00a0Nous pensons qu&rsquo;il est r\u00e9aliste de parvenir \u00e0 une paix digne et durable\u00a0\u00bb, a d\u00e9clar\u00e9 Volodymyr Zelensky \u00e0 ce propos lundi, disant attendre des Etats-Unis qu&rsquo;ils \u00ab\u00a0restent d\u00e9termin\u00e9s \u00e0 garantir les conditions n\u00e9cessaires au dialogue\u00a0\u00bb.<\/p>\n","protected":false},"excerpt":{"rendered":"<p>Dans son allocution quotidienne publi\u00e9e sur les r\u00e9seaux sociaux, le pr\u00e9sident ukrainien a \u00e9galement annonc\u00e9 que sa d\u00e9l\u00e9gation allait tenir des r\u00e9unions bilat\u00e9rales \u00ab\u00a0avec la partie am\u00e9ricaine\u00a0\u00bb. Le pr\u00e9sident ukrainien\u00a0Volodymyr Zelensky\u00a0s&rsquo;est f\u00e9licit\u00e9 lundi 2 f\u00e9vrier de r\u00e9centes \u00ab\u00a0mesures de d\u00e9sescalade\u00a0\u00bb avec la Russie, qui \u00ab\u00a0renforcent la confiance\u00a0\u00bb dans les n\u00e9gociations de paix, alors que Moscou [&hellip;]<\/p>\n","protected":false},"author":2,"featured_media":42196,"comment_status":"open","ping_status":"open","sticky":false,"template":"","format":"standard","meta":{"_jetpack_memberships_contains_paid_content":false,"footnotes":"","jetpack_publicize_message":"","jetpack_publicize_feature_enabled":true,"jetpack_social_post_already_shared":true,"jetpack_social_options":{"image_generator_settings":{"template":"highway","default_image_id":0,"font":"","enabled":false},"version":2},"_wpas_customize_per_network":false},"categories":[405],"tags":[],"class_list":["post-42195","post","type-post","status-publish","format-standard","has-post-thumbnail","hentry","category-actu-france-monde"],"jetpack_publicize_connections":[],"jetpack_featured_media_url":"https:\/\/i0.wp.com\/www.iceagetv.com\/radiosite\/wp-content\/uploads\/2026\/02\/Volodymyr-Zelensky-salue-une-recente.jpg?fit=674%2C375&ssl=1","jetpack_sharing_enabled":true,"_links":{"self":[{"href":"https:\/\/www.iceagetv.com\/radiosite\/wp-json\/wp\/v2\/posts\/42195","targetHints":{"allow":["GET"]}}],"collection":[{"href":"https:\/\/www.iceagetv.com\/radiosite\/wp-json\/wp\/v2\/posts"}],"about":[{"href":"https:\/\/www.iceagetv.com\/radiosite\/wp-json\/wp\/v2\/types\/post"}],"author":[{"embeddable":true,"href":"https:\/\/www.iceagetv.com\/radiosite\/wp-json\/wp\/v2\/users\/2"}],"replies":[{"embeddable":true,"href":"https:\/\/www.iceagetv.com\/radiosite\/wp-json\/wp\/v2\/comments?post=42195"}],"version-history":[{"count":1,"href":"https:\/\/www.iceagetv.com\/radiosite\/wp-json\/wp\/v2\/posts\/42195\/revisions"}],"predecessor-version":[{"id":42197,"href":"https:\/\/www.iceagetv.com\/radiosite\/wp-json\/wp\/v2\/posts\/42195\/revisions\/42197"}],"wp:featuredmedia":[{"embeddable":true,"href":"https:\/\/www.iceagetv.com\/radiosite\/wp-json\/wp\/v2\/media\/42196"}],"wp:attachment":[{"href":"https:\/\/www.iceagetv.com\/radiosite\/wp-json\/wp\/v2\/media?parent=42195"}],"wp:term":[{"taxonomy":"category","embeddable":true,"href":"https:\/\/www.iceagetv.com\/radiosite\/wp-json\/wp\/v2\/categories?post=42195"},{"taxonomy":"post_tag","embeddable":true,"href":"https:\/\/www.iceagetv.com\/radiosite\/wp-json\/wp\/v2\/tags?post=42195"}],"curies":[{"name":"wp","href":"https:\/\/api.w.org\/{rel}","templated":true}]}}