{"id":42208,"date":"2026-02-03T17:53:10","date_gmt":"2026-02-03T16:53:10","guid":{"rendered":"https:\/\/www.iceagetv.com\/radiosite\/?p=42208"},"modified":"2026-02-03T17:53:12","modified_gmt":"2026-02-03T16:53:12","slug":"ce-que-lon-sait-de-la-mort-de-tyah-lyceenne-de-16-ans-retrouvee-pendue-dans-un-parc-en-gironde","status":"publish","type":"post","link":"https:\/\/www.iceagetv.com\/radiosite\/ce-que-lon-sait-de-la-mort-de-tyah-lyceenne-de-16-ans-retrouvee-pendue-dans-un-parc-en-gironde\/","title":{"rendered":"Ce que l&rsquo;on sait de la mort de Tyah, lyc\u00e9enne de 16\u00a0ans retrouv\u00e9e pendue dans un parc en Gironde"},"content":{"rendered":"\n<p class=\"\">Selon sa famille, l&rsquo;adolescente, port\u00e9e disparue depuis le 12 janvier, \u00e9tait victime de harc\u00e8lement scolaire dans son lyc\u00e9e, \u00e0 Pessac.Ses proches redoutaient cette issue. Port\u00e9e disparue depuis deux semaines, Tyah, une adolescente mahoraise qui vivait \u00e0 Pessac (Gironde), a \u00e9t\u00e9 retrouv\u00e9e morte jeudi 29 janvier. Son corps a \u00e9t\u00e9 d\u00e9couvert pendu dans un parc, \u00e0 Lormont, en p\u00e9riph\u00e9rie de Bordeaux.&nbsp;<em>\u00ab\u00a0C&rsquo;est avec une immense tristesse que nous vous annon\u00e7ons que Tyah Halidi Selemani a \u00e9t\u00e9 retrouv\u00e9e. (&#8230;) Aujourd&rsquo;hui est un jour de deuil\u00a0\u00bb<\/em>, a \u00e9crit sa m\u00e8re, Nathalie Ratsimivony, dans le texte accompagnant une&nbsp;<a href=\"https:\/\/www.leetchi.com\/fr\/c\/agissons-pour-retrouver-hatice-tyah-1900028\" target=\"_blank\" rel=\"noreferrer noopener\">cagnotte en ligne(Nouvelle fen\u00eatre)<\/a>&nbsp;destin\u00e9e \u00e0 financer les fun\u00e9railles de la jeune fille de 16&nbsp;ans.<\/p>\n\n\n\n<p class=\"\">Selon sa famille, l&rsquo;adolescente \u00e9tait victime de harc\u00e8lement scolaire dans son lyc\u00e9e. Franceinfo r\u00e9sume ce que l&rsquo;on sait de cette affaire, alors que des investigations ont \u00e9t\u00e9 confi\u00e9es \u00e0 la police et qu&rsquo;une enqu\u00eate administrative a \u00e9t\u00e9 lanc\u00e9e par le rectorat de l&rsquo;acad\u00e9mie de Bordeaux.<\/p>\n\n\n\n<h2 class=\"wp-block-heading\">Tyah \u00e9tait port\u00e9e disparue depuis le 12&nbsp;janvier<\/h2>\n\n\n\n<p class=\"\">Durant plusieurs jours, les proches de Hatyce Halidi Selemani, connue sous son deuxi\u00e8me pr\u00e9nom, Tyah, ont nourri l&rsquo;espoir de la retrouver. L&rsquo;adolescente a \u00e9t\u00e9 vue pour la derni\u00e8re fois dans l&rsquo;apr\u00e8s-midi du lundi 12 janvier. Ce jour-l\u00e0, Tyah \u00e9tait rentr\u00e9e d\u00e9jeuner avec sa famille, mais elle n&rsquo;est pas retourn\u00e9e au lyc\u00e9e Pape-Cl\u00e9ment de Pessac, o\u00f9 elle \u00e9tait scolaris\u00e9e en classe de premi\u00e8re, pr\u00e9cise&nbsp;<a href=\"https:\/\/la1ere.franceinfo.fr\/pour-moi-il-y-a-un-hic-c-est-plus-qu-une-simple-fugue-la-famille-de-l-adolescente-mahoraise-disparue-a-bordeaux-redoute-une-mauvaise-rencontre-1663740.html\" target=\"_blank\" rel=\"noreferrer noopener\">Mayotte La&nbsp;1\u00e8re(Nouvelle fen\u00eatre)<\/a>.<\/p>\n\n\n\n<p class=\"\">D\u00e8s le 20 janvier, la police nationale a lanc\u00e9 un avis de recherche pour disparition inqui\u00e9tante de personne mineure. D&rsquo;importants moyens policiers ont \u00e9t\u00e9 d\u00e9ploy\u00e9s, souligne&nbsp;<a href=\"https:\/\/france3-regions.franceinfo.fr\/nouvelle-aquitaine\/gironde\/bordeaux\/le-corps-de-tyah-16-ans-portee-disparue-depuis-le-12-janvier-a-ete-retrouve-3290751.html\" target=\"_blank\" rel=\"noreferrer noopener\">France 3 Nouvelle Aquitaine(Nouvelle fen\u00eatre)<\/a>. Les enregistrements des cam\u00e9ras de surveillance des lieux o\u00f9 Tyah aurait \u00e9t\u00e9 aper\u00e7ue ont \u00e9t\u00e9 analys\u00e9s et les pompiers ont pr\u00eat\u00e9 main-forte aux forces de l&rsquo;ordre pour ratisser diff\u00e9rentes zones de la m\u00e9tropole bordelaise o\u00f9 elle aurait pu se trouver. Les berges de la Garonne ont \u00e9galement \u00e9t\u00e9 inspect\u00e9es, avec l&rsquo;appui de drones et d&rsquo;une \u00e9quipe cynophile.<strong>&nbsp;<\/strong>Sa famille a de son c\u00f4t\u00e9 multipli\u00e9 les appels \u00e0 t\u00e9moins et les vid\u00e9os sur les r\u00e9seaux sociaux pour tenter de la retrouver, d\u00e9taille Mayotte La&nbsp;1\u00e8re.<\/p>\n\n\n\n<h2 class=\"wp-block-heading\">Son corps a \u00e9t\u00e9 retrouv\u00e9 pendu dans un parc<\/h2>\n\n\n\n<p class=\"\">Apr\u00e8s plus de quinze jours de recherches, un corps sans vie a \u00e9t\u00e9 d\u00e9couvert, pendu, par un promeneur, le 29 janvier en fin d&rsquo;apr\u00e8s-midi, dans le parc de l&rsquo;Ermitage, \u00e0 Lormont, \u00e0 une vingtaine de kilom\u00e8tres du domicile familial. Le parquet de Bordeaux a confirm\u00e9 le jour m\u00eame qu&rsquo;il s&rsquo;agissait bien de Tyah. Dans un communiqu\u00e9, il a annonc\u00e9 que sa d\u00e9pouille devait<em>&nbsp;\u00ab\u00a0\u00eatre transport\u00e9e \u00e0 l&rsquo;institut de m\u00e9decine l\u00e9gale de Bordeaux afin qu&rsquo;une autopsie soit r\u00e9alis\u00e9e\u00a0\u00bb<\/em>, pour d\u00e9terminer les circonstances exactes de sa mort.<\/p>\n\n\n\n<h2 class=\"wp-block-heading\">\u00ab\u00a0Une dispute\u00a0\u00bb au lyc\u00e9e le jour de sa disparition<\/h2>\n\n\n\n<p class=\"\">Tyah \u00e9tait&nbsp;<em>\u00ab\u00a0une bonne \u00e9l\u00e8ve, avec de tr\u00e8s bonnes notes, gentille\u00a0\u00bb<\/em>, raconte son p\u00e8re, Nourdine Halidi Selemani, aupr\u00e8s de&nbsp;<a href=\"https:\/\/la1ere.franceinfo.fr\/temoignage-elle-avait-tout-l-avenir-devant-elle-et-maintenant-elle-n-est-plus-la-entre-colere-et-immense-chagrin-le-pere-de-tyah-face-aux-interrogations-1666791.html\" target=\"_blank\" rel=\"noreferrer noopener\">Mayotte La&nbsp;1\u00e8re(Nouvelle fen\u00eatre)<\/a>.<em>&nbsp;<\/em><em>\u00ab\u00a0Elle avait tout l&rsquo;avenir devant elle et, maintenant, elle n&rsquo;est plus l\u00e0\u00a0\u00bb,&nbsp;<\/em>t\u00e9moigne-t-il. Quelques jours plus t\u00f4t, sa m\u00e8re, Nathalie Ratsimivony, \u00e9voquait aupr\u00e8s de la cha\u00eene locale le contexte scolaire difficile dans lequel \u00e9voluait sa fille. Elle avait appris en d\u00e9cembre, lors d&rsquo;un entretien avec l&rsquo;infirmi\u00e8re du lyc\u00e9e, que Tyah \u00e9tait victime de harc\u00e8lement et avait sollicit\u00e9 une aide psychologique. Une rencontre avait eu lieu avec l&rsquo;\u00e9quipe p\u00e9dagogique \u00e0 la suite d&rsquo;un diff\u00e9rend avec d&rsquo;autres \u00e9l\u00e8ves. Lors de cette r\u00e9union, l&rsquo;adolescente aurait fondu en larmes, pr\u00e9cise Mayotte La&nbsp;1\u00e8re.<\/p>\n\n\n\n<p class=\"\">La famille a aussi rapport\u00e9 une seconde altercation, le jour de la disparition de la lyc\u00e9enne.&nbsp;<em>\u00ab\u00a0Des \u00e9l\u00e8ves nous ont donn\u00e9 des informations. Il y a eu une dispute le matin du 12 janvier dans la cour de r\u00e9cr\u00e9ation de l&rsquo;\u00e9cole, entre Tyah et un groupe d&rsquo;\u00e9l\u00e8ves\u00a0\u00bb<\/em>, raconte sa m\u00e8re. La grande s\u0153ur de l&rsquo;adolescente, Na\u00efsha, \u00e9voquait aussi une possible histoire de&nbsp;<em>\u00ab\u00a0triangle amoureux\u00a0\u00bb<\/em>.<\/p>\n\n\n\n<p class=\"\">Dans un&nbsp;<a href=\"https:\/\/www.bfmtv.com\/police-justice\/tyah-s-est-confiee-la-famille-de-l-adolescente-de-16-ans-retrouvee-morte-en-gironde-affirme-qu-elle-etait-victime-de-harcelement_AV-202602010108.html\" target=\"_blank\" rel=\"noreferrer noopener\">t\u00e9moignage accord\u00e9 \u00e0 BFMTV(Nouvelle fen\u00eatre)<\/a>&nbsp;dimanche, la m\u00e8re de la jeune fille, accompagn\u00e9e de deux de ses enfants, a d\u00e9clar\u00e9 que&nbsp;<em>\u00ab\u00a0Tyah s&rsquo;est confi\u00e9e \u00e0 une \u00e9l\u00e8ve\u00a0\u00bb<\/em>, disant que&nbsp;<em>\u00ab\u00a0si le harc\u00e8lement \u00e0 l&rsquo;\u00e9cole continuait, elle&nbsp;<\/em>[allait]<em>&nbsp;se suicider\u00a0\u00bb<\/em>.&nbsp;<em>\u00ab\u00a0Mais vis-\u00e0-vis de \u00e7a, on n&rsquo;a pas eu de suivi aupr\u00e8s du lyc\u00e9e pour savoir si ces personnes ont \u00e9t\u00e9 interpell\u00e9es ou convoqu\u00e9es\u00a0\u00bb,&nbsp;<\/em>a d\u00e9plor\u00e9 Erwan, le fr\u00e8re de l&rsquo;adolescente, sur la cha\u00eene d&rsquo;information en continu.<\/p>\n\n\n\n<h2 class=\"wp-block-heading\">Des enqu\u00eates ouvertes par le parquet et le rectorat<\/h2>\n\n\n\n<p class=\"\">Le lyc\u00e9e Pape-Cl\u00e9ment a mis en place une cellule psychologique au lendemain de la d\u00e9couverte du corps de Tyah.&nbsp;<em>\u00ab\u00a0Le recteur a souhait\u00e9 qu&rsquo;une enqu\u00eate administrative soit diligent\u00e9e par le rectorat d\u00e8s le d\u00e9but de la semaine&nbsp;<\/em>[du 2 f\u00e9vrier]&nbsp;<em>afin qu&rsquo;il puisse disposer de tous les \u00e9l\u00e9ments\u00a0\u00bb<\/em>, a d\u00e9clar\u00e9 lundi le rectorat de Bordeaux \u00e0 BFMTV.<\/p>\n\n\n\n<p class=\"\">La m\u00e8re de Tyah a par ailleurs \u00e9crit au recteur de l&rsquo;acad\u00e9mie pour d\u00e9noncer des faits de harc\u00e8lement dont aurait \u00e9t\u00e9 victime sa fille, a r\u00e9v\u00e9l\u00e9&nbsp;<a href=\"https:\/\/www.sudouest.fr\/gironde\/pessac\/mort-d-une-adolescente-de-16-ans-en-gironde-une-enquete-ouverte-pour-harcelement-27690396.php\" target=\"_blank\" rel=\"noreferrer noopener\"><em>Sud-Ouest<\/em>(Nouvelle fen\u00eatre)<\/a>&nbsp;lundi. Selon le quotidien, la lettre a \u00e9t\u00e9 transmise au parquet de Bordeaux, qui a saisi la division de la criminalit\u00e9 territoriale (DCT). L&rsquo;enqu\u00eate a \u00e9t\u00e9 confi\u00e9e \u00e0 l&rsquo;antenne bordelaise de l&rsquo;Office des mineurs (Ofmin), charg\u00e9e d&rsquo;entendre l&rsquo;entourage de l&rsquo;adolescente ainsi que des employ\u00e9s du lyc\u00e9e. La piste privilig\u00e9e est pour l&rsquo;instant celle du<em>&nbsp;\u00ab\u00a0geste de d\u00e9sespoir\u00a0\u00bb<\/em>, affirme le quotidien.<\/p>\n\n\n\n<p class=\"\">Le d\u00e9c\u00e8s de Tyah intervient quelques jours apr\u00e8s celui d&rsquo;une autre adolescente, Cam\u00e9lia,&nbsp;<a href=\"https:\/\/www.franceinfo.fr\/societe\/education\/harcelement-a-l-ecole\/suicide-de-camelia-en-seine-et-marne-un-manque-d-information-et-de-formations-sur-le-harcelement-dans-les-etablissements-scolaires-selon-l-association-e-enfance_7763981.html\">qui a mis fin \u00e0 ses jours<\/a>&nbsp;le 13 janvier en Seine-et-Marne. D&rsquo;apr\u00e8s sa famille, la jeune fille \u00e9tait, elle aussi, victime de harc\u00e8lement scolaire.<\/p>\n","protected":false},"excerpt":{"rendered":"<p>Selon sa famille, l&rsquo;adolescente, port\u00e9e disparue depuis le 12 janvier, \u00e9tait victime de harc\u00e8lement scolaire dans son lyc\u00e9e, \u00e0 Pessac.Ses proches redoutaient cette issue. Port\u00e9e disparue depuis deux semaines, Tyah, une adolescente mahoraise qui vivait \u00e0 Pessac (Gironde), a \u00e9t\u00e9 retrouv\u00e9e morte jeudi 29 janvier. Son corps a \u00e9t\u00e9 d\u00e9couvert pendu dans un parc, \u00e0 [&hellip;]<\/p>\n","protected":false},"author":2,"featured_media":42209,"comment_status":"open","ping_status":"open","sticky":false,"template":"","format":"standard","meta":{"_jetpack_memberships_contains_paid_content":false,"footnotes":"","jetpack_publicize_message":"","jetpack_publicize_feature_enabled":true,"jetpack_social_post_already_shared":true,"jetpack_social_options":{"image_generator_settings":{"template":"highway","default_image_id":0,"font":"","enabled":false},"version":2},"_wpas_customize_per_network":false},"categories":[405],"tags":[],"class_list":["post-42208","post","type-post","status-publish","format-standard","has-post-thumbnail","hentry","category-actu-france-monde"],"jetpack_publicize_connections":[],"jetpack_featured_media_url":"https:\/\/i0.wp.com\/www.iceagetv.com\/radiosite\/wp-content\/uploads\/2026\/02\/Ce-que-lon-sait-de-la-mort-de-Tyah.jpg?fit=784%2C438&ssl=1","jetpack_sharing_enabled":true,"_links":{"self":[{"href":"https:\/\/www.iceagetv.com\/radiosite\/wp-json\/wp\/v2\/posts\/42208","targetHints":{"allow":["GET"]}}],"collection":[{"href":"https:\/\/www.iceagetv.com\/radiosite\/wp-json\/wp\/v2\/posts"}],"about":[{"href":"https:\/\/www.iceagetv.com\/radiosite\/wp-json\/wp\/v2\/types\/post"}],"author":[{"embeddable":true,"href":"https:\/\/www.iceagetv.com\/radiosite\/wp-json\/wp\/v2\/users\/2"}],"replies":[{"embeddable":true,"href":"https:\/\/www.iceagetv.com\/radiosite\/wp-json\/wp\/v2\/comments?post=42208"}],"version-history":[{"count":1,"href":"https:\/\/www.iceagetv.com\/radiosite\/wp-json\/wp\/v2\/posts\/42208\/revisions"}],"predecessor-version":[{"id":42210,"href":"https:\/\/www.iceagetv.com\/radiosite\/wp-json\/wp\/v2\/posts\/42208\/revisions\/42210"}],"wp:featuredmedia":[{"embeddable":true,"href":"https:\/\/www.iceagetv.com\/radiosite\/wp-json\/wp\/v2\/media\/42209"}],"wp:attachment":[{"href":"https:\/\/www.iceagetv.com\/radiosite\/wp-json\/wp\/v2\/media?parent=42208"}],"wp:term":[{"taxonomy":"category","embeddable":true,"href":"https:\/\/www.iceagetv.com\/radiosite\/wp-json\/wp\/v2\/categories?post=42208"},{"taxonomy":"post_tag","embeddable":true,"href":"https:\/\/www.iceagetv.com\/radiosite\/wp-json\/wp\/v2\/tags?post=42208"}],"curies":[{"name":"wp","href":"https:\/\/api.w.org\/{rel}","templated":true}]}}