{"id":42227,"date":"2026-02-04T12:44:19","date_gmt":"2026-02-04T11:44:19","guid":{"rendered":"https:\/\/www.iceagetv.com\/radiosite\/?p=42227"},"modified":"2026-02-04T12:44:21","modified_gmt":"2026-02-04T11:44:21","slug":"professeure-agressee-au-couteau-a-sanary-sur-mer-en-garde-a-vue-leleve-dit-regretter-les-faits","status":"publish","type":"post","link":"https:\/\/www.iceagetv.com\/radiosite\/professeure-agressee-au-couteau-a-sanary-sur-mer-en-garde-a-vue-leleve-dit-regretter-les-faits\/","title":{"rendered":"Professeure agress\u00e9e au couteau \u00e0 Sanary-sur-Mer: en garde \u00e0 vue, l&rsquo;\u00e9l\u00e8ve dit regretter les faits"},"content":{"rendered":"\n<p class=\"\">S&rsquo;il a reconnu que son geste \u00e9tait pr\u00e9m\u00e9dit\u00e9, le coll\u00e9gien de 14 ans qui a poignard\u00e9 sa professeure d&rsquo;arts plastiques \u00e0 Sanary-sur-Mer regrette les faits en garde \u00e0 vue.<\/p>\n\n\n\n<p class=\"\">Le coll\u00e9gien de 14 ans,\u00a0<a href=\"https:\/\/www.bfmtv.com\/var\/ce-que-l-on-sait-de-l-agression-au-couteau-d-une-professeure-de-college-a-sanary-sur-mer-par-un-eleve_AV-202602030673.html\">qui a poignard\u00e9 une professeure d&rsquo;arts plastiques<\/a>\u00a0de l&rsquo;\u00e9tablissement de La Guicharde \u00e0 Sanary-sur-Mer (Var), ce mardi 3 f\u00e9vrier, a reconnu lors de sa garde \u00e0 vue que\u00a0<a href=\"https:\/\/www.bfmtv.com\/police-justice\/il-lui-en-voulait-le-procureur-evoque-des-tensions-entre-l-eleve-mis-en-cause-et-la-professeure-poignardee-a-sanary-sur-mer_AV-202602030692.html\">son geste \u00e9tait pr\u00e9m\u00e9dit\u00e9<\/a>, a appris BFMTV de sources proches de l&rsquo;enqu\u00eate. Mais l&rsquo;adolescent, entendu au commissariat de la commune, regrette les faits.Le suspect a gravement bless\u00e9 sa professeure, au moyen d&rsquo;un couteau de type Opinel dot\u00e9 d&rsquo;une lame de 12 centim\u00e8tres. Plusieurs t\u00e9moins affirment qu&rsquo;apr\u00e8s l&rsquo;agression au couteau, il criait et se tapait la t\u00eate contre les murs.<\/p>\n\n\n\n<h2 class=\"wp-block-heading\" id=\"6dpsb\">L&rsquo;enseignante d\u00e9sormais \u00ab\u00a0dans un \u00e9tat stable\u00a0\u00bb<\/h2>\n\n\n\n<p class=\"\">L&rsquo;enseignante admise \u00e0 l&rsquo;h\u00f4pital Saint-Anne de Toulon avec un pronostic vital engag\u00e9 est d\u00e9sormais \u00ab\u00a0dans un \u00e9tat stable\u00a0\u00bb. Elle a \u00e9t\u00e9 \u00ab\u00a0atteinte \u00e0 trois reprises \u00e0 l\u2019abdomen et \u00e0 une reprise \u00e0 l\u2019avant-bras gauche\u00a0\u00bb, selon un communiqu\u00e9 du procureur. L&rsquo;agression a eu lieu \u00ab\u00a0au moment de l&rsquo;intercours\u00a0\u00bb et \u00ab\u00a0au moins une partie\u00a0\u00bb des 22 \u00e9l\u00e8ves de la classe \u00ab\u00a0ont assist\u00e9 \u00e0 la sc\u00e8ne\u00a0\u00bb.<\/p>\n\n\n\n<p class=\"\">Les parents de l&rsquo;\u00e9l\u00e8ve de troisi\u00e8me ont \u00e9t\u00e9 entendus par la police ce mardi 3 f\u00e9vrier. Le procureur de Toulon, Rapha\u00ebl Balland, a fait \u00e9tat de \u00ab\u00a0probl\u00e9matiques familiales\u00a0\u00bb. Selon une source proche du dossier, l&rsquo;adolescent \u00e9tait suivi par un juge des enfants en assistance \u00e9ducative.Le coll\u00e9gien a \u00e9t\u00e9 plac\u00e9 en garde \u00e0 vue \u00ab\u00a0du chef de tentative d&rsquo;assassinat\u00a0\u00bb. Les investigations ont \u00e9t\u00e9 confi\u00e9es \u00ab\u00a0aux commissariats de police de Sanary et \u00e0 la division de la criminalit\u00e9 territoriale (DCT) du commissariat de Toulon\u00a0\u00bb, par le procureur de Toulon.<\/p>\n","protected":false},"excerpt":{"rendered":"<p>S&rsquo;il a reconnu que son geste \u00e9tait pr\u00e9m\u00e9dit\u00e9, le coll\u00e9gien de 14 ans qui a poignard\u00e9 sa professeure d&rsquo;arts plastiques \u00e0 Sanary-sur-Mer regrette les faits en garde \u00e0 vue. Le coll\u00e9gien de 14 ans,\u00a0qui a poignard\u00e9 une professeure d&rsquo;arts plastiques\u00a0de l&rsquo;\u00e9tablissement de La Guicharde \u00e0 Sanary-sur-Mer (Var), ce mardi 3 f\u00e9vrier, a reconnu lors de [&hellip;]<\/p>\n","protected":false},"author":2,"featured_media":42228,"comment_status":"open","ping_status":"open","sticky":false,"template":"","format":"standard","meta":{"_jetpack_memberships_contains_paid_content":false,"footnotes":"","jetpack_publicize_message":"","jetpack_publicize_feature_enabled":true,"jetpack_social_post_already_shared":true,"jetpack_social_options":{"image_generator_settings":{"template":"highway","default_image_id":0,"font":"","enabled":false},"version":2},"_wpas_customize_per_network":false},"categories":[405],"tags":[],"class_list":["post-42227","post","type-post","status-publish","format-standard","has-post-thumbnail","hentry","category-actu-france-monde"],"jetpack_publicize_connections":[],"jetpack_featured_media_url":"https:\/\/i0.wp.com\/www.iceagetv.com\/radiosite\/wp-content\/uploads\/2026\/02\/gT-xwp1o.jpg?fit=680%2C383&ssl=1","jetpack_sharing_enabled":true,"_links":{"self":[{"href":"https:\/\/www.iceagetv.com\/radiosite\/wp-json\/wp\/v2\/posts\/42227","targetHints":{"allow":["GET"]}}],"collection":[{"href":"https:\/\/www.iceagetv.com\/radiosite\/wp-json\/wp\/v2\/posts"}],"about":[{"href":"https:\/\/www.iceagetv.com\/radiosite\/wp-json\/wp\/v2\/types\/post"}],"author":[{"embeddable":true,"href":"https:\/\/www.iceagetv.com\/radiosite\/wp-json\/wp\/v2\/users\/2"}],"replies":[{"embeddable":true,"href":"https:\/\/www.iceagetv.com\/radiosite\/wp-json\/wp\/v2\/comments?post=42227"}],"version-history":[{"count":1,"href":"https:\/\/www.iceagetv.com\/radiosite\/wp-json\/wp\/v2\/posts\/42227\/revisions"}],"predecessor-version":[{"id":42229,"href":"https:\/\/www.iceagetv.com\/radiosite\/wp-json\/wp\/v2\/posts\/42227\/revisions\/42229"}],"wp:featuredmedia":[{"embeddable":true,"href":"https:\/\/www.iceagetv.com\/radiosite\/wp-json\/wp\/v2\/media\/42228"}],"wp:attachment":[{"href":"https:\/\/www.iceagetv.com\/radiosite\/wp-json\/wp\/v2\/media?parent=42227"}],"wp:term":[{"taxonomy":"category","embeddable":true,"href":"https:\/\/www.iceagetv.com\/radiosite\/wp-json\/wp\/v2\/categories?post=42227"},{"taxonomy":"post_tag","embeddable":true,"href":"https:\/\/www.iceagetv.com\/radiosite\/wp-json\/wp\/v2\/tags?post=42227"}],"curies":[{"name":"wp","href":"https:\/\/api.w.org\/{rel}","templated":true}]}}