{"id":42230,"date":"2026-02-04T14:21:10","date_gmt":"2026-02-04T13:21:10","guid":{"rendered":"https:\/\/www.iceagetv.com\/radiosite\/?p=42230"},"modified":"2026-02-04T14:21:13","modified_gmt":"2026-02-04T13:21:13","slug":"sante-nous-voulons-quil-y-ait-un-depistage-generalise-du-cancer-du-poumon-dici-a-2030-declare-la-ministre-de-la-sante","status":"publish","type":"post","link":"https:\/\/www.iceagetv.com\/radiosite\/sante-nous-voulons-quil-y-ait-un-depistage-generalise-du-cancer-du-poumon-dici-a-2030-declare-la-ministre-de-la-sante\/","title":{"rendered":"Sant\u00e9 : \u00ab\u00a0Nous voulons qu&rsquo;il y ait un d\u00e9pistage g\u00e9n\u00e9ralis\u00e9 du cancer du poumon d&rsquo;ici \u00e0 2030\u00a0\u00bb, d\u00e9clare la ministre de la Sant\u00e9"},"content":{"rendered":"\n<p class=\"\">St\u00e9phanie Rist pr\u00e9cise que \u00ab\u00a0plus de 20 000 personnes pourront \u00eatre d\u00e9pist\u00e9es de fa\u00e7on cibl\u00e9e, d\u00e8s le mois de mars\u00a0\u00bb dans le but d'\u00a0\u00bbavancer vers un d\u00e9pistage de masse\u00a0\u00bb.<em>\u00ab\u00a0Nous voulons qu&rsquo;il y ait un d\u00e9pistage g\u00e9n\u00e9ralis\u00e9 du cancer du poumon d&rsquo;ici \u00e0 2030\u00a0\u00bb,<\/em>\u00a0d\u00e9clare mercredi 4 f\u00e9vrier sur franceinfo la ministre de la Sant\u00e9, St\u00e9phanie Rist, \u00e0 l&rsquo;occasion de la journ\u00e9e mondiale contre le cancer.\u00a0<em>\u00ab\u00a0Il n&rsquo;y a pas de politique de d\u00e9pistage collectif comme on peut l&rsquo;avoir dans le cancer du sein ou dans le cancer du c\u00f4lon. C&rsquo;est ce que nous voulons faire demain\u00a0\u00bb,\u00a0<\/em>ajoute-t-elle.<em>\u00ab\u00a0\u00c7a va commencer d\u00e8s le mois de mars, avec plus de 20&nbsp;000&nbsp;personnes qui pourront \u00eatre d\u00e9pist\u00e9es de fa\u00e7on cibl\u00e9e pour le cancer du poumon\u00a0\u00bb,<\/em>&nbsp;pr\u00e9cise St\u00e9phanie Rist.<\/p>\n\n\n\n<h2 class=\"wp-block-heading\">Savoir, d&rsquo;ici 2030, quel type de personnes cibler<\/h2>\n\n\n\n<p class=\"\">Cette inclusion de patients dans plusieurs \u00e9tudes, permettra \u00e0 l&rsquo;\u00c9tat d&rsquo;ici \u00e0 2030&nbsp;<em>\u00ab\u00a0de dire quel Fran\u00e7ais doit avoir un d\u00e9pistage\u00a0\u00bb<\/em>&nbsp;et&nbsp;<em>\u00ab\u00a0d&rsquo;avancer r\u00e9ellement vers ce d\u00e9pistage de masse, comme nous le faisons pour le cancer du sein ou pour le cancer du c\u00f4lon\u00a0\u00bb.&nbsp;<\/em>Ce d\u00e9pistage sera&nbsp;<em>\u00ab\u00a0plut\u00f4t bas\u00e9 sur des scanners de poumons, des scanners peut-\u00eatre sp\u00e9cifiques\u00a0\u00bb,<\/em>&nbsp;avance la ministre, promettant que des pr\u00e9cisions seront faites au mois de mars.<\/p>\n\n\n\n<p class=\"\">Elle annonce aussi sur franceinfo\u00a0<em>\u00ab\u00a0un autre d\u00e9pistage, dans le cadre d&rsquo;une nouvelle exp\u00e9rimentation\u00a0\u00bb<\/em>\u00a0qui va aussi \u00eatre men\u00e9e,\u00a0<em>\u00ab\u00a0pour cibler les personnes qui sont \u00e0 haut risque de cancer du sein\u00a0\u00bb.\u00a0<\/em>La ministre pr\u00e9cise qu&rsquo;Emmanuel Macron doit annoncer les moyens et les priorit\u00e9s donn\u00e9es \u00e0 la lutte contre le cancer mercredi.<em>Dans le cadre de cette strat\u00e9gie nationale sur dix ans, 2020-2030, aujourd&rsquo;hui, va \u00eatre pr\u00e9sent\u00e9e la deuxi\u00e8me partie de cette strat\u00e9gie d\u00e9cennale,&nbsp;<\/em>pr\u00e9cise la ministre.&nbsp;<em>Le pr\u00e9sident va pouvoir expliquer l&rsquo;investissement public de notre pays pour mieux d\u00e9pister, faire plus de recherches et traiter les malades de cancer.\u00a0\u00bb<\/em><\/p>\n\n\n\n<p class=\"\">St\u00e9phanie Rist se dit fi\u00e8re&nbsp;<em>\u00ab\u00a0d&rsquo;\u00eatre dans un pays o\u00f9 cet investissement public de plus d&rsquo;un milliard d&rsquo;euros permet de faire plus de recherches, plus de d\u00e9pistages et plus de traitements souverains.\u00a0\u00bb<\/em><\/p>\n","protected":false},"excerpt":{"rendered":"<p>St\u00e9phanie Rist pr\u00e9cise que \u00ab\u00a0plus de 20 000 personnes pourront \u00eatre d\u00e9pist\u00e9es de fa\u00e7on cibl\u00e9e, d\u00e8s le mois de mars\u00a0\u00bb dans le but d&rsquo;\u00a0\u00bbavancer vers un d\u00e9pistage de masse\u00a0\u00bb.\u00ab\u00a0Nous voulons qu&rsquo;il y ait un d\u00e9pistage g\u00e9n\u00e9ralis\u00e9 du cancer du poumon d&rsquo;ici \u00e0 2030\u00a0\u00bb,\u00a0d\u00e9clare mercredi 4 f\u00e9vrier sur franceinfo la ministre de la Sant\u00e9, St\u00e9phanie Rist, [&hellip;]<\/p>\n","protected":false},"author":2,"featured_media":42231,"comment_status":"open","ping_status":"open","sticky":false,"template":"","format":"standard","meta":{"_jetpack_memberships_contains_paid_content":false,"footnotes":"","jetpack_publicize_message":"","jetpack_publicize_feature_enabled":true,"jetpack_social_post_already_shared":true,"jetpack_social_options":{"image_generator_settings":{"template":"highway","default_image_id":0,"font":"","enabled":false},"version":2},"_wpas_customize_per_network":false},"categories":[405],"tags":[],"class_list":["post-42230","post","type-post","status-publish","format-standard","has-post-thumbnail","hentry","category-actu-france-monde"],"jetpack_publicize_connections":[],"jetpack_featured_media_url":"https:\/\/i0.wp.com\/www.iceagetv.com\/radiosite\/wp-content\/uploads\/2026\/02\/Nous-voulons-quil-y-ait-un-depistage-generalise-du-cancer-du-poumon-dici-a-2030.jpg?fit=767%2C407&ssl=1","jetpack_sharing_enabled":true,"_links":{"self":[{"href":"https:\/\/www.iceagetv.com\/radiosite\/wp-json\/wp\/v2\/posts\/42230","targetHints":{"allow":["GET"]}}],"collection":[{"href":"https:\/\/www.iceagetv.com\/radiosite\/wp-json\/wp\/v2\/posts"}],"about":[{"href":"https:\/\/www.iceagetv.com\/radiosite\/wp-json\/wp\/v2\/types\/post"}],"author":[{"embeddable":true,"href":"https:\/\/www.iceagetv.com\/radiosite\/wp-json\/wp\/v2\/users\/2"}],"replies":[{"embeddable":true,"href":"https:\/\/www.iceagetv.com\/radiosite\/wp-json\/wp\/v2\/comments?post=42230"}],"version-history":[{"count":1,"href":"https:\/\/www.iceagetv.com\/radiosite\/wp-json\/wp\/v2\/posts\/42230\/revisions"}],"predecessor-version":[{"id":42232,"href":"https:\/\/www.iceagetv.com\/radiosite\/wp-json\/wp\/v2\/posts\/42230\/revisions\/42232"}],"wp:featuredmedia":[{"embeddable":true,"href":"https:\/\/www.iceagetv.com\/radiosite\/wp-json\/wp\/v2\/media\/42231"}],"wp:attachment":[{"href":"https:\/\/www.iceagetv.com\/radiosite\/wp-json\/wp\/v2\/media?parent=42230"}],"wp:term":[{"taxonomy":"category","embeddable":true,"href":"https:\/\/www.iceagetv.com\/radiosite\/wp-json\/wp\/v2\/categories?post=42230"},{"taxonomy":"post_tag","embeddable":true,"href":"https:\/\/www.iceagetv.com\/radiosite\/wp-json\/wp\/v2\/tags?post=42230"}],"curies":[{"name":"wp","href":"https:\/\/api.w.org\/{rel}","templated":true}]}}