{"id":42260,"date":"2026-02-05T10:51:46","date_gmt":"2026-02-05T09:51:46","guid":{"rendered":"https:\/\/www.iceagetv.com\/radiosite\/?p=42260"},"modified":"2026-02-05T10:51:49","modified_gmt":"2026-02-05T09:51:49","slug":"alors-que-les-audiences-sont-en-net-recul-depart-surprise-de-adele-van-reeth-qui-va-quitter-la-direction-de-france-inter-le-figaro-celine-pigalle-lactuelle-directrice-de-linfor","status":"publish","type":"post","link":"https:\/\/www.iceagetv.com\/radiosite\/alors-que-les-audiences-sont-en-net-recul-depart-surprise-de-adele-van-reeth-qui-va-quitter-la-direction-de-france-inter-le-figaro-celine-pigalle-lactuelle-directrice-de-linfor\/","title":{"rendered":"Alors que les audiences sont en net recul, d\u00e9part surprise de Ad\u00e8le Van Reeth qui va quitter la direction de France Inter (Le Figaro) &#8211; C\u00e9line Pigalle, l\u2019actuelle directrice de l\u2019information de Radio France, lui succ\u00e8de"},"content":{"rendered":"\n<p class=\"\">Selon&nbsp;<a href=\"https:\/\/www.lefigaro.fr\/medias\/adele-van-reeth-quitte-la-direction-de-france-inter-20260205\" target=\"_blank\" rel=\"noreferrer noopener\">Le Figaro<\/a>, Ad\u00e8le van Reeth, la directrice de France Inter, va quitter son poste. Elle avait pris ses fonctions le 29 ao\u00fbt 2022, apr\u00e8s avoir \u00e9t\u00e9 nomm\u00e9e \u00e0 ce poste en f\u00e9vrier 2022, pour remplacer Laurence Bloch. C\u00e9line Pigalle, l\u2019actuelle directrice de l\u2019information de Radio France, lui succ\u00e8de.&nbsp;<\/p>\n\n\n\n<p class=\"\">\u00ab\u00a0Paye-t-elle des audiences d\u00e9cevantes ? \u00c0 moins que cette d\u00e9cision ne soit li\u00e9e aux d\u00e9parts r\u00e9cents de plusieurs dirigeants au sein du comit\u00e9 de direction de France Inter\u00a0\u00bb, s&rsquo;interrogent nos confr\u00e8res.<\/p>\n\n\n\n<p class=\"\">D&rsquo;apr\u00e8s Le Figaro, Ad\u00e8le van Reeth aurait envisag\u00e9 de quitter son poste d\u00e8s l&rsquo;\u00e9t\u00e9 dernier. \u00ab\u00a0Mais les d\u00e9parts de Marc Fauvelle et de Jonathan Curiel auraient contrari\u00e9 ses projets\u00a0\u00bb, pr\u00e9cisent nos confr\u00e8res.<\/p>\n\n\n\n<p class=\"\">Le premier, qui \u00e9tait directeur de l&rsquo;info de France Inter, est parti cette saison sur BFMTV ; le second, directeur des contenus de France Inter, est parti vers le groupe M6.<\/p>\n\n\n\n<p class=\"\">Dernier d\u00e9part en date : celui de Philippe Corb\u00e9, le directeur de l\u2019information de France Inter depuis avril dernier. Depuis le d\u00e9but du mois, le journaliste est le nouveau patron de l\u2019information de France T\u00e9l\u00e9visions.<\/p>\n\n\n\n<p class=\"\">\u00ab\u00a0Radio France salue l\u2019excellent bilan d\u2019Ad\u00e8le Van Reeth \u00e0 la t\u00eate de France Inter. A l\u2019issue de ses quatre ann\u00e9es en responsabilit\u00e9, les audiences sont historiques \u00e0 la radio comme sur le num\u00e9rique avec une modernisation continue, \u00e0 l\u2019\u00e9coute et \u00e0 l\u2019initiative des nouvelles tendances\u00a0\u00bb, d\u00e9clare le groupe Radio France dans un communiqu\u00e9.&nbsp;<\/p>\n\n\n\n<p class=\"\">Et d&rsquo;ajouter : \u00ab\u00a0L\u2019attractivit\u00e9 de France Inter aux plus grands et aux nouveaux talents s\u2019est aussi illustr\u00e9e ces derni\u00e8res ann\u00e9es avec des figures comme Patrick Cohen, Benjamin Duhamel, Mathieu No\u00ebl, Camille Diao, Mehdi Maizi, Daphn\u00e9 Burki, Bertrand Chameroy, Mosimann\u2026 qui sont venues rejoindre les figures historiques de la cha\u00eene\u00a0\u00bb.&nbsp;<\/p>\n\n\n\n<p class=\"\">\u00ab\u00a0Ad\u00e8le Van Reeth, grande productrice historique de Radio France, a fait part de son souhait de retrouver l\u2019antenne la saison prochaine. Elle a accept\u00e9 d\u2019anticiper son d\u00e9part dans l\u2019int\u00e9r\u00eat de France Inter pour que la pr\u00e9paration de la rentr\u00e9e 2026-2027 se fasse dans les meilleures conditions. Radio France la remercie chaleureusement pour l\u2019int\u00e9gralit\u00e9 de son action \u00e0 la t\u00eate de France Inter\u00a0\u00bb, conclut le communiqu\u00e9.&nbsp;<\/p>\n\n\n\n<p class=\"\"><strong>Biographie de C\u00e9line Pigalle<\/strong><\/p>\n\n\n\n<p class=\"\">C\u00e9line Pigalle, \u00e9tait Directrice du r\u00e9seau ICI depuis avril 2023 dont elle a pilot\u00e9 le renouveau \u00e9ditorial et de marque ainsi que les d\u00e9ploiements num\u00e9riques qui portent aujourd\u2019hui les r\u00e9ussites majeures de la plateforme ICI.<\/p>\n\n\n\n<p class=\"\">Elle \u00e9tait aussi Directrice de l\u2019information de Radio France depuis septembre 2024, apr\u00e8s une carri\u00e8re de dirigeante dans plusieurs grandes r\u00e9dactions (Europe 1, Canal+, It\u00e9l\u00e9, BfmTv).<\/p>\n\n\n\n<p class=\"\">Figure de r\u00e9f\u00e9rence du journalisme fran\u00e7ais et fine connaisseuse des programmes g\u00e9n\u00e9ralistes, elle concentre toute l\u2019exp\u00e9rience pour porter la premi\u00e8re radio d\u2019information et de programme de France.<\/p>\n","protected":false},"excerpt":{"rendered":"<p>Selon&nbsp;Le Figaro, Ad\u00e8le van Reeth, la directrice de France Inter, va quitter son poste. Elle avait pris ses fonctions le 29 ao\u00fbt 2022, apr\u00e8s avoir \u00e9t\u00e9 nomm\u00e9e \u00e0 ce poste en f\u00e9vrier 2022, pour remplacer Laurence Bloch. C\u00e9line Pigalle, l\u2019actuelle directrice de l\u2019information de Radio France, lui succ\u00e8de.&nbsp; \u00ab\u00a0Paye-t-elle des audiences d\u00e9cevantes ? \u00c0 moins [&hellip;]<\/p>\n","protected":false},"author":2,"featured_media":42261,"comment_status":"open","ping_status":"open","sticky":false,"template":"","format":"standard","meta":{"_jetpack_memberships_contains_paid_content":false,"footnotes":"","jetpack_publicize_message":"","jetpack_publicize_feature_enabled":true,"jetpack_social_post_already_shared":true,"jetpack_social_options":{"image_generator_settings":{"template":"highway","default_image_id":0,"font":"","enabled":false},"version":2},"_wpas_customize_per_network":false},"categories":[68],"tags":[],"class_list":["post-42260","post","type-post","status-publish","format-standard","has-post-thumbnail","hentry","category-actu-culturelle"],"jetpack_publicize_connections":[],"jetpack_featured_media_url":"https:\/\/i0.wp.com\/www.iceagetv.com\/radiosite\/wp-content\/uploads\/2026\/02\/KQ1f1RYE.jpg?fit=679%2C293&ssl=1","jetpack_sharing_enabled":true,"_links":{"self":[{"href":"https:\/\/www.iceagetv.com\/radiosite\/wp-json\/wp\/v2\/posts\/42260","targetHints":{"allow":["GET"]}}],"collection":[{"href":"https:\/\/www.iceagetv.com\/radiosite\/wp-json\/wp\/v2\/posts"}],"about":[{"href":"https:\/\/www.iceagetv.com\/radiosite\/wp-json\/wp\/v2\/types\/post"}],"author":[{"embeddable":true,"href":"https:\/\/www.iceagetv.com\/radiosite\/wp-json\/wp\/v2\/users\/2"}],"replies":[{"embeddable":true,"href":"https:\/\/www.iceagetv.com\/radiosite\/wp-json\/wp\/v2\/comments?post=42260"}],"version-history":[{"count":1,"href":"https:\/\/www.iceagetv.com\/radiosite\/wp-json\/wp\/v2\/posts\/42260\/revisions"}],"predecessor-version":[{"id":42262,"href":"https:\/\/www.iceagetv.com\/radiosite\/wp-json\/wp\/v2\/posts\/42260\/revisions\/42262"}],"wp:featuredmedia":[{"embeddable":true,"href":"https:\/\/www.iceagetv.com\/radiosite\/wp-json\/wp\/v2\/media\/42261"}],"wp:attachment":[{"href":"https:\/\/www.iceagetv.com\/radiosite\/wp-json\/wp\/v2\/media?parent=42260"}],"wp:term":[{"taxonomy":"category","embeddable":true,"href":"https:\/\/www.iceagetv.com\/radiosite\/wp-json\/wp\/v2\/categories?post=42260"},{"taxonomy":"post_tag","embeddable":true,"href":"https:\/\/www.iceagetv.com\/radiosite\/wp-json\/wp\/v2\/tags?post=42260"}],"curies":[{"name":"wp","href":"https:\/\/api.w.org\/{rel}","templated":true}]}}