{"id":42263,"date":"2026-02-05T15:30:44","date_gmt":"2026-02-05T14:30:44","guid":{"rendered":"https:\/\/www.iceagetv.com\/radiosite\/?p=42263"},"modified":"2026-02-05T15:30:46","modified_gmt":"2026-02-05T14:30:46","slug":"depression-leonardo-la-situation-reste-difficile-en-andalousie-risque-maximal-de-crue-du-tage-au-portugal","status":"publish","type":"post","link":"https:\/\/www.iceagetv.com\/radiosite\/depression-leonardo-la-situation-reste-difficile-en-andalousie-risque-maximal-de-crue-du-tage-au-portugal\/","title":{"rendered":"D\u00e9pression Leonardo: la situation reste \u00ab\u00a0difficile\u00a0\u00bb en Andalousie, risque \u00ab\u00a0maximal\u00a0\u00bb de crue du Tage au Portugal"},"content":{"rendered":"\n<p class=\"\"><strong>La p\u00e9ninsule ib\u00e9rique affronte toujours jeudi les cons\u00e9quences de la d\u00e9pression Leonardo et de ses pluies exceptionnelles, entre importantes inondations et milliers d&rsquo;\u00e9vacuations dans le sud de l&rsquo;Espagne, et alerte rouge au risque de crue du Tage dans le centre du Portugal.\u00a0<\/strong>Une personne est morte au Portugal et une femme, tomb\u00e9e dans un cours d&rsquo;eau, est port\u00e9e disparue en Andalousie, dans le sud de l&rsquo;Espagne, selon des bilans officiels.<\/p>\n\n\n\n<p class=\"\">La p\u00e9ninsule ib\u00e9rique est en premi\u00e8re ligne du d\u00e9r\u00e8glement climatique en Europe et subit, depuis plusieurs ann\u00e9es, des vagues de chaleur de plus en plus longues et des \u00e9pisodes de fortes pluies de plus en plus fr\u00e9quents et intenses.<\/p>\n\n\n\n<p class=\"\">La temp\u00eate Leonardo est la sixi\u00e8me du genre depuis d\u00e9but 2026, en \u00e0 peine plus d&rsquo;un mois, selon l&rsquo;agence m\u00e9t\u00e9orologique espagnole (Aemet).<\/p>\n\n\n\n<p class=\"\">Au Portugal, le risque de crue du Tage \u00ab\u00a0est pass\u00e9 au niveau rouge, son niveau maximal\u00a0\u00bb pour le district de Santar\u00e9m, a indiqu\u00e9 \u00e0 la mi-journ\u00e9e \u00e0 l&rsquo;AFP l&rsquo;Autorit\u00e9 nationale de protection civile, et les autorit\u00e9s municipales de la commune ont ordonn\u00e9 l'\u00a0\u00bb\u00e9vacuation obligatoire\u00a0\u00bb des zones riveraines en l&rsquo;espace de sept heures.<\/p>\n\n\n\n<p class=\"\">\u00ab\u00a0Nous n&rsquo;avions pas connu une telle situation dans le bassin du Tage depuis 1997\u00a0\u00bb, a soulign\u00e9 lors d&rsquo;une conf\u00e9rence de presse le commandant national de la protection civile, Mario Silvestre.<\/p>\n\n\n\n<p class=\"\">&#8211; \u00ab\u00a0Impressionnant\u00a0\u00bb &#8211;<\/p>\n\n\n\n<p class=\"\">A Alcacer do Sal, \u00e0 une centaine de kilom\u00e8tres au sud de Lisbonne, le fleuve Sado est sorti de son lit, ont constat\u00e9 jeudi des journalistes de l&rsquo;AFP, inondant les rues du centre-ville et contraignant pr\u00e8s d&rsquo;une centaine d&rsquo;habitants \u00e0 \u00eatre \u00e9vacu\u00e9s.<\/p>\n\n\n\n<p class=\"\">\u00ab\u00a0C&rsquo;est impressionnant&nbsp;!\u00a0\u00bb, a r\u00e9agi sur place jeudi matin le pr\u00e9sident Marcelo Rebelo de Sousa.<\/p>\n\n\n\n<p class=\"\">La maire de la ville, Clarisse Campos, a elle d\u00e9clar\u00e9 que \u00ab\u00a0ne pas avoir le souvenir\u00a0\u00bb d&rsquo;avoir d\u00e9j\u00e0 vu une telle temp\u00eate dans sa commune de 11.000 habitants.<\/p>\n\n\n\n<p class=\"\">Une semaine apr\u00e8s le passage d\u00e9vastateur de la temp\u00eate Kristin, ayant fait cinq morts dans le pays, 76.000 clients restent toujours priv\u00e9s d&rsquo;\u00e9lectricit\u00e9 dans le pays.<\/p>\n\n\n\n<p class=\"\">Le Portugal, o\u00f9 se tient dimanche le deuxi\u00e8me tour de l&rsquo;\u00e9lection pr\u00e9sidentielle, a v\u00e9cu son deuxi\u00e8me mois de janvier le plus pluvieux depuis 2000, d&rsquo;apr\u00e8s l&rsquo;agence m\u00e9t\u00e9orologique nationale (IPMA).<\/p>\n\n\n\n<p class=\"\">En Espagne, \u00e0 Grazalema, une commune d&rsquo;Andalousie particuli\u00e8rement touch\u00e9e, \u00ab\u00a0en l&rsquo;espace de 16 heures, il a plu pratiquement autant que ce qui tombe en un an dans la r\u00e9gion de Madrid\u00a0\u00bb, a soulign\u00e9 le pr\u00e9sident r\u00e9gional Juan Manuel Moreno.&nbsp;<\/p>\n\n\n\n<p class=\"\">\u00ab\u00a0En Andalousie, aux mois de janvier et f\u00e9vrier, nous avons toujours eu l&rsquo;anticyclone des A\u00e7ores, qui a \u00e9t\u00e9 une sorte de barri\u00e8re de protection gr\u00e2ce \u00e0 laquelle nous avions habituellement du soleil en hiver\u00a0\u00bb, a-t-il ajout\u00e9, \u00e9voquant des pr\u00e9cipitations \u00ab\u00a0jamais vues auparavant\u00a0\u00bb et une situation \u00ab\u00a0difficile\u00a0\u00bb.<\/p>\n\n\n\n<p class=\"\">La petite ville de Grazalema se situe \u00e0 800 m\u00e8tres d&rsquo;altitude, faisant craindre aux autorit\u00e9s que l&rsquo;eau accumul\u00e9e en surface en raison des sols satur\u00e9s ruisselle en aval, provoquant des inondations et des glissements de terrain.<\/p>\n\n\n\n<p class=\"\">Sur place, l&rsquo;eau s&rsquo;\u00e9coulait encore \u00e0 un d\u00e9bit soutenu dans les petites ruelles pav\u00e9es de pierre de la la commune, sous une pluie persistante, a constat\u00e9 dans la matin\u00e9e un journaliste de l&rsquo;AFP.<\/p>\n\n\n\n<p class=\"\">&#8211; \u00ab\u00a0Des jours compliqu\u00e9s\u00a0\u00bb &#8211;<\/p>\n\n\n\n<p class=\"\">A environ 170 km de l\u00e0, plus \u00e0 l&rsquo;est, \u00e0 D\u00fadar, une rivi\u00e8re est compl\u00e8tement sortie de son lit, inondant les environs d&rsquo;une eau brun\u00e2tre et poussant les autorit\u00e9s locales \u00e0 \u00e9vacuer des habitants, a constat\u00e9 un autre journaliste de l&rsquo;AFP.<\/p>\n\n\n\n<p class=\"\">\u00ab\u00a0Il est \u00e9vident que ce sont des jours compliqu\u00e9s, difficiles\u00a0\u00bb, a r\u00e9agi le Premier ministre espagnol Pedro S\u00e1nchez.<\/p>\n\n\n\n<p class=\"\">Jeudi matin, l&rsquo;Aemet a abaiss\u00e9 son alerte en Andalousie pour tr\u00e8s fortes pr\u00e9cipitations de \u00ab\u00a0rouge\u00a0\u00bb &#8212; le niveau le plus \u00e9lev\u00e9 &#8212; \u00e0 \u00ab\u00a0orange\u00a0\u00bb, mettant en garde toutefois contre des vents toujours \u00ab\u00a0tr\u00e8s forts\u00a0\u00bb.&nbsp;<\/p>\n\n\n\n<p class=\"\">La Garde civile a de son c\u00f4t\u00e9 indiqu\u00e9 \u00e0 l&rsquo;AFP \u00eatre toujours \u00ab\u00a0\u00e0 la recherche\u00a0\u00bb d'\u00a0\u00bbune femme tomb\u00e9e dans la rivi\u00e8re Turville, sur la commune de Sayalonga\u00a0\u00bb, \u00e0 une cinquantaine de kilom\u00e8tres de Malaga.<\/p>\n\n\n\n<p class=\"\">Des zones du centre et du nord-ouest de l&rsquo;Espagne, \u00e0 un millier de km de l\u00e0, se trouvent \u00e9galement en alerte orange, essentiellement pour des vents violents.<\/p>\n\n\n\n<p class=\"\">Apr\u00e8s leur suspension mercredi dans quasiment toute l&rsquo;Andalousie, les cours ont repris dans certains \u00e9tablissements scolaires, mais pas dans les zones les plus touch\u00e9es par les inondations.<\/p>\n\n\n\n<p class=\"\">Le trafic ferroviaire et routier reste toujours largement ralenti jeudi.<\/p>\n","protected":false},"excerpt":{"rendered":"<p>La p\u00e9ninsule ib\u00e9rique affronte toujours jeudi les cons\u00e9quences de la d\u00e9pression Leonardo et de ses pluies exceptionnelles, entre importantes inondations et milliers d&rsquo;\u00e9vacuations dans le sud de l&rsquo;Espagne, et alerte rouge au risque de crue du Tage dans le centre du Portugal.\u00a0Une personne est morte au Portugal et une femme, tomb\u00e9e dans un cours d&rsquo;eau, [&hellip;]<\/p>\n","protected":false},"author":2,"featured_media":42264,"comment_status":"open","ping_status":"open","sticky":false,"template":"","format":"standard","meta":{"_jetpack_memberships_contains_paid_content":false,"footnotes":"","jetpack_publicize_message":"","jetpack_publicize_feature_enabled":true,"jetpack_social_post_already_shared":true,"jetpack_social_options":{"image_generator_settings":{"template":"highway","default_image_id":0,"font":"","enabled":false},"version":2},"_wpas_customize_per_network":false},"categories":[14],"tags":[],"class_list":["post-42263","post","type-post","status-publish","format-standard","has-post-thumbnail","hentry","category-actu-meteo"],"jetpack_publicize_connections":[],"jetpack_featured_media_url":"https:\/\/i0.wp.com\/www.iceagetv.com\/radiosite\/wp-content\/uploads\/2026\/02\/Depression-Leonardo.jpg?fit=917%2C409&ssl=1","jetpack_sharing_enabled":true,"_links":{"self":[{"href":"https:\/\/www.iceagetv.com\/radiosite\/wp-json\/wp\/v2\/posts\/42263","targetHints":{"allow":["GET"]}}],"collection":[{"href":"https:\/\/www.iceagetv.com\/radiosite\/wp-json\/wp\/v2\/posts"}],"about":[{"href":"https:\/\/www.iceagetv.com\/radiosite\/wp-json\/wp\/v2\/types\/post"}],"author":[{"embeddable":true,"href":"https:\/\/www.iceagetv.com\/radiosite\/wp-json\/wp\/v2\/users\/2"}],"replies":[{"embeddable":true,"href":"https:\/\/www.iceagetv.com\/radiosite\/wp-json\/wp\/v2\/comments?post=42263"}],"version-history":[{"count":1,"href":"https:\/\/www.iceagetv.com\/radiosite\/wp-json\/wp\/v2\/posts\/42263\/revisions"}],"predecessor-version":[{"id":42265,"href":"https:\/\/www.iceagetv.com\/radiosite\/wp-json\/wp\/v2\/posts\/42263\/revisions\/42265"}],"wp:featuredmedia":[{"embeddable":true,"href":"https:\/\/www.iceagetv.com\/radiosite\/wp-json\/wp\/v2\/media\/42264"}],"wp:attachment":[{"href":"https:\/\/www.iceagetv.com\/radiosite\/wp-json\/wp\/v2\/media?parent=42263"}],"wp:term":[{"taxonomy":"category","embeddable":true,"href":"https:\/\/www.iceagetv.com\/radiosite\/wp-json\/wp\/v2\/categories?post=42263"},{"taxonomy":"post_tag","embeddable":true,"href":"https:\/\/www.iceagetv.com\/radiosite\/wp-json\/wp\/v2\/tags?post=42263"}],"curies":[{"name":"wp","href":"https:\/\/api.w.org\/{rel}","templated":true}]}}