{"id":42270,"date":"2026-02-06T07:37:37","date_gmt":"2026-02-06T06:37:37","guid":{"rendered":"https:\/\/www.iceagetv.com\/radiosite\/?p=42270"},"modified":"2026-02-06T07:37:40","modified_gmt":"2026-02-06T06:37:40","slug":"le-gouvernement-lance-un-appel-doffre-pour-confier-les-donnees-de-sante-des-francais-a-une-plateforme-securisee-europeenne","status":"publish","type":"post","link":"https:\/\/www.iceagetv.com\/radiosite\/le-gouvernement-lance-un-appel-doffre-pour-confier-les-donnees-de-sante-des-francais-a-une-plateforme-securisee-europeenne\/","title":{"rendered":"Le gouvernement lance un appel d&rsquo;offre pour confier les donn\u00e9es de sant\u00e9 des Fran\u00e7ais \u00e0 une plateforme s\u00e9curis\u00e9e europ\u00e9enne"},"content":{"rendered":"\n<p class=\"\">Depuis six ans, cet h\u00e9bergement des donn\u00e9es de sant\u00e9 des Fran\u00e7ais est g\u00e9r\u00e9 par une entreprise am\u00e9ricaine, ce qui pose probl\u00e8me au gouvernement.Le gouvernement va lancer lundi 9 f\u00e9vrier un appel d&rsquo;offre pour confier l&rsquo;h\u00e9bergement des donn\u00e9es de sant\u00e9 des Fran\u00e7ais \u00e0 une plateforme fran\u00e7aise ou europ\u00e9enne afin de les s\u00e9curiser, selon les informations de franceinfo. Cet appel d&rsquo;offre va \u00eatre annonc\u00e9 vendredi par St\u00e9phanie Rist, ministre de la Sant\u00e9, des Familles, de l\u2019Autonomie et des Personnes handicap\u00e9es, \u00e0 l&rsquo;occasion d&rsquo;un d\u00e9placement aux Hospices Civils de Lyon.Cette plateforme est une immense base de donn\u00e9es, hautement sensible, o\u00f9 sont stock\u00e9es toutes les informations de sant\u00e9 des Fran\u00e7ais : poids, \u00e2ge, taille, maladies, m\u00e9dicaments, visites chez le m\u00e9decin, au laboratoire ou \u00e0 l&rsquo;h\u00f4pital. Tout est enregistr\u00e9 anonymement pour servir notamment \u00e0 la recherche. Depuis six ans, cet h\u00e9bergement est g\u00e9r\u00e9 par l&rsquo;am\u00e9ricain Microsoft Azure. Les autorit\u00e9s am\u00e9ricaines peuvent donc acc\u00e9der \u00e0 ces donn\u00e9es, ce qui pose probl\u00e8me au gouvernement. Depuis 2024, la loi impose de garantir la protection de donn\u00e9es ultra sensibles de toute ing\u00e9rence \u00e9trang\u00e8re. Le gouvernement fran\u00e7ais est donc hors la loi.Une solution interm\u00e9diaire, la copie d&rsquo;une partie de la plateforme, a d&rsquo;abord \u00e9t\u00e9 envisag\u00e9e. Un appel d\u2019offres a \u00e9t\u00e9 lanc\u00e9 en ce sens \u00e0 l\u2019\u00e9t\u00e9 2025. Une mission d\u2019expertise, initi\u00e9e par le gouvernement, a finalement confirm\u00e9 qu\u2019il est techniquement possible d\u2019engager, d\u00e8s \u00e0 pr\u00e9sent, la migration compl\u00e8te vers une solution d&rsquo;h\u00e9bergement \u00ab\u00a0s\u00e9curis\u00e9e, r\u00e9siliente, non soumise aux l\u00e9gislations extra-communautaires, d\u00e9laissant les solutions extra-europ\u00e9ennes actuellement utilis\u00e9es\u00a0\u00bb, indique le gouvernement. L&rsquo;appel d&rsquo;offre initial a donc \u00e9t\u00e9 clos.Une \u00ab\u00a0bascule vers un h\u00e9bergement s\u00e9curis\u00e9 et souverain\u00a0\u00bbL&rsquo;objectif de ce nouvel appel d&rsquo;offre est que toutes les donn\u00e9es soient bascul\u00e9es vers un op\u00e9rateur certifi\u00e9, une entreprise fran\u00e7aise ou europ\u00e9enne, une \u00ab\u00a0bascule vers un h\u00e9bergement s\u00e9curis\u00e9 et souverain\u00a0\u00bb, pr\u00e9cise le gouvernement.Les candidats potentiels pour prendre en charge cet h\u00e9bergement sont OVH Cloud, associ\u00e9 au groupe La Poste, Cloud Temple et son partenaire Atos, ou encore Orange Business. La solution retenue permettra d\u2019h\u00e9berger une copie compl\u00e8te de la base principale du Syst\u00e8me national des donn\u00e9es de sant\u00e9 d\u2019ici fin 2026. L\u2019attribution de ce march\u00e9 interviendra fin mars 2026.La \u00ab\u00a0strat\u00e9gie\u00a0\u00bb du gouvernement \u00ab\u00a0constitue une \u00e9tape structurante pour pr\u00e9parer la mise en \u0153uvre du futur espace europ\u00e9en des donn\u00e9es de sant\u00e9\u00a0\u00bb, une \u00ab\u00a0\u00e9tape d\u00e9cisive dans le renforcement de la souverainet\u00e9 et de la s\u00e9curit\u00e9 des donn\u00e9es de sant\u00e9\u00a0\u00bb, affirme la ministre de la Sant\u00e9 St\u00e9phanie Rist. Pour Anne Le H\u00e9nanff, ministre d\u00e9l\u00e9gu\u00e9e charg\u00e9e de l\u2019Intelligence artificielle et du Num\u00e9rique, il s&rsquo;agit d&rsquo;un \u00ab\u00a0tournant majeur pour la confiance num\u00e9rique et pour notre souverainet\u00e9 num\u00e9rique\u00a0\u00bb.<\/p>\n\n\n\n<p class=\"\"><\/p>\n","protected":false},"excerpt":{"rendered":"<p>Depuis six ans, cet h\u00e9bergement des donn\u00e9es de sant\u00e9 des Fran\u00e7ais est g\u00e9r\u00e9 par une entreprise am\u00e9ricaine, ce qui pose probl\u00e8me au gouvernement.Le gouvernement va lancer lundi 9 f\u00e9vrier un appel d&rsquo;offre pour confier l&rsquo;h\u00e9bergement des donn\u00e9es de sant\u00e9 des Fran\u00e7ais \u00e0 une plateforme fran\u00e7aise ou europ\u00e9enne afin de les s\u00e9curiser, selon les informations de [&hellip;]<\/p>\n","protected":false},"author":2,"featured_media":42271,"comment_status":"open","ping_status":"open","sticky":false,"template":"","format":"standard","meta":{"_jetpack_memberships_contains_paid_content":false,"footnotes":"","jetpack_publicize_message":"","jetpack_publicize_feature_enabled":true,"jetpack_social_post_already_shared":true,"jetpack_social_options":{"image_generator_settings":{"template":"highway","default_image_id":0,"font":"","enabled":false},"version":2},"_wpas_customize_per_network":false},"categories":[405],"tags":[],"class_list":["post-42270","post","type-post","status-publish","format-standard","has-post-thumbnail","hentry","category-actu-france-monde"],"jetpack_publicize_connections":[],"jetpack_featured_media_url":"https:\/\/www.iceagetv.com\/radiosite\/wp-content\/uploads\/2026\/02\/medecins-illu-65a8380bf23e7778576816.avif","jetpack_sharing_enabled":true,"_links":{"self":[{"href":"https:\/\/www.iceagetv.com\/radiosite\/wp-json\/wp\/v2\/posts\/42270","targetHints":{"allow":["GET"]}}],"collection":[{"href":"https:\/\/www.iceagetv.com\/radiosite\/wp-json\/wp\/v2\/posts"}],"about":[{"href":"https:\/\/www.iceagetv.com\/radiosite\/wp-json\/wp\/v2\/types\/post"}],"author":[{"embeddable":true,"href":"https:\/\/www.iceagetv.com\/radiosite\/wp-json\/wp\/v2\/users\/2"}],"replies":[{"embeddable":true,"href":"https:\/\/www.iceagetv.com\/radiosite\/wp-json\/wp\/v2\/comments?post=42270"}],"version-history":[{"count":1,"href":"https:\/\/www.iceagetv.com\/radiosite\/wp-json\/wp\/v2\/posts\/42270\/revisions"}],"predecessor-version":[{"id":42272,"href":"https:\/\/www.iceagetv.com\/radiosite\/wp-json\/wp\/v2\/posts\/42270\/revisions\/42272"}],"wp:featuredmedia":[{"embeddable":true,"href":"https:\/\/www.iceagetv.com\/radiosite\/wp-json\/wp\/v2\/media\/42271"}],"wp:attachment":[{"href":"https:\/\/www.iceagetv.com\/radiosite\/wp-json\/wp\/v2\/media?parent=42270"}],"wp:term":[{"taxonomy":"category","embeddable":true,"href":"https:\/\/www.iceagetv.com\/radiosite\/wp-json\/wp\/v2\/categories?post=42270"},{"taxonomy":"post_tag","embeddable":true,"href":"https:\/\/www.iceagetv.com\/radiosite\/wp-json\/wp\/v2\/tags?post=42270"}],"curies":[{"name":"wp","href":"https:\/\/api.w.org\/{rel}","templated":true}]}}