{"id":42278,"date":"2026-02-06T18:17:39","date_gmt":"2026-02-06T17:17:39","guid":{"rendered":"https:\/\/www.iceagetv.com\/radiosite\/?p=42278"},"modified":"2026-02-06T18:17:42","modified_gmt":"2026-02-06T17:17:42","slug":"explosion-apres-un-jet-de-grenade-dans-un-institut-de-beaute-de-grenoble-au-moins-6-blesses-en-urgence-relative-dont-un-enfant-de-5-ans-les-suspects-sont-en-fuite","status":"publish","type":"post","link":"https:\/\/www.iceagetv.com\/radiosite\/explosion-apres-un-jet-de-grenade-dans-un-institut-de-beaute-de-grenoble-au-moins-6-blesses-en-urgence-relative-dont-un-enfant-de-5-ans-les-suspects-sont-en-fuite\/","title":{"rendered":"Explosion apr\u00e8s un jet de grenade dans un institut de beaut\u00e9 de Grenoble: Au moins 6 bless\u00e9s en urgence relative dont un enfant de 5 ans &#8211; Les suspects sont en fuite"},"content":{"rendered":"\n<p class=\"\"><strong>Le point sur ce que l&rsquo;on sait:<\/strong><\/p>\n\n\n\n<p class=\"\">Six personnes ont \u00e9t\u00e9 l\u00e9g\u00e8rement bless\u00e9es vendredi dans l&rsquo;explosion d&rsquo;une grenade lanc\u00e9e dans un institut de beaut\u00e9 du centre-ville de Grenoble, a appris l&rsquo;AFP de source polici\u00e8re.<\/p>\n\n\n\n<p class=\"\">Aux alentours de 15H00, plusieurs personnes se sont pr\u00e9sent\u00e9es dans ce commerce avant d&rsquo;y jeter une grenade, et le souffle de l&rsquo;explosion a fait six bless\u00e9s. Les suspects, dont les motivations ne sont pas connues \u00e0 ce stade, sont en fuite, a pr\u00e9cis\u00e9 cette source.<\/p>\n\n\n\n<p class=\"\">\u00ab\u00a0Le bilan provisoire fait \u00e9tat de six bless\u00e9s en urgence relative dus au souffle de l&rsquo;explosion, ils ont \u00e9t\u00e9 pris en charge sur place par les secours et n&rsquo;ont pas \u00e9t\u00e9 transport\u00e9s \u00e0 l&rsquo;h\u00f4pital, a pr\u00e9cis\u00e9 la pr\u00e9fecture de l&rsquo;Is\u00e8re.<\/p>\n\n\n\n<p class=\"\">Un enfant de cinq ans figure parmi les bless\u00e9s, selon la pr\u00e9fecture, qui n&rsquo;a pas voulu se prononcer sur les causes de l&rsquo;explosion.<\/p>\n\n\n\n<p class=\"\">L&rsquo;institut de beaut\u00e9 se trouve, entre d&rsquo;autres boutiques, au rez-de-chauss\u00e9e d&rsquo;un immeuble d&rsquo;habitations de plusieurs \u00e9tages, et sa vitrine a \u00e9t\u00e9 souffl\u00e9e par la d\u00e9flagration, selon une journaliste de l&rsquo;AFP sur place.<\/p>\n\n\n\n<p class=\"\">Il y a un an, le 12 f\u00e9vrier 2025, une attaque \u00e0 la grenade avait fait quinze bless\u00e9s, dont six graves, dans un bar associatif d&rsquo;un quartier en proie au trafic de stup\u00e9fiants dans le sud de Grenoble.<\/p>\n\n\n\n<p class=\"\">Bruno Retailleau, alors ministre de l&rsquo;Int\u00e9rieur, avait d\u00e9nonc\u00e9 \u00ab\u00a0une op\u00e9ration criminelle in\u00e9dite, puisqu&rsquo;on a utilis\u00e9 une technique de guerre (avec) une grenade tr\u00e8s sp\u00e9cifique\u00a0\u00bb. Un mineur de 17 ans, soup\u00e7onn\u00e9 de l&rsquo;avoir lanc\u00e9e, avait \u00e9t\u00e9 mis en examen une dizaine de jours plus tard.<\/p>\n","protected":false},"excerpt":{"rendered":"<p>Le point sur ce que l&rsquo;on sait: Six personnes ont \u00e9t\u00e9 l\u00e9g\u00e8rement bless\u00e9es vendredi dans l&rsquo;explosion d&rsquo;une grenade lanc\u00e9e dans un institut de beaut\u00e9 du centre-ville de Grenoble, a appris l&rsquo;AFP de source polici\u00e8re. Aux alentours de 15H00, plusieurs personnes se sont pr\u00e9sent\u00e9es dans ce commerce avant d&rsquo;y jeter une grenade, et le souffle de [&hellip;]<\/p>\n","protected":false},"author":2,"featured_media":42279,"comment_status":"open","ping_status":"open","sticky":false,"template":"","format":"standard","meta":{"_jetpack_memberships_contains_paid_content":false,"footnotes":"","jetpack_publicize_message":"","jetpack_publicize_feature_enabled":true,"jetpack_social_post_already_shared":true,"jetpack_social_options":{"image_generator_settings":{"template":"highway","default_image_id":0,"font":"","enabled":false},"version":2},"_wpas_customize_per_network":false},"categories":[405],"tags":[],"class_list":["post-42278","post","type-post","status-publish","format-standard","has-post-thumbnail","hentry","category-actu-france-monde"],"jetpack_publicize_connections":[],"jetpack_featured_media_url":"https:\/\/i0.wp.com\/www.iceagetv.com\/radiosite\/wp-content\/uploads\/2026\/02\/capture_decran_2026-02-06_a_16.24.24_0.jpg?fit=920%2C397&ssl=1","jetpack_sharing_enabled":true,"_links":{"self":[{"href":"https:\/\/www.iceagetv.com\/radiosite\/wp-json\/wp\/v2\/posts\/42278","targetHints":{"allow":["GET"]}}],"collection":[{"href":"https:\/\/www.iceagetv.com\/radiosite\/wp-json\/wp\/v2\/posts"}],"about":[{"href":"https:\/\/www.iceagetv.com\/radiosite\/wp-json\/wp\/v2\/types\/post"}],"author":[{"embeddable":true,"href":"https:\/\/www.iceagetv.com\/radiosite\/wp-json\/wp\/v2\/users\/2"}],"replies":[{"embeddable":true,"href":"https:\/\/www.iceagetv.com\/radiosite\/wp-json\/wp\/v2\/comments?post=42278"}],"version-history":[{"count":1,"href":"https:\/\/www.iceagetv.com\/radiosite\/wp-json\/wp\/v2\/posts\/42278\/revisions"}],"predecessor-version":[{"id":42280,"href":"https:\/\/www.iceagetv.com\/radiosite\/wp-json\/wp\/v2\/posts\/42278\/revisions\/42280"}],"wp:featuredmedia":[{"embeddable":true,"href":"https:\/\/www.iceagetv.com\/radiosite\/wp-json\/wp\/v2\/media\/42279"}],"wp:attachment":[{"href":"https:\/\/www.iceagetv.com\/radiosite\/wp-json\/wp\/v2\/media?parent=42278"}],"wp:term":[{"taxonomy":"category","embeddable":true,"href":"https:\/\/www.iceagetv.com\/radiosite\/wp-json\/wp\/v2\/categories?post=42278"},{"taxonomy":"post_tag","embeddable":true,"href":"https:\/\/www.iceagetv.com\/radiosite\/wp-json\/wp\/v2\/tags?post=42278"}],"curies":[{"name":"wp","href":"https:\/\/api.w.org\/{rel}","templated":true}]}}