{"id":42286,"date":"2026-02-07T06:27:59","date_gmt":"2026-02-07T05:27:59","guid":{"rendered":"https:\/\/www.iceagetv.com\/radiosite\/?p=42286"},"modified":"2026-02-07T06:28:02","modified_gmt":"2026-02-07T05:28:02","slug":"cuba-adopte-la-semaine-de-quatre-jours-pour-faire-face-a-la-crise-energetique","status":"publish","type":"post","link":"https:\/\/www.iceagetv.com\/radiosite\/cuba-adopte-la-semaine-de-quatre-jours-pour-faire-face-a-la-crise-energetique\/","title":{"rendered":"Cuba adopte la semaine de quatre jours pour faire face \u00e0 la crise \u00e9nerg\u00e9tique"},"content":{"rendered":"\n<p class=\"\">Le gouvernement cubain a annonc\u00e9 vendredi un paquet de mesures pour faire face \u00e0 la grave crise \u00e9nerg\u00e9tique \u00e0 laquelle est confront\u00e9 le pays, dont l\u2019adoption de la semaine de quatre jours pour les fonctionnaires et des restrictions \u00e0 la vente de carburant. L\u2019\u00eele est sous forte pression de la part des \u00c9tats-Unis depuis l\u2019arrestation du pr\u00e9sident v\u00e9n\u00e9zu\u00e9lien Nicolas Maduro.Semaine de quatre jours, t\u00e9l\u00e9travail, restrictions des ventes de carburant, fermeture d\u2019h\u00f4tels : le gouvernement cubain a annonc\u00e9 vendredi un paquet de mesures pour faire face \u00e0 la crise \u00e9nerg\u00e9tique que traverse le pays sous pression am\u00e9ricaine, rapporte l\u2019Agence France-Presse (AFP).Ces pressions \u00ab nous poussent \u00e0 appliquer un ensemble de d\u00e9cisions, en premier lieu pour assurer la vie de notre pays, les services de base, sans renoncer au d\u00e9veloppement \u00bb, a d\u00e9clar\u00e9 le vice-Premier ministre Oscar P\u00e9rez-Oliva Fraga, \u00e0 la t\u00e9l\u00e9vision d\u2019\u00c9tat.\u00ab Protection des services essentiels \u00bb\u00ab Le carburant sera destin\u00e9 \u00e0 la protection des services essentiels pour la population et aux activit\u00e9s \u00e9conomiques indispensables \u00bb, a r\u00e9sum\u00e9 le vice-Premier ministre, accompagn\u00e9 de plusieurs ministres, dont ceux du Travail de l\u2019\u00c9ducation et des Transports.Parmi les mesures annonc\u00e9es figurent la r\u00e9duction \u00e0 quatre jours de la semaine de travail dans les administrations et les entreprises d\u2019\u00c9tat, le t\u00e9l\u00e9travail, des restrictions \u00e0 la vente de carburant, une r\u00e9duction des services de bus et de trains, ainsi que la fermeture temporaire de certains \u00e9tablissements touristiques.\u00c0 mon travail, ils ont renvoy\u00e9 tout le monde chez eux pendant un mois \u00bb, a expliqu\u00e9 sous couvert d\u2019anonymat \u00e0 l\u2019AFP un employ\u00e9 de banque qui, selon les mesures annonc\u00e9es vendredi, recevra pendant au moins un mois la totalit\u00e9 de son salaire.Cette batterie de mesures doit permettre d\u2019\u00e9conomiser du carburant pour favoriser \u00ab la production de nourriture et la production d\u2019\u00e9lectricit\u00e9 \u00bb et permettre \u00ab la sauvegarde des activit\u00e9s fondamentales qui g\u00e9n\u00e8rent des devises \u00bb, a pr\u00e9cis\u00e9 Oscar P\u00e9rez-Oliva Fraga.Des \u00ab temps difficiles \u00bbCe dernier a toutefois assur\u00e9 que les investissements dans les \u00e9nergies renouvelables seraient maintenus et que le pays allait poursuivre ses efforts pour augmenter la production de p\u00e9trole national, qui repr\u00e9sente 30 % de sa consommationEn 2025, 49 parcs photovolta\u00efques ont \u00e9t\u00e9 install\u00e9s \u00e0 travers le pays, faisant passer la production d\u2019\u00e9nergie solaire de 3 % il y a deux ans \u00e0 10 % actuellement.La veille, lors d\u2019une conf\u00e9rence de presse retransmise \u00e0 la t\u00e9l\u00e9vision, le pr\u00e9sident Miguel Diaz-Canel avait annonc\u00e9 des \u00ab temps difficiles \u00bb pour les 9,6 millions de Cubains.Il avait expliqu\u00e9 que le gouvernement avait pris \u00ab comme r\u00e9f\u00e9rence \u00bb les directives prises par l\u2019ancien dirigeant Fidel Castro durant les ann\u00e9es de la \u00ab p\u00e9riode sp\u00e9ciale \u00bb, la grave crise \u00e9conomique qui avait suivi la chute en 1991 de l\u2019URSS, alors principal alli\u00e9 de Cuba.De nombreux Cubains ont encore en m\u00e9moire ces ann\u00e9es marqu\u00e9es par des coupures de courant d\u2019une quinzaine d\u2019heures par jour, par les p\u00e9nuries de nourriture, les usines \u00e0 l\u2019arr\u00eat, les rues d\u00e9sertes ou seulement parcourues par des bicyclettes.Fin des livraisons de p\u00e9trole v\u00e9n\u00e9zu\u00e9lienL\u2019\u00e9conomie de l\u2019\u00eele, sous embargo am\u00e9ricain depuis 1962, avait commenc\u00e9 \u00e0 se redresser \u00e0 partir de 1997, port\u00e9e par le d\u00e9veloppement du tourisme et l\u2019investissement \u00e9tranger.\u00c0 partir de 2000, le pays avait pu compter sur un accord de coop\u00e9ration sign\u00e9 avec le Venezuela du pr\u00e9sident Hugo Chavez (1999-2013), pr\u00e9voyant un approvisionnement en p\u00e9trole contre l\u2019envoi de m\u00e9decins, de professeurs et autres professionnels.Or ces livraisons se sont totalement taries \u00e0 la suite de la capture du pr\u00e9sident Nicolas Maduro d\u00e9but janvier par les forces am\u00e9ricaines, et Donald Trump a fait monter la pression sur l\u2019\u00eele communiste, enferr\u00e9e depuis six ans dans une s\u00e9v\u00e8re crise \u00e9conomique.Le pr\u00e9sident am\u00e9ricain a sign\u00e9 un d\u00e9cret indiquant que les \u00c9tats-Unis pourraient frapper de droits de douane les pays vendant du p\u00e9trole \u00e0 La Havane. Il a par ailleurs assur\u00e9 que le Mexique, qui fournit Cuba en p\u00e9trole depuis 2023, allait cesser de le faire.<\/p>\n\n\n\n<p class=\"\"><\/p>\n","protected":false},"excerpt":{"rendered":"<p>Le gouvernement cubain a annonc\u00e9 vendredi un paquet de mesures pour faire face \u00e0 la grave crise \u00e9nerg\u00e9tique \u00e0 laquelle est confront\u00e9 le pays, dont l\u2019adoption de la semaine de quatre jours pour les fonctionnaires et des restrictions \u00e0 la vente de carburant. L\u2019\u00eele est sous forte pression de la part des \u00c9tats-Unis depuis l\u2019arrestation [&hellip;]<\/p>\n","protected":false},"author":2,"featured_media":42287,"comment_status":"open","ping_status":"open","sticky":false,"template":"","format":"standard","meta":{"_jetpack_memberships_contains_paid_content":false,"footnotes":"","jetpack_publicize_message":"","jetpack_publicize_feature_enabled":true,"jetpack_social_post_already_shared":true,"jetpack_social_options":{"image_generator_settings":{"template":"highway","default_image_id":0,"font":"","enabled":false},"version":2},"_wpas_customize_per_network":false},"categories":[405],"tags":[],"class_list":["post-42286","post","type-post","status-publish","format-standard","has-post-thumbnail","hentry","category-actu-france-monde"],"jetpack_publicize_connections":[],"jetpack_featured_media_url":"https:\/\/i0.wp.com\/www.iceagetv.com\/radiosite\/wp-content\/uploads\/2026\/02\/MjAyNjAyYTNlYWI1YjNmMDBlZTk0MWZmNjE2ZTJjMTYyNWMyMDA.webp?fit=375%2C210&ssl=1","jetpack_sharing_enabled":true,"_links":{"self":[{"href":"https:\/\/www.iceagetv.com\/radiosite\/wp-json\/wp\/v2\/posts\/42286","targetHints":{"allow":["GET"]}}],"collection":[{"href":"https:\/\/www.iceagetv.com\/radiosite\/wp-json\/wp\/v2\/posts"}],"about":[{"href":"https:\/\/www.iceagetv.com\/radiosite\/wp-json\/wp\/v2\/types\/post"}],"author":[{"embeddable":true,"href":"https:\/\/www.iceagetv.com\/radiosite\/wp-json\/wp\/v2\/users\/2"}],"replies":[{"embeddable":true,"href":"https:\/\/www.iceagetv.com\/radiosite\/wp-json\/wp\/v2\/comments?post=42286"}],"version-history":[{"count":1,"href":"https:\/\/www.iceagetv.com\/radiosite\/wp-json\/wp\/v2\/posts\/42286\/revisions"}],"predecessor-version":[{"id":42288,"href":"https:\/\/www.iceagetv.com\/radiosite\/wp-json\/wp\/v2\/posts\/42286\/revisions\/42288"}],"wp:featuredmedia":[{"embeddable":true,"href":"https:\/\/www.iceagetv.com\/radiosite\/wp-json\/wp\/v2\/media\/42287"}],"wp:attachment":[{"href":"https:\/\/www.iceagetv.com\/radiosite\/wp-json\/wp\/v2\/media?parent=42286"}],"wp:term":[{"taxonomy":"category","embeddable":true,"href":"https:\/\/www.iceagetv.com\/radiosite\/wp-json\/wp\/v2\/categories?post=42286"},{"taxonomy":"post_tag","embeddable":true,"href":"https:\/\/www.iceagetv.com\/radiosite\/wp-json\/wp\/v2\/tags?post=42286"}],"curies":[{"name":"wp","href":"https:\/\/api.w.org\/{rel}","templated":true}]}}