{"id":42306,"date":"2026-02-07T17:54:40","date_gmt":"2026-02-07T16:54:40","guid":{"rendered":"https:\/\/www.iceagetv.com\/radiosite\/?p=42306"},"modified":"2026-02-07T17:54:43","modified_gmt":"2026-02-07T16:54:43","slug":"remaniement-le-premier-ministre-sebastien-lecornu-evoque-un-ajustement-gouvernemental-dici-le-22-fevrier-dans-une-interview-accordee-a-la-presse-regionale","status":"publish","type":"post","link":"https:\/\/www.iceagetv.com\/radiosite\/remaniement-le-premier-ministre-sebastien-lecornu-evoque-un-ajustement-gouvernemental-dici-le-22-fevrier-dans-une-interview-accordee-a-la-presse-regionale\/","title":{"rendered":"Remaniement : Le Premier Ministre S\u00e9bastien Lecornu \u00e9voque un \u00abajustement\u00bb gouvernemental d\u2019ici le 22 f\u00e9vrier, dans une interview accord\u00e9e \u00e0 la presse r\u00e9gionale"},"content":{"rendered":"\n<p class=\"\">Dans un entretien \u00e0 la presse quotidienne r\u00e9gionale, le premier ministre S\u00e9bastien Lecornu a d\u00e9taill\u00e9 ses projets pour les semaines \u00e0 venir. Il a notamment \u00e9voqu\u00e9 un \u00abajustement\u00bb gouvernemental, qui aura lieu \u00abavant la p\u00e9riode de r\u00e9serve (avant le 22 f\u00e9vrier, ndlr).<\/p>\n\n\n\n<p class=\"\">Ce sera un ajustement, les Fran\u00e7ais &#8211; et les administrations &#8211; veulent surtout de la stabilit\u00e9\u00bb. S\u00e9bastien Lecornu annonce par ailleurs qu\u2019il signera \u00aben fin de semaine prochaine\u00bb le d\u00e9cret de publication de la tr\u00e8s attendue feuille de route \u00e9nerg\u00e9tique de la France sur dix ans.<\/p>\n\n\n\n<p class=\"\">L\u2019\u00e9nergie \u00abest probablement un des dossiers les plus urgents\u00bb \u00e0 traiter, ajoute le premier ministre. Il justifie la prise d\u2019un d\u00e9cret \u00aben raison de l\u2019urgence\u00bb et parce qu\u2019il estime que \u00ables d\u00e9bats ont largement eu lieu\u00bb.<\/p>\n","protected":false},"excerpt":{"rendered":"<p>Dans un entretien \u00e0 la presse quotidienne r\u00e9gionale, le premier ministre S\u00e9bastien Lecornu a d\u00e9taill\u00e9 ses projets pour les semaines \u00e0 venir. Il a notamment \u00e9voqu\u00e9 un \u00abajustement\u00bb gouvernemental, qui aura lieu \u00abavant la p\u00e9riode de r\u00e9serve (avant le 22 f\u00e9vrier, ndlr). Ce sera un ajustement, les Fran\u00e7ais &#8211; et les administrations &#8211; veulent surtout [&hellip;]<\/p>\n","protected":false},"author":2,"featured_media":42307,"comment_status":"open","ping_status":"open","sticky":false,"template":"","format":"standard","meta":{"_jetpack_memberships_contains_paid_content":false,"footnotes":"","jetpack_publicize_message":"","jetpack_publicize_feature_enabled":true,"jetpack_social_post_already_shared":true,"jetpack_social_options":{"image_generator_settings":{"template":"highway","default_image_id":0,"font":"","enabled":false},"version":2},"_wpas_customize_per_network":false},"categories":[405],"tags":[],"class_list":["post-42306","post","type-post","status-publish","format-standard","has-post-thumbnail","hentry","category-actu-france-monde"],"jetpack_publicize_connections":[],"jetpack_featured_media_url":"https:\/\/i0.wp.com\/www.iceagetv.com\/radiosite\/wp-content\/uploads\/2026\/02\/capture_decran_2026-01-20_a_17.09.12_0.jpg?fit=680%2C294&ssl=1","jetpack_sharing_enabled":true,"_links":{"self":[{"href":"https:\/\/www.iceagetv.com\/radiosite\/wp-json\/wp\/v2\/posts\/42306","targetHints":{"allow":["GET"]}}],"collection":[{"href":"https:\/\/www.iceagetv.com\/radiosite\/wp-json\/wp\/v2\/posts"}],"about":[{"href":"https:\/\/www.iceagetv.com\/radiosite\/wp-json\/wp\/v2\/types\/post"}],"author":[{"embeddable":true,"href":"https:\/\/www.iceagetv.com\/radiosite\/wp-json\/wp\/v2\/users\/2"}],"replies":[{"embeddable":true,"href":"https:\/\/www.iceagetv.com\/radiosite\/wp-json\/wp\/v2\/comments?post=42306"}],"version-history":[{"count":1,"href":"https:\/\/www.iceagetv.com\/radiosite\/wp-json\/wp\/v2\/posts\/42306\/revisions"}],"predecessor-version":[{"id":42308,"href":"https:\/\/www.iceagetv.com\/radiosite\/wp-json\/wp\/v2\/posts\/42306\/revisions\/42308"}],"wp:featuredmedia":[{"embeddable":true,"href":"https:\/\/www.iceagetv.com\/radiosite\/wp-json\/wp\/v2\/media\/42307"}],"wp:attachment":[{"href":"https:\/\/www.iceagetv.com\/radiosite\/wp-json\/wp\/v2\/media?parent=42306"}],"wp:term":[{"taxonomy":"category","embeddable":true,"href":"https:\/\/www.iceagetv.com\/radiosite\/wp-json\/wp\/v2\/categories?post=42306"},{"taxonomy":"post_tag","embeddable":true,"href":"https:\/\/www.iceagetv.com\/radiosite\/wp-json\/wp\/v2\/tags?post=42306"}],"curies":[{"name":"wp","href":"https:\/\/api.w.org\/{rel}","templated":true}]}}