{"id":42328,"date":"2026-02-08T16:29:46","date_gmt":"2026-02-08T15:29:46","guid":{"rendered":"https:\/\/www.iceagetv.com\/radiosite\/?p=42328"},"modified":"2026-02-08T16:29:48","modified_gmt":"2026-02-08T15:29:48","slug":"enquete-ouverte-apres-letrange-incendie-qui-a-ravage-ce-matin-le-memorial-dedie-aux-victimes-de-crans-montana-les-pompiers-ont-pu-maitriser-lincendie-rapidement","status":"publish","type":"post","link":"https:\/\/www.iceagetv.com\/radiosite\/enquete-ouverte-apres-letrange-incendie-qui-a-ravage-ce-matin-le-memorial-dedie-aux-victimes-de-crans-montana-les-pompiers-ont-pu-maitriser-lincendie-rapidement\/","title":{"rendered":"Enqu\u00eate ouverte apr\u00e8s l&rsquo;\u00e9trange incendie qui a ravag\u00e9 ce matin le m\u00e9morial d\u00e9di\u00e9 aux victimes de Crans-Montana : \u00abLes pompiers ont pu ma\u00eetriser l&rsquo;incendie rapidement\u00bb"},"content":{"rendered":"\n<p class=\"\">Le m\u00e9morial d\u00e9di\u00e9 aux victimes de l&rsquo;incendie de Crans-Montana, qui a fait plus de quarante morts lors de la nuit du Nouvel an dans cette station de ski suisse, a lui-m\u00eame pris feu t\u00f4t dimanche, a annonc\u00e9 la police locale. Install\u00e9 pr\u00e8s du lieu de la trag\u00e9die, le m\u00e9morial improvis\u00e9, recouvert de fleurs, de bougies et de messages de condol\u00e9ances, a \u00e9t\u00e9 touch\u00e9 par un incendie vers 6h00 du matin, a indiqu\u00e9 la police r\u00e9gionale.<\/p>\n\n\n\n<p class=\"\">\u00abLes pompiers ont pu ma\u00eetriser l&rsquo;incendie rapidement\u00bb, a ajout\u00e9 la police du Valais sur X, expliquant qu&rsquo;une enqu\u00eate avait \u00e9t\u00e9 ouverte pour d\u00e9terminer les causes du sinistre survenu sur le m\u00e9morial, initialement situ\u00e9 juste en face du bar incendi\u00e9 mais qui avait \u00e9t\u00e9 r\u00e9cemment d\u00e9plac\u00e9 un peu plus loin.<\/p>\n\n\n\n<p class=\"\">Les images diffus\u00e9es dimanche par la cha\u00eene publique suisse RTS montraient, derri\u00e8re un \u00e9cran blanc et un ruban de police, le sommet noirci de la toile blanche en forme d&rsquo;igloo qui avait \u00e9t\u00e9 \u00e9rig\u00e9e au-dessus du m\u00e9morial pour le prot\u00e9ger des intemp\u00e9ries.<\/p>\n\n\n\n<p class=\"\">L&rsquo;incendie s&rsquo;est d\u00e9clar\u00e9 aux premi\u00e8res heures du 1er janvier dans le bar La Constellation a fait 41 morts et 115 bless\u00e9s, principalement des adolescents et des jeunes adultes.<\/p>\n\n\n\n<p class=\"\">Il a \u00e9t\u00e9 provoqu\u00e9 par les \u00e9tincelles de bougies qui ont enflamm\u00e9 une mousse insonorisante au plafond du sous-sol de l&rsquo;\u00e9tablissement, selon l&rsquo;enqu\u00eate qui doit faire la lumi\u00e8re sur les circonstances exactes du drame, le respect des normes par les propri\u00e9taires et les diff\u00e9rentes responsabilit\u00e9s.<\/p>\n","protected":false},"excerpt":{"rendered":"<p>Le m\u00e9morial d\u00e9di\u00e9 aux victimes de l&rsquo;incendie de Crans-Montana, qui a fait plus de quarante morts lors de la nuit du Nouvel an dans cette station de ski suisse, a lui-m\u00eame pris feu t\u00f4t dimanche, a annonc\u00e9 la police locale. Install\u00e9 pr\u00e8s du lieu de la trag\u00e9die, le m\u00e9morial improvis\u00e9, recouvert de fleurs, de bougies [&hellip;]<\/p>\n","protected":false},"author":2,"featured_media":42329,"comment_status":"open","ping_status":"open","sticky":false,"template":"","format":"standard","meta":{"_jetpack_memberships_contains_paid_content":false,"footnotes":"","jetpack_publicize_message":"","jetpack_publicize_feature_enabled":true,"jetpack_social_post_already_shared":true,"jetpack_social_options":{"image_generator_settings":{"template":"highway","default_image_id":0,"font":"","enabled":false},"version":2},"_wpas_customize_per_network":false},"categories":[405],"tags":[],"class_list":["post-42328","post","type-post","status-publish","format-standard","has-post-thumbnail","hentry","category-actu-france-monde"],"jetpack_publicize_connections":[],"jetpack_featured_media_url":"https:\/\/i0.wp.com\/www.iceagetv.com\/radiosite\/wp-content\/uploads\/2026\/02\/crans_montana_incendie_memorial_0.jpg?fit=360%2C155&ssl=1","jetpack_sharing_enabled":true,"_links":{"self":[{"href":"https:\/\/www.iceagetv.com\/radiosite\/wp-json\/wp\/v2\/posts\/42328","targetHints":{"allow":["GET"]}}],"collection":[{"href":"https:\/\/www.iceagetv.com\/radiosite\/wp-json\/wp\/v2\/posts"}],"about":[{"href":"https:\/\/www.iceagetv.com\/radiosite\/wp-json\/wp\/v2\/types\/post"}],"author":[{"embeddable":true,"href":"https:\/\/www.iceagetv.com\/radiosite\/wp-json\/wp\/v2\/users\/2"}],"replies":[{"embeddable":true,"href":"https:\/\/www.iceagetv.com\/radiosite\/wp-json\/wp\/v2\/comments?post=42328"}],"version-history":[{"count":1,"href":"https:\/\/www.iceagetv.com\/radiosite\/wp-json\/wp\/v2\/posts\/42328\/revisions"}],"predecessor-version":[{"id":42330,"href":"https:\/\/www.iceagetv.com\/radiosite\/wp-json\/wp\/v2\/posts\/42328\/revisions\/42330"}],"wp:featuredmedia":[{"embeddable":true,"href":"https:\/\/www.iceagetv.com\/radiosite\/wp-json\/wp\/v2\/media\/42329"}],"wp:attachment":[{"href":"https:\/\/www.iceagetv.com\/radiosite\/wp-json\/wp\/v2\/media?parent=42328"}],"wp:term":[{"taxonomy":"category","embeddable":true,"href":"https:\/\/www.iceagetv.com\/radiosite\/wp-json\/wp\/v2\/categories?post=42328"},{"taxonomy":"post_tag","embeddable":true,"href":"https:\/\/www.iceagetv.com\/radiosite\/wp-json\/wp\/v2\/tags?post=42328"}],"curies":[{"name":"wp","href":"https:\/\/api.w.org\/{rel}","templated":true}]}}