{"id":42335,"date":"2026-02-09T13:06:55","date_gmt":"2026-02-09T12:06:55","guid":{"rendered":"https:\/\/www.iceagetv.com\/radiosite\/?p=42335"},"modified":"2026-02-09T13:06:58","modified_gmt":"2026-02-09T12:06:58","slug":"suicide-de-camelia-17-ans-le-parquet-de-meaux-classe-sans-suite-lenquete-pour-harcelement-scolaire-faute-delements-suffisants","status":"publish","type":"post","link":"https:\/\/www.iceagetv.com\/radiosite\/suicide-de-camelia-17-ans-le-parquet-de-meaux-classe-sans-suite-lenquete-pour-harcelement-scolaire-faute-delements-suffisants\/","title":{"rendered":"Suicide de Cam\u00e9lia, 17 ans: Le parquet de Meaux classe sans suite l&rsquo;enqu\u00eate pour harc\u00e8lement scolaire faute \u00ab\u00a0d&rsquo;\u00e9l\u00e9ments suffisants\u00a0\u00bb"},"content":{"rendered":"\n<p class=\"\">Le procureur de Meaux (Seine-et-Marne) a annonc\u00e9 lundi le classement sans suite de la plainte pour harc\u00e8lement scolaire qui avait \u00e9t\u00e9 d\u00e9pos\u00e9e par les parents de Cam\u00e9lia, lyc\u00e9enne de 17 ans qui s\u2019est suicid\u00e9e le 13 janvier \u00e0 Mitry-Mory.<\/p>\n\n\n\n<p class=\"\">\u00abAu terme des investigations, je suis amen\u00e9 \u00e0 consid\u00e9rer qu\u2019il n\u2019existe pas d\u2019\u00e9l\u00e9ment suffisant pour rechercher la responsabilit\u00e9 p\u00e9nale de quiconque dans la survenance du d\u00e9c\u00e8s de Cam\u00e9lia\u00bb, a d\u00e9clar\u00e9 Jean-Baptiste Bladier.<\/p>\n\n\n\n<p class=\"\">Dans un entretien accord\u00e9 au quotidien Le Parisien il y a quelques jours, un oncle de la victime a mis en cause l&rsquo;attitude qu&rsquo;aurait eue le proviseur lors d&rsquo;une entrevue avec l&rsquo;adolescente et a demand\u00e9 \u00abau moins qu&rsquo;on le mette \u00e0 l&rsquo;\u00e9cart\u00bb.<\/p>\n\n\n\n<p class=\"\">L&rsquo;oncle affirme que l&rsquo;apr\u00e8s-midi m\u00eame du drame, le proviseur &#8211; qui avait d\u00e9j\u00e0 entendu la lyc\u00e9enne et des \u00e9l\u00e8ves de sa classe la veille &#8211; avait reconvoqu\u00e9 Cam\u00e9lia \u00absans pr\u00e9venir\u00bb sa famille. \u00abL\u00e0, il lui aurait fait porter une partie de la responsabilit\u00e9 de la situation, ce qui est hallucinant. En sortant, Cam\u00e9lia \u00e9crit: \u00ab\u00a0Il a dit que j&rsquo;aurai une sanction disciplinaire (&#8230;) que je me victimise\u00a0\u00bb.\u00bb<\/p>\n\n\n\n<p class=\"\">La lyc\u00e9enne \u00e9tait all\u00e9e se coucher sur les rails du RER B en gare de Villeparisis, peu de temps apr\u00e8s.&nbsp;Selon l&rsquo;oncle de Cam\u00e9lia, le comportement de l&rsquo;adolescente \u00abavait chang\u00e9: elle ne mangeait plus, elle \u00e9tait anxieuse, avait des probl\u00e8mes de sommeil&#8230;\u00bb, a-t-il rapport\u00e9 au journal Le Parisien.<\/p>\n\n\n\n<p class=\"\">\u00abCam\u00e9lia disait qu&rsquo;il y avait des rumeurs sur elle (&#8230;) qu&rsquo;elle \u00e9tait l&rsquo;objet de brimades, surtout dans la classe et dans les couloirs. C&rsquo;\u00e9taient des moqueries sur son attitude, son physique\u00bb, a d\u00e9clar\u00e9 cet oncle, mettant en cause des filles, ainsi qu&rsquo;\u00abun effet de meute\u00bb.<\/p>\n","protected":false},"excerpt":{"rendered":"<p>Le procureur de Meaux (Seine-et-Marne) a annonc\u00e9 lundi le classement sans suite de la plainte pour harc\u00e8lement scolaire qui avait \u00e9t\u00e9 d\u00e9pos\u00e9e par les parents de Cam\u00e9lia, lyc\u00e9enne de 17 ans qui s\u2019est suicid\u00e9e le 13 janvier \u00e0 Mitry-Mory. \u00abAu terme des investigations, je suis amen\u00e9 \u00e0 consid\u00e9rer qu\u2019il n\u2019existe pas d\u2019\u00e9l\u00e9ment suffisant pour rechercher [&hellip;]<\/p>\n","protected":false},"author":2,"featured_media":42336,"comment_status":"open","ping_status":"open","sticky":false,"template":"","format":"standard","meta":{"_jetpack_memberships_contains_paid_content":false,"footnotes":"","jetpack_publicize_message":"","jetpack_publicize_feature_enabled":true,"jetpack_social_post_already_shared":true,"jetpack_social_options":{"image_generator_settings":{"template":"highway","default_image_id":0,"font":"","enabled":false},"version":2},"_wpas_customize_per_network":false},"categories":[405],"tags":[],"class_list":["post-42335","post","type-post","status-publish","format-standard","has-post-thumbnail","hentry","category-actu-france-monde"],"jetpack_publicize_connections":[],"jetpack_featured_media_url":"https:\/\/i0.wp.com\/www.iceagetv.com\/radiosite\/wp-content\/uploads\/2026\/02\/IxkowX7n.jpg?fit=679%2C293&ssl=1","jetpack_sharing_enabled":true,"_links":{"self":[{"href":"https:\/\/www.iceagetv.com\/radiosite\/wp-json\/wp\/v2\/posts\/42335","targetHints":{"allow":["GET"]}}],"collection":[{"href":"https:\/\/www.iceagetv.com\/radiosite\/wp-json\/wp\/v2\/posts"}],"about":[{"href":"https:\/\/www.iceagetv.com\/radiosite\/wp-json\/wp\/v2\/types\/post"}],"author":[{"embeddable":true,"href":"https:\/\/www.iceagetv.com\/radiosite\/wp-json\/wp\/v2\/users\/2"}],"replies":[{"embeddable":true,"href":"https:\/\/www.iceagetv.com\/radiosite\/wp-json\/wp\/v2\/comments?post=42335"}],"version-history":[{"count":1,"href":"https:\/\/www.iceagetv.com\/radiosite\/wp-json\/wp\/v2\/posts\/42335\/revisions"}],"predecessor-version":[{"id":42337,"href":"https:\/\/www.iceagetv.com\/radiosite\/wp-json\/wp\/v2\/posts\/42335\/revisions\/42337"}],"wp:featuredmedia":[{"embeddable":true,"href":"https:\/\/www.iceagetv.com\/radiosite\/wp-json\/wp\/v2\/media\/42336"}],"wp:attachment":[{"href":"https:\/\/www.iceagetv.com\/radiosite\/wp-json\/wp\/v2\/media?parent=42335"}],"wp:term":[{"taxonomy":"category","embeddable":true,"href":"https:\/\/www.iceagetv.com\/radiosite\/wp-json\/wp\/v2\/categories?post=42335"},{"taxonomy":"post_tag","embeddable":true,"href":"https:\/\/www.iceagetv.com\/radiosite\/wp-json\/wp\/v2\/tags?post=42335"}],"curies":[{"name":"wp","href":"https:\/\/api.w.org\/{rel}","templated":true}]}}