{"id":42343,"date":"2026-02-09T17:18:44","date_gmt":"2026-02-09T16:18:44","guid":{"rendered":"https:\/\/www.iceagetv.com\/radiosite\/?p=42343"},"modified":"2026-02-09T17:18:46","modified_gmt":"2026-02-09T16:18:46","slug":"affaire-epstein-jack-lang-et-sa-femme-monique-places-sous-protection-policiere-en-raison-de-menaces-emanant-des-reseaux-sociaux","status":"publish","type":"post","link":"https:\/\/www.iceagetv.com\/radiosite\/affaire-epstein-jack-lang-et-sa-femme-monique-places-sous-protection-policiere-en-raison-de-menaces-emanant-des-reseaux-sociaux\/","title":{"rendered":"Affaire Epstein : Jack Lang et sa femme Monique plac\u00e9s sous protection polici\u00e8re, en raison de menaces \u00e9manant des r\u00e9seaux sociaux"},"content":{"rendered":"\n<p class=\"\">Jack Lang et sa femme Monique sont plac\u00e9s sous protection polici\u00e8re, en raison de menaces \u00e9manant des r\u00e9seaux sociaux, r\u00e9v\u00e8le Marianne.<\/p>\n\n\n\n<p class=\"\">Rappelons que l&rsquo;ancien ministre de la Culture Jack Lang a propos\u00e9 samedi sa d\u00e9mission de l&rsquo;Institut du monde arabe (IMA), dans une lettre au ministre des Affaires \u00e9trang\u00e8res et consult\u00e9e par l&rsquo;AFP, apr\u00e8s l&rsquo;ouverture d&rsquo;une enqu\u00eate du Parquet national financier (PNF), pour ses liens suppos\u00e9s avec Jeffrey Epstein.<\/p>\n\n\n\n<p class=\"\">\u00ab\u00a0Je propose de remettre ma d\u00e9mission lors d\u2019un prochain conseil d\u2019administration extraordinaire\u00a0\u00bb, a \u00e9crit l&rsquo;actuel pr\u00e9sident de l&rsquo;IMA alors qu&rsquo;il \u00e9tait convoqu\u00e9 dimanche au Quai d&rsquo;Orsay. Vendredi, le PNF a ouvert une enqu\u00eate pr\u00e9liminaire pour \u00ab\u00a0blanchiment de fraude fiscale aggrav\u00e9e\u00a0\u00bb concernant Jack Lang et sa fille Caroline.<\/p>\n\n\n\n<p class=\"\">Le chef de la diplomatie Jean-No\u00ebl Barrot, dont le minist\u00e8re a la tutelle sur l&rsquo;IMA, \u00ab\u00a0prend acte\u00a0\u00bb de l&rsquo;offre de d\u00e9mission de Jack Lang, a-t-il r\u00e9agi samedi aupr\u00e8s de journalistes.<\/p>\n\n\n\n<p class=\"\">\u00ab\u00a0Je lance la proc\u00e9dure pour d\u00e9signer son ou sa successeur \u00e0 la t\u00eate de l&rsquo;IMA et je convoque un conseil d&rsquo;administration sous 7 jours qui d\u00e9signera un ou une pr\u00e9sident(e) par int\u00e9rim\u00a0\u00bb, a-t-il ajout\u00e9, de retour \u00e0 Paris apr\u00e8s une tourn\u00e9e internationale.<\/p>\n\n\n\n<p class=\"\">Jack Lang \u00e9tait sur la sellette apr\u00e8s la publication fin janvier de nouveaux documents sur le financier am\u00e9ricain et criminel sexuel Jeffrey Epstein, qui ont fait appara\u00eetre des liens entre les deux hommes.<\/p>\n\n\n\n<p class=\"\">Si aucune charge ne p\u00e8se \u00e0 ce stade contre l&rsquo;ancien ministre, la mention de son nom \u00e0 673 reprises dans des \u00e9changes avec Jeffrey Epstein et ses liens d&rsquo;int\u00e9r\u00eat avec le financier am\u00e9ricain ont pouss\u00e9 de nombreux membres de la classe politique \u00e0 exiger son d\u00e9part de l&rsquo;IMA.<\/p>\n\n\n\n<p class=\"\">\u00ab\u00a0Les accusations port\u00e9es \u00e0 mon encontre sont infond\u00e9es\u00a0\u00bb, avait assur\u00e9 Jack Lang plus t\u00f4t samedi dans un communiqu\u00e9 transmis \u00e0 l&rsquo;AFP.<\/p>\n","protected":false},"excerpt":{"rendered":"<p>Jack Lang et sa femme Monique sont plac\u00e9s sous protection polici\u00e8re, en raison de menaces \u00e9manant des r\u00e9seaux sociaux, r\u00e9v\u00e8le Marianne. Rappelons que l&rsquo;ancien ministre de la Culture Jack Lang a propos\u00e9 samedi sa d\u00e9mission de l&rsquo;Institut du monde arabe (IMA), dans une lettre au ministre des Affaires \u00e9trang\u00e8res et consult\u00e9e par l&rsquo;AFP, apr\u00e8s l&rsquo;ouverture [&hellip;]<\/p>\n","protected":false},"author":2,"featured_media":42344,"comment_status":"open","ping_status":"open","sticky":false,"template":"","format":"standard","meta":{"_jetpack_memberships_contains_paid_content":false,"footnotes":"","jetpack_publicize_message":"","jetpack_publicize_feature_enabled":true,"jetpack_social_post_already_shared":true,"jetpack_social_options":{"image_generator_settings":{"template":"highway","default_image_id":0,"font":"","enabled":false},"version":2},"_wpas_customize_per_network":false},"categories":[405],"tags":[],"class_list":["post-42343","post","type-post","status-publish","format-standard","has-post-thumbnail","hentry","category-actu-france-monde"],"jetpack_publicize_connections":[],"jetpack_featured_media_url":"https:\/\/i0.wp.com\/www.iceagetv.com\/radiosite\/wp-content\/uploads\/2026\/02\/jack_lang_sds_0.jpg?fit=680%2C294&ssl=1","jetpack_sharing_enabled":true,"_links":{"self":[{"href":"https:\/\/www.iceagetv.com\/radiosite\/wp-json\/wp\/v2\/posts\/42343","targetHints":{"allow":["GET"]}}],"collection":[{"href":"https:\/\/www.iceagetv.com\/radiosite\/wp-json\/wp\/v2\/posts"}],"about":[{"href":"https:\/\/www.iceagetv.com\/radiosite\/wp-json\/wp\/v2\/types\/post"}],"author":[{"embeddable":true,"href":"https:\/\/www.iceagetv.com\/radiosite\/wp-json\/wp\/v2\/users\/2"}],"replies":[{"embeddable":true,"href":"https:\/\/www.iceagetv.com\/radiosite\/wp-json\/wp\/v2\/comments?post=42343"}],"version-history":[{"count":1,"href":"https:\/\/www.iceagetv.com\/radiosite\/wp-json\/wp\/v2\/posts\/42343\/revisions"}],"predecessor-version":[{"id":42345,"href":"https:\/\/www.iceagetv.com\/radiosite\/wp-json\/wp\/v2\/posts\/42343\/revisions\/42345"}],"wp:featuredmedia":[{"embeddable":true,"href":"https:\/\/www.iceagetv.com\/radiosite\/wp-json\/wp\/v2\/media\/42344"}],"wp:attachment":[{"href":"https:\/\/www.iceagetv.com\/radiosite\/wp-json\/wp\/v2\/media?parent=42343"}],"wp:term":[{"taxonomy":"category","embeddable":true,"href":"https:\/\/www.iceagetv.com\/radiosite\/wp-json\/wp\/v2\/categories?post=42343"},{"taxonomy":"post_tag","embeddable":true,"href":"https:\/\/www.iceagetv.com\/radiosite\/wp-json\/wp\/v2\/tags?post=42343"}],"curies":[{"name":"wp","href":"https:\/\/api.w.org\/{rel}","templated":true}]}}