{"id":42393,"date":"2026-02-11T13:31:22","date_gmt":"2026-02-11T12:31:22","guid":{"rendered":"https:\/\/www.iceagetv.com\/radiosite\/?p=42393"},"modified":"2026-02-11T13:31:24","modified_gmt":"2026-02-11T12:31:24","slug":"le-senat-adopte-un-texte-pour-renforcer-la-repression-des-installations-illicites-de-gens-du-voyage","status":"publish","type":"post","link":"https:\/\/www.iceagetv.com\/radiosite\/le-senat-adopte-un-texte-pour-renforcer-la-repression-des-installations-illicites-de-gens-du-voyage\/","title":{"rendered":"Le S\u00e9nat adopte un texte pour renforcer la r\u00e9pression des installations illicites de gens du voyage"},"content":{"rendered":"\n<p class=\"\">La proposition de loi est d\u00e9sormais transmise \u00e0 l&rsquo;Assembl\u00e9e nationale, o\u00f9 son inscription \u00e0 l&rsquo;ordre du jour n&rsquo;est pas assur\u00e9e.Le S\u00e9nat a adopt\u00e9, mercredi 11 f\u00e9vrier, un texte pour lutter contre&nbsp;<a href=\"https:\/\/www.franceinfo.fr\/environnement\/pollution\/pollution-des-sols\/video-gens-du-voyage-des-aires-d-accueil-pas-si-accueillantes_7058639.html\">les installations illicites des gens du voyage<\/a>, soutenant plusieurs mesures d\u00e9cri\u00e9es \u00e0 gauche et jusqu&rsquo;au sein du gouvernement. Soutenue par 235 voix pour et 101 voix contre, la proposition de loi est d\u00e9sormais transmise \u00e0 l&rsquo;Assembl\u00e9e nationale, o\u00f9 son inscription \u00e0 l&rsquo;ordre du jour n&rsquo;est pas assur\u00e9e, compte tenu notamment de la densit\u00e9 et de la longueur de ce texte, dans un calendrier contraint.<\/p>\n\n\n\n<p class=\"\">Issue d&rsquo;un travail r\u00e9alis\u00e9 en commun par des parlementaires des deux chambres, la proposition entend r\u00e9former en profondeur la loi \u00ab\u00a0Besson II\u00a0\u00bb, qui fixe depuis 2000 le cadre applicable aux collectivit\u00e9s territoriales pour accueillir la communaut\u00e9 des gens du voyage. Une r\u00e9glementation devenue<em>&nbsp;\u00ab\u00a0totalement inadapt\u00e9e \u00e0 la nature et \u00e0 la quantit\u00e9 de flux auxquels nous sommes confront\u00e9s\u00a0\u00bb<\/em>, affirme la s\u00e9natrice Sylviane No\u00ebl, l&rsquo;une des auteures du texte. L&rsquo;\u00e9lue LR assume de pr\u00f4ner une d\u00e9marche dissuasive et r\u00e9pressive face \u00e0<em>&nbsp;\u00ab\u00a0certaines communaut\u00e9s\u00a0\u00bb&nbsp;<\/em>qui, selon elle,&nbsp;<em>\u00ab\u00a0ne comprennent que le rapport de force\u00a0\u00bb.<\/em><\/p>\n\n\n\n<h2 class=\"wp-block-heading\">Des mesures critiqu\u00e9es par la gauche et l&rsquo;ex\u00e9cutif<\/h2>\n\n\n\n<p class=\"\">Selon le rapport du S\u00e9nat sur ce texte, quelque 569 installations ill\u00e9gales ont \u00e9t\u00e9 recens\u00e9es en 2024, donnant lieu \u00e0 149 condamnations pour occupation en r\u00e9union sans titre et 59 amendes forfaitaires d\u00e9lictuelles. Pour y r\u00e9pondre, la proposoition de loi \u00e9tend les pr\u00e9rogatives des maires, en leur donnant davantage de leviers en mati\u00e8re de lutte contre les stationnements illicites. L&rsquo;amende pour les installations illicites sur des terrains<em>&nbsp;\u00ab\u00a0en vue d&rsquo;y \u00e9tablir une habitation\u00a0\u00bb&nbsp;<\/em>serait aussi doubl\u00e9e. Le texte assouplit \u00e9galement les obligations des \u00e9lus, notamment vis-\u00e0-vis du sch\u00e9ma d\u00e9partemental impos\u00e9 \u00e0 toute commune de plus de 5&nbsp;000 habitants, qui pr\u00e9voit les conditions de s\u00e9jour et de passage des gens du voyage. Les collectivit\u00e9s auraient ainsi un d\u00e9lai de cinq ans, au lieu de deux ans actuellement pour remplir leurs obligations au titre de ce&nbsp;<em>\u00ab\u00a0sch\u00e9ma\u00a0\u00bb.<\/em><\/p>\n\n\n\n<p class=\"\">La ministre d\u00e9l\u00e9gu\u00e9e aupr\u00e8s du ministre de l&rsquo;Int\u00e9rieur, Marie-Pierre Vedrenne, a donn\u00e9 un avis globalement favorable \u00e0 ce texte qui&nbsp;<em>\u00ab\u00a0conjugue\u00a0\u00bb<\/em>, selon elle,&nbsp;<em>\u00ab\u00a0fermet\u00e9 contre les abus\u00a0\u00bb<\/em>&nbsp;et&nbsp;<em>\u00ab\u00a0accompagnement des collectivit\u00e9s\u00a0\u00bb.&nbsp;<\/em>Mais elle a \u00e9mis d&rsquo;importantes r\u00e9serves sur plusieurs dispositifs, comme l&rsquo;obligation donn\u00e9e au pr\u00e9fet de proc\u00e9der \u00e0 l&rsquo;\u00e9vacuation forc\u00e9e des occupations illicites lorsqu&rsquo;une mise en demeure de quitter les lieux n&rsquo;est pas suivie d&rsquo;effet, sauf motif imp\u00e9rieux lui permettant d&rsquo;y d\u00e9roger.<\/p>\n\n\n\n<p class=\"\">La proc\u00e9dure pourrait aussi \u00eatre d\u00e9clench\u00e9e m\u00eame si le stationnement irr\u00e9gulier n&rsquo;implique pas une<em>&nbsp;\u00ab\u00a0atteinte \u00e0 la salubrit\u00e9, \u00e0 la s\u00e9curit\u00e9 ou \u00e0 la tranquillit\u00e9 publiques\u00a0\u00bb<\/em>, des crit\u00e8res actuellement en place. La gauche s&rsquo;est aussi montr\u00e9e hostile \u00e0 ces mesures, ainsi qu&rsquo;\u00e0 de nombreuses autres, comme la prise en compte des aires permanentes d&rsquo;accueil des gens du voyage dans les quotas de logements sociaux impos\u00e9s aux communes.<\/p>\n","protected":false},"excerpt":{"rendered":"<p>La proposition de loi est d\u00e9sormais transmise \u00e0 l&rsquo;Assembl\u00e9e nationale, o\u00f9 son inscription \u00e0 l&rsquo;ordre du jour n&rsquo;est pas assur\u00e9e.Le S\u00e9nat a adopt\u00e9, mercredi 11 f\u00e9vrier, un texte pour lutter contre&nbsp;les installations illicites des gens du voyage, soutenant plusieurs mesures d\u00e9cri\u00e9es \u00e0 gauche et jusqu&rsquo;au sein du gouvernement. Soutenue par 235 voix pour et 101 [&hellip;]<\/p>\n","protected":false},"author":2,"featured_media":42394,"comment_status":"open","ping_status":"open","sticky":false,"template":"","format":"standard","meta":{"_jetpack_memberships_contains_paid_content":false,"footnotes":"","jetpack_publicize_message":"","jetpack_publicize_feature_enabled":true,"jetpack_social_post_already_shared":true,"jetpack_social_options":{"image_generator_settings":{"template":"highway","default_image_id":0,"font":"","enabled":false},"version":2},"_wpas_customize_per_network":false},"categories":[405],"tags":[],"class_list":["post-42393","post","type-post","status-publish","format-standard","has-post-thumbnail","hentry","category-actu-france-monde"],"jetpack_publicize_connections":[],"jetpack_featured_media_url":"https:\/\/i0.wp.com\/www.iceagetv.com\/radiosite\/wp-content\/uploads\/2026\/02\/Le-Senat-adopte-un-texte-pour-renforcer-la-repression-des-installations-illicites-de-gens-du-voyage.jpg?fit=812%2C449&ssl=1","jetpack_sharing_enabled":true,"_links":{"self":[{"href":"https:\/\/www.iceagetv.com\/radiosite\/wp-json\/wp\/v2\/posts\/42393","targetHints":{"allow":["GET"]}}],"collection":[{"href":"https:\/\/www.iceagetv.com\/radiosite\/wp-json\/wp\/v2\/posts"}],"about":[{"href":"https:\/\/www.iceagetv.com\/radiosite\/wp-json\/wp\/v2\/types\/post"}],"author":[{"embeddable":true,"href":"https:\/\/www.iceagetv.com\/radiosite\/wp-json\/wp\/v2\/users\/2"}],"replies":[{"embeddable":true,"href":"https:\/\/www.iceagetv.com\/radiosite\/wp-json\/wp\/v2\/comments?post=42393"}],"version-history":[{"count":1,"href":"https:\/\/www.iceagetv.com\/radiosite\/wp-json\/wp\/v2\/posts\/42393\/revisions"}],"predecessor-version":[{"id":42395,"href":"https:\/\/www.iceagetv.com\/radiosite\/wp-json\/wp\/v2\/posts\/42393\/revisions\/42395"}],"wp:featuredmedia":[{"embeddable":true,"href":"https:\/\/www.iceagetv.com\/radiosite\/wp-json\/wp\/v2\/media\/42394"}],"wp:attachment":[{"href":"https:\/\/www.iceagetv.com\/radiosite\/wp-json\/wp\/v2\/media?parent=42393"}],"wp:term":[{"taxonomy":"category","embeddable":true,"href":"https:\/\/www.iceagetv.com\/radiosite\/wp-json\/wp\/v2\/categories?post=42393"},{"taxonomy":"post_tag","embeddable":true,"href":"https:\/\/www.iceagetv.com\/radiosite\/wp-json\/wp\/v2\/tags?post=42393"}],"curies":[{"name":"wp","href":"https:\/\/api.w.org\/{rel}","templated":true}]}}