{"id":42402,"date":"2026-02-11T16:33:49","date_gmt":"2026-02-11T15:33:49","guid":{"rendered":"https:\/\/www.iceagetv.com\/radiosite\/?p=42402"},"modified":"2026-02-11T16:33:52","modified_gmt":"2026-02-11T15:33:52","slug":"forte-tempete-nils-meteo-france-declenche-la-vigilance-rouge-tous-les-departements-en-alerte-ce-jeudi","status":"publish","type":"post","link":"https:\/\/www.iceagetv.com\/radiosite\/forte-tempete-nils-meteo-france-declenche-la-vigilance-rouge-tous-les-departements-en-alerte-ce-jeudi\/","title":{"rendered":"\u00a0Forte temp\u00eate\u00a0\u00bb Nils : M\u00e9t\u00e9o France d\u00e9clenche la vigilance rouge, tous les d\u00e9partements en alerte ce jeudi"},"content":{"rendered":"\n<p class=\"\">La temp\u00eate Nils va aborder le littoral de l\u2019Atlantique dans la nuit de ce mercredi 11 f\u00e9vrier au jeudi 12 f\u00e9vrier 2026 et balayer de nombreuses r\u00e9gions. Les derni\u00e8res pr\u00e9visions.La \u00ab&nbsp;forte temp\u00eate&nbsp;\u00bb&nbsp;<a href=\"https:\/\/actu.fr\/tag\/tempete-nils\">Nils<\/a>&nbsp;va secouer une partie de la France ces prochaines heures. Dans un contexte de sols gorg\u00e9s d\u2019eau, ces vents violents pourront causer des dommages accrus aux arbres et infrastructures d\u00e9j\u00e0 fragilis\u00e9s, pr\u00e9viennent d\u00e9j\u00e0 les autorit\u00e9s.<\/p>\n\n\n\n<p class=\"\">En montagne, le risque d\u2019<a href=\"https:\/\/actu.fr\/tag\/avalanches\">avalanches<\/a>, lui, sera \u00e9lev\u00e9 dans les Alpes et \u00e0 l\u2019ouest du pays, et les cumuls de pluie et les&nbsp;<a href=\"https:\/\/actu.fr\/tag\/inondations\">inondations<\/a>&nbsp;sont \u00e9galement sous \u00e9troite surveillance.<\/p>\n\n\n\n<p class=\"\">Dans son bulletin de 16h, ce mercredi, M\u00e9t\u00e9o France a ainsi plac\u00e9 trois d\u00e9partements en&nbsp;<strong>vigilance rouge<\/strong>&nbsp;l\u2019alerte maximale pour crues (<strong>il s\u2019agit des d\u00e9partements de la Gironde et du Lot-et-Garonne<\/strong>) mais aussi&nbsp;<strong>pour vent (il s\u2019agit du d\u00e9partement de l\u2019Aude).<\/strong>&nbsp;<\/p>\n\n\n\n<p class=\"\">33 d\u00e9partements sont eux plac\u00e9s en vigilance orange pour ce jeudi 12 f\u00e9vrier 2026, pour vent, crues et avalanches. Et une cinquantaine de d\u00e9partements sont eux plac\u00e9s en vigilance jaune\u2026<\/p>\n\n\n\n<p class=\"\"><strong>Dans les d\u00e9partements en vigilance rouge, les autorit\u00e9s demandent<\/strong>&nbsp;aux habitants de fermer portes, fen\u00eatres, et volets, ne pas utiliser leur voiture et de rester chez eux. En cas d\u2019inondations, de se r\u00e9fugier en \u00e9tage, en dernier recours sur le toit, et de ne pas descendre dans les sous-sols.&nbsp;<\/p>\n\n\n\n<p class=\"\"><strong>Les d\u00e9partements en vigilance rouge ce jeudi 12 f\u00e9vrier 2026&nbsp;<\/strong><\/p>\n\n\n\n<ul class=\"wp-block-list\">\n<li class=\"\">Aude : vent<\/li>\n\n\n\n<li class=\"\">Gironde : crues<\/li>\n\n\n\n<li class=\"\">Lot-et-Garonne : crues<\/li>\n<\/ul>\n\n\n\n<p class=\"\"><strong>Les d\u00e9partements en vigilance orange ce jeudi 12 f\u00e9vrier 2026&nbsp;<\/strong><\/p>\n\n\n\n<ul class=\"wp-block-list\">\n<li class=\"\">Hautes-Alpes : avalanches<\/li>\n\n\n\n<li class=\"\">Ari\u00e8ge : crues, vent<\/li>\n\n\n\n<li class=\"\">Aveyron : crues<\/li>\n\n\n\n<li class=\"\">Cantal : pluie-inondation<\/li>\n\n\n\n<li class=\"\">Charente : vent, crues<\/li>\n\n\n\n<li class=\"\">Charente-Maritime : vent, crues<\/li>\n\n\n\n<li class=\"\">Corr\u00e8ze : pluie-inondation, crues<\/li>\n\n\n\n<li class=\"\">Corse-du-Sud : vent, vagues-submersion<\/li>\n\n\n\n<li class=\"\">Haute-Corse : vent<\/li>\n\n\n\n<li class=\"\">Dordogne : crues<\/li>\n\n\n\n<li class=\"\">Finist\u00e8re : crues<\/li>\n\n\n\n<li class=\"\">Haute-Garonne : crues, vent<\/li>\n\n\n\n<li class=\"\">Gers : crues, vent<\/li>\n\n\n\n<li class=\"\">Gironde : vent<\/li>\n\n\n\n<li class=\"\">H\u00e9rault : vent<\/li>\n\n\n\n<li class=\"\">Indre-et-Loire: crues<\/li>\n\n\n\n<li class=\"\">Is\u00e8re : avalanches<\/li>\n\n\n\n<li class=\"\">Landes : vent<\/li>\n\n\n\n<li class=\"\">Loire-Atlantique : crues<\/li>\n\n\n\n<li class=\"\">Lot : crues<\/li>\n\n\n\n<li class=\"\">Lot-et-Garonne : vent<\/li>\n\n\n\n<li class=\"\">Loz\u00e8re : crues<\/li>\n\n\n\n<li class=\"\">Maine-et-Loire : crues<\/li>\n\n\n\n<li class=\"\">Morbihan : crues<\/li>\n\n\n\n<li class=\"\">Pyr\u00e9n\u00e9es-Atlantiques : vent<\/li>\n\n\n\n<li class=\"\">Hautes-Pyr\u00e9n\u00e9es : crues, vent<\/li>\n\n\n\n<li class=\"\">Pyr\u00e9n\u00e9es-Orientales : vent<\/li>\n\n\n\n<li class=\"\">Savoie : avalanches<\/li>\n\n\n\n<li class=\"\">Haute-Savoie : avalanches<\/li>\n\n\n\n<li class=\"\">Deux-S\u00e8vres : crues<\/li>\n\n\n\n<li class=\"\">Tarn : crues, vent<\/li>\n\n\n\n<li class=\"\">Tarn-et-Garonne : crues, vent<\/li>\n\n\n\n<li class=\"\">Vend\u00e9e : vent, crues<\/li>\n\n\n\n<li class=\"\">Vienne : crues<\/li>\n\n\n\n<li class=\"\">Haute-Vienne : crues<\/li>\n<\/ul>\n\n\n\n<p class=\"\">Dans la nuit de ce mercredi \u00e0 jeudi, les rafales pourront atteindre jusqu\u2019\u00e0 120 \u00e0 140 km\/h sur le littoral de l\u2019Aquitaine et de la Charente, voire davantage localement, et de 100 \u00e0 120 km\/h dans les terres du sud-ouest. Ces rafales s\u2019\u00e9tendront dans la journ\u00e9e de jeudi \u00e0 l\u2019ensemble du pourtour m\u00e9diterran\u00e9en et \u00e0 la Corse.&nbsp;<\/p>\n","protected":false},"excerpt":{"rendered":"<p>La temp\u00eate Nils va aborder le littoral de l\u2019Atlantique dans la nuit de ce mercredi 11 f\u00e9vrier au jeudi 12 f\u00e9vrier 2026 et balayer de nombreuses r\u00e9gions. Les derni\u00e8res pr\u00e9visions.La \u00ab&nbsp;forte temp\u00eate&nbsp;\u00bb&nbsp;Nils&nbsp;va secouer une partie de la France ces prochaines heures. Dans un contexte de sols gorg\u00e9s d\u2019eau, ces vents violents pourront causer des dommages [&hellip;]<\/p>\n","protected":false},"author":2,"featured_media":42403,"comment_status":"open","ping_status":"open","sticky":false,"template":"","format":"standard","meta":{"_jetpack_memberships_contains_paid_content":false,"footnotes":"","jetpack_publicize_message":"","jetpack_publicize_feature_enabled":true,"jetpack_social_post_already_shared":true,"jetpack_social_options":{"image_generator_settings":{"template":"highway","default_image_id":0,"font":"","enabled":false},"version":2},"_wpas_customize_per_network":false},"categories":[14],"tags":[],"class_list":["post-42402","post","type-post","status-publish","format-standard","has-post-thumbnail","hentry","category-actu-meteo"],"jetpack_publicize_connections":[],"jetpack_featured_media_url":"https:\/\/i0.wp.com\/www.iceagetv.com\/radiosite\/wp-content\/uploads\/2026\/02\/Forte-tempete-Nils.jpg?fit=552%2C389&ssl=1","jetpack_sharing_enabled":true,"_links":{"self":[{"href":"https:\/\/www.iceagetv.com\/radiosite\/wp-json\/wp\/v2\/posts\/42402","targetHints":{"allow":["GET"]}}],"collection":[{"href":"https:\/\/www.iceagetv.com\/radiosite\/wp-json\/wp\/v2\/posts"}],"about":[{"href":"https:\/\/www.iceagetv.com\/radiosite\/wp-json\/wp\/v2\/types\/post"}],"author":[{"embeddable":true,"href":"https:\/\/www.iceagetv.com\/radiosite\/wp-json\/wp\/v2\/users\/2"}],"replies":[{"embeddable":true,"href":"https:\/\/www.iceagetv.com\/radiosite\/wp-json\/wp\/v2\/comments?post=42402"}],"version-history":[{"count":1,"href":"https:\/\/www.iceagetv.com\/radiosite\/wp-json\/wp\/v2\/posts\/42402\/revisions"}],"predecessor-version":[{"id":42404,"href":"https:\/\/www.iceagetv.com\/radiosite\/wp-json\/wp\/v2\/posts\/42402\/revisions\/42404"}],"wp:featuredmedia":[{"embeddable":true,"href":"https:\/\/www.iceagetv.com\/radiosite\/wp-json\/wp\/v2\/media\/42403"}],"wp:attachment":[{"href":"https:\/\/www.iceagetv.com\/radiosite\/wp-json\/wp\/v2\/media?parent=42402"}],"wp:term":[{"taxonomy":"category","embeddable":true,"href":"https:\/\/www.iceagetv.com\/radiosite\/wp-json\/wp\/v2\/categories?post=42402"},{"taxonomy":"post_tag","embeddable":true,"href":"https:\/\/www.iceagetv.com\/radiosite\/wp-json\/wp\/v2\/tags?post=42402"}],"curies":[{"name":"wp","href":"https:\/\/api.w.org\/{rel}","templated":true}]}}