{"id":42422,"date":"2026-02-12T17:02:07","date_gmt":"2026-02-12T16:02:07","guid":{"rendered":"https:\/\/www.iceagetv.com\/radiosite\/?p=42422"},"modified":"2026-02-12T17:02:09","modified_gmt":"2026-02-12T16:02:09","slug":"bruno-retailleau-annonce-sa-candidature-comme-prochain-president-de-la-republique-jai-pris-la-decision-detre-candidat-cest-une-decision-que-jai-beaucoup-murie-et-je-pense-qu","status":"publish","type":"post","link":"https:\/\/www.iceagetv.com\/radiosite\/bruno-retailleau-annonce-sa-candidature-comme-prochain-president-de-la-republique-jai-pris-la-decision-detre-candidat-cest-une-decision-que-jai-beaucoup-murie-et-je-pense-qu\/","title":{"rendered":"Bruno Retailleau annonce sa candidature comme prochain Pr\u00e9sident de la R\u00e9publique : \u00ab\u00a0J\u2019ai pris la d\u00e9cision d\u2019\u00eatre candidat. C&rsquo;est une d\u00e9cision que j&rsquo;ai beaucoup m\u00fbrie et je pense que le moment est venu.\u00a0\u00bb"},"content":{"rendered":"\n<p class=\"\"><strong>J\u2019ai pris la d\u00e9cision d\u2019\u00eatre candidat \u00e0 l\u2019\u00e9lection pr\u00e9sidentielle\u00bb, a confi\u00e9 Bruno Retailleau dans un message \u00e9crit \u00e0 certains de ses proches.&nbsp;\u00ab\u00a0C&rsquo;est une d\u00e9cision que j&rsquo;ai beaucoup m\u00fbrie et je pense que le moment est venu pour notre famille politique d&rsquo;indiquer aux Fran\u00e7ais un nouveau chemin, ax\u00e9 sur l&rsquo;ordre, la prosp\u00e9rit\u00e9 et la fiert\u00e9 fran\u00e7aise\u00a0\u00bb, \u00e9crit le patron des R\u00e9publicains et ex-ministre de l&rsquo;Int\u00e9rieur pour justifier son choix.<\/strong><\/p>\n\n\n\n<p class=\"\"><strong>\u00ab\u00a0Je porterai ce projet dans un esprit de rassemblement de notre famille politique, et de tous les Fran\u00e7ais qui veulent le redressement de notre pays. Ils sont majoritaires et nous pouvons les convaincre&nbsp;!\u00a0\u00bb<\/strong><\/p>\n\n\n\n<p class=\"\">Selon l&rsquo;entourage de Laurent Wauquiez au Figaro, le pr\u00e9sident du groupe LR \u00e0 l&rsquo;Assembl\u00e9e nationale n&rsquo;a pas \u00e9t\u00e9 pr\u00e9venu de l&rsquo;annonce de Bruno Retailleau.<\/p>\n\n\n\n<p class=\"\">N\u00e9 dans une famille attach\u00e9e aux valeurs de travail et de responsabilit\u00e9, il s\u2019est rapidement impliqu\u00e9 en politique locale avant de gravir les \u00e9chelons nationaux. \u00c9l\u00e8ve brillant, il combine une solide formation universitaire avec une pratique politique ancr\u00e9e dans le terrain.<\/p>\n\n\n\n<p class=\"\">S\u00e9nateur de la Vend\u00e9e, il a occup\u00e9 des responsabilit\u00e9s importantes au sein du S\u00e9nat, notamment sur les questions \u00e9conomiques et sociales. Connu pour son sens de l\u2019\u00e9coute et sa capacit\u00e9 \u00e0 rassembler, Retailleau incarne une droite mod\u00e9r\u00e9e, attach\u00e9e \u00e0 l\u2019ordre, \u00e0 la libert\u00e9 \u00e9conomique et \u00e0 la souverainet\u00e9 nationale.<\/p>\n\n\n\n<p class=\"\">Il s\u2019est notamment fait remarquer pour ses prises de position sur la r\u00e9forme des retraites et la comp\u00e9titivit\u00e9 des entreprises fran\u00e7aises.<\/p>\n\n\n\n<p class=\"\">Bruneau Retailleau est \u00e9galement engag\u00e9 sur des dossiers li\u00e9s \u00e0 la ruralit\u00e9 et au d\u00e9veloppement des territoires. Il privil\u00e9gie un discours pragmatique, \u00e9loign\u00e9 des postures id\u00e9ologiques excessives. Respect\u00e9 par ses pairs, il joue un r\u00f4le de premier plan dans les arbitrages politiques internes \u00e0 son camp.<\/p>\n\n\n\n<p class=\"\">Sa popularit\u00e9 aupr\u00e8s de certains milieux conservateurs s\u2019accompagne d\u2019une image de gestionnaire rigoureux et de parlementaire exigeant. En dehors de la politique, il est appr\u00e9ci\u00e9 pour sa culture g\u00e9n\u00e9rale et son go\u00fbt pour les d\u00e9bats intellectuels. Fid\u00e8le \u00e0 ses convictions, il continue d\u2019influencer le d\u00e9bat public fran\u00e7ais.<\/p>\n","protected":false},"excerpt":{"rendered":"<p>J\u2019ai pris la d\u00e9cision d\u2019\u00eatre candidat \u00e0 l\u2019\u00e9lection pr\u00e9sidentielle\u00bb, a confi\u00e9 Bruno Retailleau dans un message \u00e9crit \u00e0 certains de ses proches.&nbsp;\u00ab\u00a0C&rsquo;est une d\u00e9cision que j&rsquo;ai beaucoup m\u00fbrie et je pense que le moment est venu pour notre famille politique d&rsquo;indiquer aux Fran\u00e7ais un nouveau chemin, ax\u00e9 sur l&rsquo;ordre, la prosp\u00e9rit\u00e9 et la fiert\u00e9 fran\u00e7aise\u00a0\u00bb, [&hellip;]<\/p>\n","protected":false},"author":2,"featured_media":42423,"comment_status":"open","ping_status":"open","sticky":false,"template":"","format":"standard","meta":{"_jetpack_memberships_contains_paid_content":false,"footnotes":"","jetpack_publicize_message":"","jetpack_publicize_feature_enabled":true,"jetpack_social_post_already_shared":true,"jetpack_social_options":{"image_generator_settings":{"template":"highway","default_image_id":0,"font":"","enabled":false},"version":2},"_wpas_customize_per_network":false},"categories":[405],"tags":[],"class_list":["post-42422","post","type-post","status-publish","format-standard","has-post-thumbnail","hentry","category-actu-france-monde"],"jetpack_publicize_connections":[],"jetpack_featured_media_url":"https:\/\/i0.wp.com\/www.iceagetv.com\/radiosite\/wp-content\/uploads\/2026\/02\/retailleau_0.jpg?fit=920%2C397&ssl=1","jetpack_sharing_enabled":true,"_links":{"self":[{"href":"https:\/\/www.iceagetv.com\/radiosite\/wp-json\/wp\/v2\/posts\/42422","targetHints":{"allow":["GET"]}}],"collection":[{"href":"https:\/\/www.iceagetv.com\/radiosite\/wp-json\/wp\/v2\/posts"}],"about":[{"href":"https:\/\/www.iceagetv.com\/radiosite\/wp-json\/wp\/v2\/types\/post"}],"author":[{"embeddable":true,"href":"https:\/\/www.iceagetv.com\/radiosite\/wp-json\/wp\/v2\/users\/2"}],"replies":[{"embeddable":true,"href":"https:\/\/www.iceagetv.com\/radiosite\/wp-json\/wp\/v2\/comments?post=42422"}],"version-history":[{"count":1,"href":"https:\/\/www.iceagetv.com\/radiosite\/wp-json\/wp\/v2\/posts\/42422\/revisions"}],"predecessor-version":[{"id":42424,"href":"https:\/\/www.iceagetv.com\/radiosite\/wp-json\/wp\/v2\/posts\/42422\/revisions\/42424"}],"wp:featuredmedia":[{"embeddable":true,"href":"https:\/\/www.iceagetv.com\/radiosite\/wp-json\/wp\/v2\/media\/42423"}],"wp:attachment":[{"href":"https:\/\/www.iceagetv.com\/radiosite\/wp-json\/wp\/v2\/media?parent=42422"}],"wp:term":[{"taxonomy":"category","embeddable":true,"href":"https:\/\/www.iceagetv.com\/radiosite\/wp-json\/wp\/v2\/categories?post=42422"},{"taxonomy":"post_tag","embeddable":true,"href":"https:\/\/www.iceagetv.com\/radiosite\/wp-json\/wp\/v2\/tags?post=42422"}],"curies":[{"name":"wp","href":"https:\/\/api.w.org\/{rel}","templated":true}]}}