{"id":42427,"date":"2026-02-12T17:45:29","date_gmt":"2026-02-12T16:45:29","guid":{"rendered":"https:\/\/www.iceagetv.com\/radiosite\/?p=42427"},"modified":"2026-02-12T17:45:32","modified_gmt":"2026-02-12T16:45:32","slug":"tempete-nils-la-station-de-tignes-confinee-dans-la-nuit-de-jeudi-a-vendredi-la-savoie-toujours-en-vigilance-rouge-avalanche","status":"publish","type":"post","link":"https:\/\/www.iceagetv.com\/radiosite\/tempete-nils-la-station-de-tignes-confinee-dans-la-nuit-de-jeudi-a-vendredi-la-savoie-toujours-en-vigilance-rouge-avalanche\/","title":{"rendered":"Temp\u00eate Nils: la station de Tignes confin\u00e9e dans la nuit de jeudi \u00e0 vendredi, la Savoie toujours en vigilance rouge avalanche"},"content":{"rendered":"\n<p class=\"\">Le d\u00e9partement de la Savoie est plac\u00e9 en vigilance rouge par M\u00e9t\u00e9o France du fait du risque d&rsquo;avalanches. Selon les pr\u00e9visionnistes, \u00ab\u00a0de nouvelles chutes de neige plus intenses\u00a0\u00bb sont encore \u00e0 pr\u00e9voir pour ce jeudi en fin d&rsquo;apr\u00e8s-midi.<\/p>\n\n\n\n<p class=\"\">Face \u00e0 la\u00a0<a href=\"https:\/\/www.bfmtv.com\/meteo\/intemperies\/chutes-d-arbres-routes-inondees-les-images-des-degats-provoques-par-le-passage-de-la-tempete-nils_AV-202602120474.html\">temp\u00eate Nils<\/a>, la station de Tignes a d\u00e9cr\u00e9t\u00e9\u00a0<a href=\"https:\/\/www.bfmtv.com\/meteo\/intemperies\/direct-tempete-nils-quatre-departements-en-vigilance-rouge-aujourd-hui-pour-des-risques-de-crues-de-vents-violents-et-d-avalanches_LN-202602120064.html\">ce jeudi 12 f\u00e9vrier<\/a>\u00a0un confinement de sa population dans la nuit de jeudi \u00e0 vendredi.\u00a0\u00ab\u00a0La mesure prendra effet \u00e0 compter de ce soir \u00e0 23 heures et devrait prendre fin \u00e0 6 heures du matin\u00a0\u00bb, pr\u00e9cise la station, qui \u00ab\u00a0somme la population, locaux, saisonniers et vacanciers de rester \u00e0 l&rsquo;int\u00e9rieur\u00a0\u00bb.<\/p>\n\n\n\n<p class=\"\">Le d\u00e9partement est en vigilance rouge ce jeudi pour des risques d&rsquo;avalanche, au moins jusqu&rsquo;\u00e0 21 heures, selon le&nbsp;<a href=\"https:\/\/vigimeteo.com\/fr\" target=\"_blank\" rel=\"noreferrer noopener\">dernier bulletin de M\u00e9t\u00e9o France<\/a>.<\/p>\n\n\n\n<h2 class=\"wp-block-heading\" id=\"ck807\">Des \u00ab\u00a0mesures de s\u00e9curit\u00e9 intenses\u00a0\u00bb<\/h2>\n\n\n\n<p class=\"\">Les pr\u00e9visionnistes s&rsquo;attendent \u00e0 \u00ab\u00a0de nouvelles chutes de neige plus intenses en cette fin d&rsquo;apr\u00e8s-midi\u00a0\u00bb apr\u00e8s \u00ab\u00a0avoir observ\u00e9 \u00ab\u00a0hier et ce matin, quelques avalanches ayant atteint des fonds de vall\u00e9es, jusque 1.100 m \u00e0 1.400 m d&rsquo;altitude\u00a0\u00bb.De son c\u00f4t\u00e9, le maire de la ville Jean Jevial invoque\u00a0<a href=\"https:\/\/www.bfmtv.com\/meteo\/neige\/video-tempete-nils-le-maire-de-tignes-reagit-apres-l-annonce-du-confinement-de-ses-habitants-de-23h-a-6h_VN-202602120682.html\">sur BFMTV<\/a>\u00a0\u00ab\u00a0les incertitudes\u00a0\u00bb m\u00e9t\u00e9orologiques pour justifier ces \u00ab\u00a0mesures de s\u00e9curit\u00e9 intenses\u00a0\u00bb. Selon lui, la station pourrait \u00eatre touch\u00e9e par \u00ab\u00a0des vents de 60 \u00e0 100 km\/h, qui peuvent renverser des personnes et les coucher dans la neige\u00a0\u00bb et \u00ab\u00a0de fortes pr\u00e9cipitations neigeuses de 40 \u00e0 60 cm\u00a0\u00bb.<\/p>\n","protected":false},"excerpt":{"rendered":"<p>Le d\u00e9partement de la Savoie est plac\u00e9 en vigilance rouge par M\u00e9t\u00e9o France du fait du risque d&rsquo;avalanches. Selon les pr\u00e9visionnistes, \u00ab\u00a0de nouvelles chutes de neige plus intenses\u00a0\u00bb sont encore \u00e0 pr\u00e9voir pour ce jeudi en fin d&rsquo;apr\u00e8s-midi. Face \u00e0 la\u00a0temp\u00eate Nils, la station de Tignes a d\u00e9cr\u00e9t\u00e9\u00a0ce jeudi 12 f\u00e9vrier\u00a0un confinement de sa population [&hellip;]<\/p>\n","protected":false},"author":2,"featured_media":42428,"comment_status":"open","ping_status":"open","sticky":false,"template":"","format":"standard","meta":{"_jetpack_memberships_contains_paid_content":false,"footnotes":"","jetpack_publicize_message":"","jetpack_publicize_feature_enabled":true,"jetpack_social_post_already_shared":true,"jetpack_social_options":{"image_generator_settings":{"template":"highway","default_image_id":0,"font":"","enabled":false},"version":2},"_wpas_customize_per_network":false},"categories":[14],"tags":[],"class_list":["post-42427","post","type-post","status-publish","format-standard","has-post-thumbnail","hentry","category-actu-meteo"],"jetpack_publicize_connections":[],"jetpack_featured_media_url":"https:\/\/i0.wp.com\/www.iceagetv.com\/radiosite\/wp-content\/uploads\/2026\/02\/la-station-de-Tignes-confinee-dans-la-nuit-de-jeudi-a-vendredi.jpg?fit=478%2C218&ssl=1","jetpack_sharing_enabled":true,"_links":{"self":[{"href":"https:\/\/www.iceagetv.com\/radiosite\/wp-json\/wp\/v2\/posts\/42427","targetHints":{"allow":["GET"]}}],"collection":[{"href":"https:\/\/www.iceagetv.com\/radiosite\/wp-json\/wp\/v2\/posts"}],"about":[{"href":"https:\/\/www.iceagetv.com\/radiosite\/wp-json\/wp\/v2\/types\/post"}],"author":[{"embeddable":true,"href":"https:\/\/www.iceagetv.com\/radiosite\/wp-json\/wp\/v2\/users\/2"}],"replies":[{"embeddable":true,"href":"https:\/\/www.iceagetv.com\/radiosite\/wp-json\/wp\/v2\/comments?post=42427"}],"version-history":[{"count":1,"href":"https:\/\/www.iceagetv.com\/radiosite\/wp-json\/wp\/v2\/posts\/42427\/revisions"}],"predecessor-version":[{"id":42429,"href":"https:\/\/www.iceagetv.com\/radiosite\/wp-json\/wp\/v2\/posts\/42427\/revisions\/42429"}],"wp:featuredmedia":[{"embeddable":true,"href":"https:\/\/www.iceagetv.com\/radiosite\/wp-json\/wp\/v2\/media\/42428"}],"wp:attachment":[{"href":"https:\/\/www.iceagetv.com\/radiosite\/wp-json\/wp\/v2\/media?parent=42427"}],"wp:term":[{"taxonomy":"category","embeddable":true,"href":"https:\/\/www.iceagetv.com\/radiosite\/wp-json\/wp\/v2\/categories?post=42427"},{"taxonomy":"post_tag","embeddable":true,"href":"https:\/\/www.iceagetv.com\/radiosite\/wp-json\/wp\/v2\/tags?post=42427"}],"curies":[{"name":"wp","href":"https:\/\/api.w.org\/{rel}","templated":true}]}}