{"id":42450,"date":"2026-02-13T09:25:04","date_gmt":"2026-02-13T08:25:04","guid":{"rendered":"https:\/\/www.iceagetv.com\/radiosite\/?p=42450"},"modified":"2026-02-13T09:25:06","modified_gmt":"2026-02-13T08:25:06","slug":"la-tempete-nils-fait-une-deuxieme-victime-un-homme-mort-dans-son-jardin-en-tarn-et-garonne","status":"publish","type":"post","link":"https:\/\/www.iceagetv.com\/radiosite\/la-tempete-nils-fait-une-deuxieme-victime-un-homme-mort-dans-son-jardin-en-tarn-et-garonne\/","title":{"rendered":"La Temp\u00eate Nils fait une deuxi\u00e8me victime : un homme mort dans son jardin en Tarn-et-Garonne"},"content":{"rendered":"\n<p class=\"\">Apr\u00e8s un chauffeur poids lourd dans les Landes, la Temp\u00eate Nils a fait une deuxi\u00e8me victime dans le Tarn-et-Garonne, annonce la porte-parole du gouvernement, vendredi 13 f\u00e9vrier.Le sud de la France et l\u2019<a href=\"https:\/\/actu.fr\/occitanie\/\">Occitanie<\/a>&nbsp;se r\u00e9veillent groggy,&nbsp; vendredi 13 f\u00e9vrier 2026. La veille, il \u00e9tait travers\u00e9 par la&nbsp;<strong>temp\u00eate Nils<\/strong>. Un \u00e9pisode m\u00e9t\u00e9orologique qui avait n\u00e9cessit\u00e9 l\u2019activation de la vigilance rouge dans cinq d\u00e9partements au plus fort de l\u2019\u00e9v\u00e9nement\u2026 Et qui a fait une nouvelle victime.&nbsp;<\/p>\n\n\n\n<p class=\"\">Maud Bregeon, porte-parole du gouvernement, a annonc\u00e9 vendredi chez nos confr\u00e8res de\u00a0<em>TF1<\/em>\u00a0le d\u00e9c\u00e8s d\u2019un homme qui \u00ab\u00a0\u00e9tait sur une \u00e9chelle dans un jardin\u00a0\u00bb sans autre forme de d\u00e9tails. Les faits sont survenus en\u00a0<strong>Tarn-et-Garonne<\/strong>.Un autre homme gri\u00e8vement bless\u00e9<\/p>\n\n\n\n<p class=\"\">Dans le m\u00eame d\u00e9partement,&nbsp;<a href=\"https:\/\/actu.fr\/occitanie\/castelsarrasin_82033\/tempete-nils-il-procedait-au-retablissement-du-courant-un-agent-grievement-blesse_63833892.html\">le pronostic vital d\u2019un agent du Syndicat mixte eaux confluences est toujours engag\u00e9<\/a>, apr\u00e8s qu\u2019il a, lui aussi, \u00e9t\u00e9 touch\u00e9 par un arbre chutant.&nbsp;<\/p>\n\n\n\n<p class=\"\">Rappelons que les intemp\u00e9ries ont d\u00e9j\u00e0 caus\u00e9 la mort d\u2019un chauffeur poids lourd, jeudi 12 f\u00e9vrier dans les Landes.&nbsp;<\/p>\n","protected":false},"excerpt":{"rendered":"<p>Apr\u00e8s un chauffeur poids lourd dans les Landes, la Temp\u00eate Nils a fait une deuxi\u00e8me victime dans le Tarn-et-Garonne, annonce la porte-parole du gouvernement, vendredi 13 f\u00e9vrier.Le sud de la France et l\u2019Occitanie&nbsp;se r\u00e9veillent groggy,&nbsp; vendredi 13 f\u00e9vrier 2026. La veille, il \u00e9tait travers\u00e9 par la&nbsp;temp\u00eate Nils. Un \u00e9pisode m\u00e9t\u00e9orologique qui avait n\u00e9cessit\u00e9 l\u2019activation de [&hellip;]<\/p>\n","protected":false},"author":2,"featured_media":42451,"comment_status":"open","ping_status":"open","sticky":false,"template":"","format":"standard","meta":{"_jetpack_memberships_contains_paid_content":false,"footnotes":"","jetpack_publicize_message":"","jetpack_publicize_feature_enabled":true,"jetpack_social_post_already_shared":true,"jetpack_social_options":{"image_generator_settings":{"template":"highway","default_image_id":0,"font":"","enabled":false},"version":2},"_wpas_customize_per_network":false},"categories":[405],"tags":[],"class_list":["post-42450","post","type-post","status-publish","format-standard","has-post-thumbnail","hentry","category-actu-france-monde"],"jetpack_publicize_connections":[],"jetpack_featured_media_url":"https:\/\/i0.wp.com\/www.iceagetv.com\/radiosite\/wp-content\/uploads\/2026\/02\/tempete-nils-afp-960x640-1.jpeg?fit=960%2C640&ssl=1","jetpack_sharing_enabled":true,"_links":{"self":[{"href":"https:\/\/www.iceagetv.com\/radiosite\/wp-json\/wp\/v2\/posts\/42450","targetHints":{"allow":["GET"]}}],"collection":[{"href":"https:\/\/www.iceagetv.com\/radiosite\/wp-json\/wp\/v2\/posts"}],"about":[{"href":"https:\/\/www.iceagetv.com\/radiosite\/wp-json\/wp\/v2\/types\/post"}],"author":[{"embeddable":true,"href":"https:\/\/www.iceagetv.com\/radiosite\/wp-json\/wp\/v2\/users\/2"}],"replies":[{"embeddable":true,"href":"https:\/\/www.iceagetv.com\/radiosite\/wp-json\/wp\/v2\/comments?post=42450"}],"version-history":[{"count":1,"href":"https:\/\/www.iceagetv.com\/radiosite\/wp-json\/wp\/v2\/posts\/42450\/revisions"}],"predecessor-version":[{"id":42452,"href":"https:\/\/www.iceagetv.com\/radiosite\/wp-json\/wp\/v2\/posts\/42450\/revisions\/42452"}],"wp:featuredmedia":[{"embeddable":true,"href":"https:\/\/www.iceagetv.com\/radiosite\/wp-json\/wp\/v2\/media\/42451"}],"wp:attachment":[{"href":"https:\/\/www.iceagetv.com\/radiosite\/wp-json\/wp\/v2\/media?parent=42450"}],"wp:term":[{"taxonomy":"category","embeddable":true,"href":"https:\/\/www.iceagetv.com\/radiosite\/wp-json\/wp\/v2\/categories?post=42450"},{"taxonomy":"post_tag","embeddable":true,"href":"https:\/\/www.iceagetv.com\/radiosite\/wp-json\/wp\/v2\/tags?post=42450"}],"curies":[{"name":"wp","href":"https:\/\/api.w.org\/{rel}","templated":true}]}}