{"id":42504,"date":"2026-02-15T07:46:09","date_gmt":"2026-02-15T06:46:09","guid":{"rendered":"https:\/\/www.iceagetv.com\/radiosite\/?p=42504"},"modified":"2026-02-15T07:46:15","modified_gmt":"2026-02-15T06:46:15","slug":"violence-inouie-lynchage-la-classe-politique-reagit-a-la-mort-de-quentin-militant-nationaliste-et-appelle-au-calme","status":"publish","type":"post","link":"https:\/\/www.iceagetv.com\/radiosite\/violence-inouie-lynchage-la-classe-politique-reagit-a-la-mort-de-quentin-militant-nationaliste-et-appelle-au-calme\/","title":{"rendered":"Violence inou\u00efe\u00a0\u00bb, \u00ab\u00a0lynchage\u00a0\u00bb&#8230; La classe politique r\u00e9agit \u00e0 la mort de Quentin, militant nationaliste, et appelle au calme"},"content":{"rendered":"\n<p class=\"\">Quentin, un militant nationaliste \u00e2g\u00e9 de 23 ans, est mort ce samedi 14 f\u00e9vrier apr\u00e8s avoir \u00e9t\u00e9 bless\u00e9, jeudi soir, \u00e0 Lyon en marge d&rsquo;une conf\u00e9rence de la d\u00e9put\u00e9e europ\u00e9enne LFI Rima Hassan. Peu apr\u00e8s l&rsquo;annonce de sa mort, de nombreux membres de la classe politique ont r\u00e9agi.Dans le sillage du pr\u00e9sident de la R\u00e9publique, l&rsquo;ensemble de la classe politique a d\u00e9nonc\u00e9 samedi 14 f\u00e9vrier le \u00ab\u00a0d\u00e9ferlement\u00a0\u00bb de violence \u00e0 l&rsquo;origine du d\u00e9c\u00e8s de Quentin, 23 ans, demandant justice. Sur le banc des accus\u00e9s, LFI s&rsquo;est d\u00e9fendue de toute implication.\u00a0\u00bb\u00c0 Lyon, Quentin a \u00e9t\u00e9 victime d&rsquo;un d\u00e9ferlement de violence inou\u00ef. Il a perdu la vie \u00e0 23 ans seulement. \u00c0 sa famille et \u00e0 ses proches, j&rsquo;adresse mes pens\u00e9es et le soutien de la Nation. En R\u00e9publique, aucune cause, aucune id\u00e9ologie ne justifieront jamais que l&rsquo;on tue\u00a0\u00bb, a r\u00e9agi Emmanuel Macron sur X, peu apr\u00e8s l&rsquo;annonce de la mort de l&rsquo;\u00e9tudiant.Poursuivre, traduire devant la justice et condamner les auteurs de cette ignominie est indispensable. La haine qui assassine n&rsquo;a pas sa place chez nous. J&rsquo;appelle au calme, \u00e0 la retenue et au respect\u00a0\u00bb, a poursuivi le pr\u00e9sident.\u00a0\u00bbIl faut arr\u00eater avec cette violence\u00a0\u00bbPlusieurs responsables \u00e0 gauche ont aussi r\u00e9agi au d\u00e9c\u00e8s, dont le Premier secr\u00e9taire du PS Olivier Faure, jugeant \u00ab\u00a0inacceptable\u00a0\u00bb le \u00ab\u00a0niveau de violence atteint\u00a0\u00bb. \u00ab\u00a0Dans une d\u00e9mocratie, personne ne devrait mourir pour ses id\u00e9es (&#8230;) A la police et \u00e0 l&rsquo;autorit\u00e9 judiciaire de mener une enqu\u00eate diligente et de rendre la justice\u00a0\u00bb, a-t-il \u00e9crit sur X.\u00a0\u00bbIl faut arr\u00eater avec cette violence en politique qui m\u00e8nera toujours \u00e0 des trag\u00e9dies. Que toute la lumi\u00e8re soit faite et que justice soit rendue\u00a0\u00bb, a de son c\u00f4t\u00e9 appel\u00e9 le secr\u00e9taire national du PCF Fabien Roussel.Le parquet a annonc\u00e9 samedi la mort de l&rsquo;\u00e9tudiant, qui avait \u00e9t\u00e9 hospitalis\u00e9 dans un \u00e9tat grave jeudi. L&rsquo;avocat de la famille a d\u00e9nonc\u00e9 un \u00ab\u00a0lynchage\u00a0\u00bb op\u00e9r\u00e9 \u00ab\u00a0par des individus organis\u00e9s et entra\u00een\u00e9s, en tr\u00e8s large surnombre et arm\u00e9s\u00a0\u00bb.\u00a0\u00bbAccusations sans aucun fondement\u00a0\u00bbSelon le collectif N\u00e9m\u00e9sis, proche de l&rsquo;extr\u00eame droite, Quentin faisait partie du service d&rsquo;ordre charg\u00e9 d&rsquo;assurer la s\u00e9curit\u00e9 de ses militantes qui manifestaient contre une conf\u00e9rence de l&rsquo;eurod\u00e9put\u00e9e LFI Rima Hassan jeudi soir. Il aurait \u00e9t\u00e9 agress\u00e9 par des militants antifascistes dont certains issus de la Jeune Garde, le collectif fond\u00e9 par le d\u00e9put\u00e9 LFI Rapha\u00ebl Arnault.Le parquet a ouvert une enqu\u00eate, conduite d\u00e9sormais du chef de coups mortels aggrav\u00e9s, sans s&rsquo;exprimer sur les circonstances du drame\u00a0\u00bbAccusations sans aucun fondement\u00a0\u00bbSelon le collectif N\u00e9m\u00e9sis, proche de l&rsquo;extr\u00eame droite, Quentin faisait partie du service d&rsquo;ordre charg\u00e9 d&rsquo;assurer la s\u00e9curit\u00e9 de ses militantes qui manifestaient contre une conf\u00e9rence de l&rsquo;eurod\u00e9put\u00e9e LFI Rima Hassan jeudi soir. Il aurait \u00e9t\u00e9 agress\u00e9 par des militants antifascistes dont certains issus de la Jeune Garde, le collectif fond\u00e9 par le d\u00e9put\u00e9 LFI Rapha\u00ebl Arnault.Le parquet a ouvert une enqu\u00eate, conduite d\u00e9sormais du chef de coups mortels aggrav\u00e9s, sans s&rsquo;exprimer sur les circonstances du drame.La cheffe de file du RN Marine Le Pen a elle aussi souhait\u00e9 que la justice condamne \u00ab\u00a0avec la plus grande rigueur\u00a0\u00bb les \u00ab\u00a0barbares responsables de ce lynchage\u00a0\u00bb, sans d\u00e9signer de coupable.Sa ni\u00e8ce Marion Mar\u00e9chal s&rsquo;en est elle \u00e0 nouveau pris \u00e0 La France insoumise, dans le collimateur depuis vendredi: \u00ab\u00a0la milice de M\u00e9lenchon et LFI a tu\u00e9\u00a0\u00bb, a-t-elle \u00e9crit sur X. Le pr\u00e9sident de LR, Bruno Retailleau a lui point\u00e9 la responsabilit\u00e9 de \u00ab\u00a0l&rsquo;extr\u00eame gauche\u00a0\u00bb, qui \u00ab\u00a0tue\u00a0\u00bb.<div><div>.<\/div><\/div><\/p>\n","protected":false},"excerpt":{"rendered":"<p>Quentin, un militant nationaliste \u00e2g\u00e9 de 23 ans, est mort ce samedi 14 f\u00e9vrier apr\u00e8s avoir \u00e9t\u00e9 bless\u00e9, jeudi soir, \u00e0 Lyon en marge d&rsquo;une conf\u00e9rence de la d\u00e9put\u00e9e europ\u00e9enne LFI Rima Hassan. Peu apr\u00e8s l&rsquo;annonce de sa mort, de nombreux membres de la classe politique ont r\u00e9agi.Dans le sillage du pr\u00e9sident de la R\u00e9publique, [&hellip;]<\/p>\n","protected":false},"author":2,"featured_media":42505,"comment_status":"open","ping_status":"open","sticky":false,"template":"","format":"standard","meta":{"_jetpack_memberships_contains_paid_content":false,"footnotes":"","jetpack_publicize_message":"","jetpack_publicize_feature_enabled":true,"jetpack_social_post_already_shared":true,"jetpack_social_options":{"image_generator_settings":{"template":"highway","default_image_id":0,"font":"","enabled":false},"version":2},"_wpas_customize_per_network":false},"categories":[405],"tags":[],"class_list":["post-42504","post","type-post","status-publish","format-standard","has-post-thumbnail","hentry","category-actu-france-monde"],"jetpack_publicize_connections":[],"jetpack_featured_media_url":"https:\/\/i0.wp.com\/www.iceagetv.com\/radiosite\/wp-content\/uploads\/2026\/02\/Olivier-Faure-et-Bruno-Retailleau-2235772.webp?fit=1200%2C799&ssl=1","jetpack_sharing_enabled":true,"_links":{"self":[{"href":"https:\/\/www.iceagetv.com\/radiosite\/wp-json\/wp\/v2\/posts\/42504","targetHints":{"allow":["GET"]}}],"collection":[{"href":"https:\/\/www.iceagetv.com\/radiosite\/wp-json\/wp\/v2\/posts"}],"about":[{"href":"https:\/\/www.iceagetv.com\/radiosite\/wp-json\/wp\/v2\/types\/post"}],"author":[{"embeddable":true,"href":"https:\/\/www.iceagetv.com\/radiosite\/wp-json\/wp\/v2\/users\/2"}],"replies":[{"embeddable":true,"href":"https:\/\/www.iceagetv.com\/radiosite\/wp-json\/wp\/v2\/comments?post=42504"}],"version-history":[{"count":1,"href":"https:\/\/www.iceagetv.com\/radiosite\/wp-json\/wp\/v2\/posts\/42504\/revisions"}],"predecessor-version":[{"id":42506,"href":"https:\/\/www.iceagetv.com\/radiosite\/wp-json\/wp\/v2\/posts\/42504\/revisions\/42506"}],"wp:featuredmedia":[{"embeddable":true,"href":"https:\/\/www.iceagetv.com\/radiosite\/wp-json\/wp\/v2\/media\/42505"}],"wp:attachment":[{"href":"https:\/\/www.iceagetv.com\/radiosite\/wp-json\/wp\/v2\/media?parent=42504"}],"wp:term":[{"taxonomy":"category","embeddable":true,"href":"https:\/\/www.iceagetv.com\/radiosite\/wp-json\/wp\/v2\/categories?post=42504"},{"taxonomy":"post_tag","embeddable":true,"href":"https:\/\/www.iceagetv.com\/radiosite\/wp-json\/wp\/v2\/tags?post=42504"}],"curies":[{"name":"wp","href":"https:\/\/api.w.org\/{rel}","templated":true}]}}