{"id":42518,"date":"2026-02-16T14:36:29","date_gmt":"2026-02-16T13:36:29","guid":{"rendered":"https:\/\/www.iceagetv.com\/radiosite\/?p=42518"},"modified":"2026-02-16T14:36:32","modified_gmt":"2026-02-16T13:36:32","slug":"un-train-regional-avec-une-trentaine-de-passagers-a-son-bord-deraille-dans-les-alpes-suisses-un-bilan-fait-etat-de-cinq-blesses-une-enquete-a-ete-ouverte-pour-determiner-les-circonstances-exactes-d","status":"publish","type":"post","link":"https:\/\/www.iceagetv.com\/radiosite\/un-train-regional-avec-une-trentaine-de-passagers-a-son-bord-deraille-dans-les-alpes-suisses-un-bilan-fait-etat-de-cinq-blesses-une-enquete-a-ete-ouverte-pour-determiner-les-circonstances-exactes-d\/","title":{"rendered":"Un train r\u00e9gional avec une trentaine de passagers \u00e0 son bord d\u00e9raille dans les Alpes suisses: Un bilan fait \u00e9tat de cinq bless\u00e9s &#8211; Une enqu\u00eate a \u00e9t\u00e9 ouverte pour d\u00e9terminer les circonstances exactes de cet accident"},"content":{"rendered":"\n<p class=\"\"><strong>Le point sur ce que l&rsquo;on sait<\/strong><\/p>\n\n\n\n<p class=\"\">Un train r\u00e9gional avec une trentaine de passagers \u00e0 son bord a d\u00e9raill\u00e9 lundi matin dans les Alpes suisses faisant cinq bless\u00e9s, et une enqu\u00eate a \u00e9t\u00e9 ouverte pour d\u00e9terminer les circonstances exactes de cet accident peut-\u00eatre li\u00e9 \u00e0 une avalanche.<\/p>\n\n\n\n<p class=\"\">Le train de la compagnie BLS a d\u00e9raill\u00e9 vers 7 heures \u00e0 la sortie d\u2019une galerie ferroviaire sur la ligne reliant les localit\u00e9s de Goppenstein \u00e0 Hohtenn, a indiqu\u00e9 la police cantonale du Valais dans un communiqu\u00e9.<\/p>\n\n\n\n<p class=\"\">Quelque 29 personnes se trouvaient dans le train. Cinq personnes ont \u00e9t\u00e9 bless\u00e9es, dont l\u2019une a d\u00fb \u00eatre transport\u00e9e vers un h\u00f4pital, tandis que les quatre autres ont \u00e9t\u00e9 soign\u00e9es sur place, selon la m\u00eame source.<\/p>\n\n\n\n<p class=\"\">\u00ab&nbsp;Selon les premiers \u00e9l\u00e9ments de l\u2019enqu\u00eate, une avalanche pourrait avoir travers\u00e9 la voie ferr\u00e9e peu avant le passage du convoi&nbsp;\u00bb, selon la police suisse, qui pr\u00e9cise que le minist\u00e8re public valaisan a ouvert une instruction pour d\u00e9terminer les circonstances du d\u00e9raillement.<\/p>\n\n\n\n<p class=\"\">Goppenstein, \u00e0 environ 45 minutes de route de la grande ville du Valais, Sion, est \u00e0 1.216 m\u00e8tres d\u2019altitude et il y neige abondamment en fin de matin\u00e9e, a constat\u00e9 une journaliste de l\u2019AFP.<\/p>\n\n\n\n<p class=\"\">La police a recommand\u00e9 aux journalistes de ne pas rester sur place en raison du risque \u00e9lev\u00e9 d\u2019avalanches.<\/p>\n\n\n\n<p class=\"\">Une alerte vigilance aux avalanches de niveau quatre (sur cinq) est activ\u00e9e dans la r\u00e9gion.<\/p>\n\n\n\n<p class=\"\">\u00ab&nbsp;07h00 (06H00GMT), Goppenstein, d\u00e9raillement d\u2019un train, probablement avec bless\u00e9s, intervention en cours, plus d\u2019informations suivront&nbsp;\u00bb, avait annonc\u00e9 plus t\u00f4t sur le r\u00e9seau social X la police cantonale valaisanne.<\/p>\n\n\n\n<p class=\"\">Sur leurs site, les Chemins de fer f\u00e9d\u00e9raux (CFF) avaient indiqu\u00e9 que le trafic ferroviaire sur cette ligne \u00e9tait interrompu en raison d\u2019une avalanche.<\/p>\n\n\n\n<p class=\"\">Un service de bus postal de remplacement entre Goppenstein et Gampel a \u00e9t\u00e9 mis en place afin d\u2019assurer aux voyageurs la poursuite de leur trajet.<\/p>\n\n\n\n<p class=\"\">Jeudi, une avalanche d\u00e9j\u00e0 avait enseveli un tron\u00e7on de la route cantonale reliant la vall\u00e9e du L\u00f6tschental \u00e0 la hauteur de Goppenstein, interrompant plusieurs heures le trafic routier et le transport automobile mais sans faire aucun bless\u00e9 ni d\u00e9g\u00e2ts.<\/p>\n\n\n\n<p class=\"\">Les Suisses sont ceux qui utilisent le plus le train en Europe, en termes de kilom\u00e8tres par personne, avec 2.519 kilom\u00e8tres en moyenne par personne en 2024, selon l\u2019agence suisse Keystone-ATS.<\/p>\n\n\n\n<p class=\"\">En avril 2023, quinze personnes avaient \u00e9t\u00e9 bless\u00e9es quand deux trains r\u00e9gionaux avaient d\u00e9raill\u00e9 quasi simultan\u00e9ment dans le nord-ouest du pays, dans le contexte d\u2019une forte temp\u00eate.<\/p>\n\n\n\n<p class=\"\">En raison du risque \u00e9lev\u00e9 d\u2019avalanches et des forts vents enregistr\u00e9s en Valais, un ordre d\u2019\u00e9vacuation a \u00e9t\u00e9 diffus\u00e9 lundi matin pour plusieurs zones situ\u00e9es sur la commune d\u2019Orsi\u00e8res.<\/p>\n","protected":false},"excerpt":{"rendered":"<p>Le point sur ce que l&rsquo;on sait Un train r\u00e9gional avec une trentaine de passagers \u00e0 son bord a d\u00e9raill\u00e9 lundi matin dans les Alpes suisses faisant cinq bless\u00e9s, et une enqu\u00eate a \u00e9t\u00e9 ouverte pour d\u00e9terminer les circonstances exactes de cet accident peut-\u00eatre li\u00e9 \u00e0 une avalanche. Le train de la compagnie BLS a [&hellip;]<\/p>\n","protected":false},"author":2,"featured_media":42519,"comment_status":"open","ping_status":"open","sticky":false,"template":"","format":"standard","meta":{"_jetpack_memberships_contains_paid_content":false,"footnotes":"","jetpack_publicize_message":"","jetpack_publicize_feature_enabled":true,"jetpack_social_post_already_shared":true,"jetpack_social_options":{"image_generator_settings":{"template":"highway","default_image_id":0,"font":"","enabled":false},"version":2},"_wpas_customize_per_network":false},"categories":[405],"tags":[],"class_list":["post-42518","post","type-post","status-publish","format-standard","has-post-thumbnail","hentry","category-actu-france-monde"],"jetpack_publicize_connections":[],"jetpack_featured_media_url":"https:\/\/i0.wp.com\/www.iceagetv.com\/radiosite\/wp-content\/uploads\/2026\/02\/capture_decran_2026-02-16_a_13.45.50_0.jpg?fit=680%2C294&ssl=1","jetpack_sharing_enabled":true,"_links":{"self":[{"href":"https:\/\/www.iceagetv.com\/radiosite\/wp-json\/wp\/v2\/posts\/42518","targetHints":{"allow":["GET"]}}],"collection":[{"href":"https:\/\/www.iceagetv.com\/radiosite\/wp-json\/wp\/v2\/posts"}],"about":[{"href":"https:\/\/www.iceagetv.com\/radiosite\/wp-json\/wp\/v2\/types\/post"}],"author":[{"embeddable":true,"href":"https:\/\/www.iceagetv.com\/radiosite\/wp-json\/wp\/v2\/users\/2"}],"replies":[{"embeddable":true,"href":"https:\/\/www.iceagetv.com\/radiosite\/wp-json\/wp\/v2\/comments?post=42518"}],"version-history":[{"count":1,"href":"https:\/\/www.iceagetv.com\/radiosite\/wp-json\/wp\/v2\/posts\/42518\/revisions"}],"predecessor-version":[{"id":42520,"href":"https:\/\/www.iceagetv.com\/radiosite\/wp-json\/wp\/v2\/posts\/42518\/revisions\/42520"}],"wp:featuredmedia":[{"embeddable":true,"href":"https:\/\/www.iceagetv.com\/radiosite\/wp-json\/wp\/v2\/media\/42519"}],"wp:attachment":[{"href":"https:\/\/www.iceagetv.com\/radiosite\/wp-json\/wp\/v2\/media?parent=42518"}],"wp:term":[{"taxonomy":"category","embeddable":true,"href":"https:\/\/www.iceagetv.com\/radiosite\/wp-json\/wp\/v2\/categories?post=42518"},{"taxonomy":"post_tag","embeddable":true,"href":"https:\/\/www.iceagetv.com\/radiosite\/wp-json\/wp\/v2\/tags?post=42518"}],"curies":[{"name":"wp","href":"https:\/\/api.w.org\/{rel}","templated":true}]}}