{"id":42544,"date":"2026-02-17T13:10:33","date_gmt":"2026-02-17T12:10:33","guid":{"rendered":"https:\/\/www.iceagetv.com\/radiosite\/?p=42544"},"modified":"2026-02-17T13:10:36","modified_gmt":"2026-02-17T12:10:36","slug":"mort-de-quentin-a-lyon-des-suspects-lies-a-lultragauche-finalement-identifies","status":"publish","type":"post","link":"https:\/\/www.iceagetv.com\/radiosite\/mort-de-quentin-a-lyon-des-suspects-lies-a-lultragauche-finalement-identifies\/","title":{"rendered":"Mort de Quentin \u00e0 Lyon : des suspects li\u00e9s \u00e0 \u00ab\u00a0l&rsquo;ultragauche\u00a0\u00bb finalement identifi\u00e9s"},"content":{"rendered":"\n<p class=\"\">Plusieurs suspects dans l&rsquo;affaire du meurtre de Quentin Deranque \u00e0 Lyon ont \u00e9t\u00e9 identifi\u00e9s. Certains seraient bien li\u00e9s \u00e0 \u00ab\u00a0l&rsquo;ultragauche\u00a0\u00bb selon les derni\u00e8res informations de l&rsquo;AFP.Selon les derni\u00e8res informations r\u00e9colt\u00e9es par l\u2019<em>AFP<\/em>\u00a0aupr\u00e8s d\u2019une source proche du dossier, plusieurs suspects auraient \u00e9t\u00e9 identifi\u00e9s, dont certains li\u00e9s \u00e0 \u00ab\u00a0l\u2019ultragauche\u00a0\u00bb, dans l\u2019enqu\u00eate sur le meurtre du jeune homme \u00e0\u00a0<a href=\"https:\/\/actu.fr\/auvergne-rhone-alpes\/lyon_69123\">Lyon<\/a>, jeudi 12 f\u00e9vrier.Pas des fich\u00e9s S<\/p>\n\n\n\n<p class=\"\">Contrairement \u00e0 ce qui a \u00e9t\u00e9 annonc\u00e9 pr\u00e9c\u00e9demment par&nbsp;<em>Le Parisien<\/em>, les suspects appartenant \u00e0 la \u00ab&nbsp;mouvance d\u2019ultragauche&nbsp;\u00bb ne seraient pas fich\u00e9s S d\u2019apr\u00e8s les nouveaux \u00e9l\u00e9ments de l\u2019<em>AFP<\/em>.<\/p>\n\n\n\n<p class=\"\">En conf\u00e9rence de presse,&nbsp;<a href=\"https:\/\/actu.fr\/auvergne-rhone-alpes\/lyon_69123\/direct-quentin-tue-a-lyon-suspects-deroule-jeune-garde-suivez-les-revelations-du-procureur_63846823.html\">le procureur de la R\u00e9publique de Lyon, Thierry Dran<\/a>, avait annonc\u00e9 ce lundi 16 f\u00e9vrier que les identifications des suspects \u00e9taient en cours mais&nbsp;<strong>qu\u2019aucune interpellation<\/strong>&nbsp;n\u2019avait encore \u00e9t\u00e9 r\u00e9alis\u00e9e \u00e0 ce stade.<\/p>\n","protected":false},"excerpt":{"rendered":"<p>Plusieurs suspects dans l&rsquo;affaire du meurtre de Quentin Deranque \u00e0 Lyon ont \u00e9t\u00e9 identifi\u00e9s. Certains seraient bien li\u00e9s \u00e0 \u00ab\u00a0l&rsquo;ultragauche\u00a0\u00bb selon les derni\u00e8res informations de l&rsquo;AFP.Selon les derni\u00e8res informations r\u00e9colt\u00e9es par l\u2019AFP\u00a0aupr\u00e8s d\u2019une source proche du dossier, plusieurs suspects auraient \u00e9t\u00e9 identifi\u00e9s, dont certains li\u00e9s \u00e0 \u00ab\u00a0l\u2019ultragauche\u00a0\u00bb, dans l\u2019enqu\u00eate sur le meurtre du jeune homme [&hellip;]<\/p>\n","protected":false},"author":2,"featured_media":42545,"comment_status":"open","ping_status":"open","sticky":false,"template":"","format":"standard","meta":{"_jetpack_memberships_contains_paid_content":false,"footnotes":"","jetpack_publicize_message":"","jetpack_publicize_feature_enabled":true,"jetpack_social_post_already_shared":true,"jetpack_social_options":{"image_generator_settings":{"template":"highway","default_image_id":0,"font":"","enabled":false},"version":2},"_wpas_customize_per_network":false},"categories":[405],"tags":[],"class_list":["post-42544","post","type-post","status-publish","format-standard","has-post-thumbnail","hentry","category-actu-france-monde"],"jetpack_publicize_connections":[],"jetpack_featured_media_url":"https:\/\/i0.wp.com\/www.iceagetv.com\/radiosite\/wp-content\/uploads\/2026\/02\/capture-decran-2026-02-14-a-203325-960x640-1.webp?fit=960%2C640&ssl=1","jetpack_sharing_enabled":true,"_links":{"self":[{"href":"https:\/\/www.iceagetv.com\/radiosite\/wp-json\/wp\/v2\/posts\/42544","targetHints":{"allow":["GET"]}}],"collection":[{"href":"https:\/\/www.iceagetv.com\/radiosite\/wp-json\/wp\/v2\/posts"}],"about":[{"href":"https:\/\/www.iceagetv.com\/radiosite\/wp-json\/wp\/v2\/types\/post"}],"author":[{"embeddable":true,"href":"https:\/\/www.iceagetv.com\/radiosite\/wp-json\/wp\/v2\/users\/2"}],"replies":[{"embeddable":true,"href":"https:\/\/www.iceagetv.com\/radiosite\/wp-json\/wp\/v2\/comments?post=42544"}],"version-history":[{"count":1,"href":"https:\/\/www.iceagetv.com\/radiosite\/wp-json\/wp\/v2\/posts\/42544\/revisions"}],"predecessor-version":[{"id":42546,"href":"https:\/\/www.iceagetv.com\/radiosite\/wp-json\/wp\/v2\/posts\/42544\/revisions\/42546"}],"wp:featuredmedia":[{"embeddable":true,"href":"https:\/\/www.iceagetv.com\/radiosite\/wp-json\/wp\/v2\/media\/42545"}],"wp:attachment":[{"href":"https:\/\/www.iceagetv.com\/radiosite\/wp-json\/wp\/v2\/media?parent=42544"}],"wp:term":[{"taxonomy":"category","embeddable":true,"href":"https:\/\/www.iceagetv.com\/radiosite\/wp-json\/wp\/v2\/categories?post=42544"},{"taxonomy":"post_tag","embeddable":true,"href":"https:\/\/www.iceagetv.com\/radiosite\/wp-json\/wp\/v2\/tags?post=42544"}],"curies":[{"name":"wp","href":"https:\/\/api.w.org\/{rel}","templated":true}]}}