{"id":42547,"date":"2026-02-17T13:47:23","date_gmt":"2026-02-17T12:47:23","guid":{"rendered":"https:\/\/www.iceagetv.com\/radiosite\/?p=42547"},"modified":"2026-02-17T13:47:26","modified_gmt":"2026-02-17T12:47:26","slug":"nimes-un-enfant-de-huit-ans-meurt-percute-par-une-voiture-six-personnes-dont-le-conducteur-presume-interpellees","status":"publish","type":"post","link":"https:\/\/www.iceagetv.com\/radiosite\/nimes-un-enfant-de-huit-ans-meurt-percute-par-une-voiture-six-personnes-dont-le-conducteur-presume-interpellees\/","title":{"rendered":"N\u00eemes\u00a0: un enfant de huit ans meurt percut\u00e9 par une voiture, six personnes dont le conducteur pr\u00e9sum\u00e9 interpell\u00e9es"},"content":{"rendered":"\n<p class=\"\">Cet enfant de huit ans se trouvait \u00e0 un arr\u00eat de tram lorsqu\u2019une voiture l\u2019a mortellement fauch\u00e9e \u00e0 N\u00eemes (Gard), ce mardi matin. Six personnes, dont le conducteur pr\u00e9sum\u00e9, ont \u00e9t\u00e9 interpell\u00e9es et plac\u00e9es en garde \u00e0 vue.Un terrible drame. Un enfant de huit ans est mort ce mardi matin alors qu\u2019il se trouvait \u00e0 un arr\u00eat de tram \u00e0 N\u00eemes (Gard), indique au Parisien une source polici\u00e8re, confirmant une information de\u00a0<a href=\"https:\/\/www.midilibre.fr\/2026\/02\/17\/grave-accident-entre-une-voiture-et-un-pieton-a-nimes-un-enfant-de-8-ans-percute-le-conducteur-en-fuite-13229918.php\" target=\"_blank\" rel=\"noreferrer noopener\">Midi Libre<\/a>. Dans un communiqu\u00e9 publi\u00e9 sur\u00a0<a href=\"https:\/\/x.com\/ProcureureNIMES\/status\/2023730808947618251\" target=\"_blank\" rel=\"noreferrer noopener\">X<\/a>, le parquet de N\u00eemes affirme que \u00ab\u00a0six personnes, dont le conducteur pr\u00e9sum\u00e9, sont actuellement plac\u00e9es en garde \u00e0 vue\u00a0\u00bb. D\u2019apr\u00e8s\u00a0<a href=\"https:\/\/actu.fr\/occitanie\/nimes_30189\/enfant-tue-a-nimes-le-chauffeur-interpelle-ce-que-l-on-sait-de-son-profil_63853285.html\" target=\"_blank\" rel=\"noreferrer noopener\">Actu N\u00eemes<\/a>, le chauffard est \u00e2g\u00e9 de moins de 20\u00a0ans.Selon le parquet, les faits ont eu lieu vers 8h20 au niveau d\u2019un arr\u00eat de tram situ\u00e9 dans le quartier de Pissevin. Le v\u00e9hicule a alors pris \u00ab&nbsp;imm\u00e9diatement la fuite&nbsp;\u00bb. D\u2019apr\u00e8s Actu N\u00eemes, le petit gar\u00e7on a \u00e9t\u00e9 interpell\u00e9 alors qu\u2019il traversait la route. \u00ab&nbsp;Malgr\u00e9 l\u2019intervention des secours et son transfert au CHU, l\u2019enfant, gri\u00e8vement bless\u00e9, est d\u00e9c\u00e9d\u00e9 des suites de ses blessures&nbsp;\u00bb, pr\u00e9cise le parquet.<\/p>\n\n\n\n<p class=\"\">La m\u00eame source, qui a ouvert \u00ab\u00a0une enqu\u00eate de flagrance du chef d\u2019homicide routier aggrav\u00e9\u00a0\u00bb, indique que \u00ab\u00a0le v\u00e9hicule impliqu\u00e9\u00a0\u00bb a \u00e9t\u00e9 \u00ab\u00a0rapidement retrouv\u00e9\u00a0\u00bb. Les policiers ont alors contr\u00f4l\u00e9 \u00ab\u00a0plusieurs occupants d\u2019un v\u00e9hicule pouvant \u00eatre en lien avec les faits\u00a0\u00bb.Une cellule psychologique ouverte<\/p>\n\n\n\n<p class=\"\">L\u2019enfant a \u00e9t\u00e9 \u00ab&nbsp;mortellement percut\u00e9 sur l\u2019avenue des Arts par un chauffard circulant \u00e0 tr\u00e8s vive allure et qui a pris la fuite&nbsp;\u00bb, avait indiqu\u00e9 en fin de matin\u00e9e sur&nbsp;<a href=\"https:\/\/www.facebook.com\/JeanPaulFournier30\/posts\/pfbid029rEvspnvcf8S26wioLTvCiFdZ4A6SR35vWaAxkJvW7rEgk9oXihAwT6zTwFENQGXl\" target=\"_blank\" rel=\"noreferrer noopener\">Facebook<\/a>&nbsp;le maire de N\u00eemes Jean-Paul Fournier. \u00ab&nbsp;L\u2019\u00e9ducation nationale accompagne les personnels et \u00e9l\u00e8ves de l\u2019\u00e9cole avec une cellule de soutien psychologique&nbsp;\u00bb, indiquait pour sa part la pr\u00e9fecture du Gard dans un&nbsp;<a href=\"https:\/\/twitter.com\/Prefet30\/status\/2023721715121938792\" target=\"_blank\" rel=\"noreferrer noopener\">communiqu\u00e9<\/a>. Cette derni\u00e8re adresse \u00ab&nbsp;ses tr\u00e8s sinc\u00e8res condol\u00e9ances \u00e0 la famille du jeune n\u00eemois&nbsp;\u00bb.<\/p>\n","protected":false},"excerpt":{"rendered":"<p>Cet enfant de huit ans se trouvait \u00e0 un arr\u00eat de tram lorsqu\u2019une voiture l\u2019a mortellement fauch\u00e9e \u00e0 N\u00eemes (Gard), ce mardi matin. Six personnes, dont le conducteur pr\u00e9sum\u00e9, ont \u00e9t\u00e9 interpell\u00e9es et plac\u00e9es en garde \u00e0 vue.Un terrible drame. Un enfant de huit ans est mort ce mardi matin alors qu\u2019il se trouvait \u00e0 [&hellip;]<\/p>\n","protected":false},"author":2,"featured_media":42548,"comment_status":"open","ping_status":"open","sticky":false,"template":"","format":"standard","meta":{"_jetpack_memberships_contains_paid_content":false,"footnotes":"","jetpack_publicize_message":"","jetpack_publicize_feature_enabled":true,"jetpack_social_post_already_shared":true,"jetpack_social_options":{"image_generator_settings":{"template":"highway","default_image_id":0,"font":"","enabled":false},"version":2},"_wpas_customize_per_network":false},"categories":[405],"tags":[],"class_list":["post-42547","post","type-post","status-publish","format-standard","has-post-thumbnail","hentry","category-actu-france-monde"],"jetpack_publicize_connections":[],"jetpack_featured_media_url":"https:\/\/i0.wp.com\/www.iceagetv.com\/radiosite\/wp-content\/uploads\/2026\/02\/W5RKBE7Y4VV42XJPBAXGN4AWCI.jpg?fit=932%2C582&ssl=1","jetpack_sharing_enabled":true,"_links":{"self":[{"href":"https:\/\/www.iceagetv.com\/radiosite\/wp-json\/wp\/v2\/posts\/42547","targetHints":{"allow":["GET"]}}],"collection":[{"href":"https:\/\/www.iceagetv.com\/radiosite\/wp-json\/wp\/v2\/posts"}],"about":[{"href":"https:\/\/www.iceagetv.com\/radiosite\/wp-json\/wp\/v2\/types\/post"}],"author":[{"embeddable":true,"href":"https:\/\/www.iceagetv.com\/radiosite\/wp-json\/wp\/v2\/users\/2"}],"replies":[{"embeddable":true,"href":"https:\/\/www.iceagetv.com\/radiosite\/wp-json\/wp\/v2\/comments?post=42547"}],"version-history":[{"count":1,"href":"https:\/\/www.iceagetv.com\/radiosite\/wp-json\/wp\/v2\/posts\/42547\/revisions"}],"predecessor-version":[{"id":42549,"href":"https:\/\/www.iceagetv.com\/radiosite\/wp-json\/wp\/v2\/posts\/42547\/revisions\/42549"}],"wp:featuredmedia":[{"embeddable":true,"href":"https:\/\/www.iceagetv.com\/radiosite\/wp-json\/wp\/v2\/media\/42548"}],"wp:attachment":[{"href":"https:\/\/www.iceagetv.com\/radiosite\/wp-json\/wp\/v2\/media?parent=42547"}],"wp:term":[{"taxonomy":"category","embeddable":true,"href":"https:\/\/www.iceagetv.com\/radiosite\/wp-json\/wp\/v2\/categories?post=42547"},{"taxonomy":"post_tag","embeddable":true,"href":"https:\/\/www.iceagetv.com\/radiosite\/wp-json\/wp\/v2\/tags?post=42547"}],"curies":[{"name":"wp","href":"https:\/\/api.w.org\/{rel}","templated":true}]}}