{"id":42563,"date":"2026-02-18T09:54:07","date_gmt":"2026-02-18T08:54:07","guid":{"rendered":"https:\/\/www.iceagetv.com\/radiosite\/?p=42563"},"modified":"2026-02-18T09:54:10","modified_gmt":"2026-02-18T08:54:10","slug":"les-oeufs-de-poules-en-cage-encore-vendus-dans-plus-de-sept-supermarches-sur-dix-malgre-de-nets-progres","status":"publish","type":"post","link":"https:\/\/www.iceagetv.com\/radiosite\/les-oeufs-de-poules-en-cage-encore-vendus-dans-plus-de-sept-supermarches-sur-dix-malgre-de-nets-progres\/","title":{"rendered":"Les \u0153ufs de poules en cage encore vendus dans plus de sept supermarch\u00e9s sur dix, malgr\u00e9 de nets progr\u00e8s"},"content":{"rendered":"\n<p class=\"\">Les \u0153ufs de poules \u00e9lev\u00e9es en cage ne repr\u00e9sentaient plus que 14\u2009% des \u0153ufs vendus en grandes surfaces en 2025 contre 51\u2009% en 2016.Alors que les magasins fran\u00e7ais ont subi ces derniers mois\u00a0<a href=\"https:\/\/actu.fr\/societe\/rayons-nus-et-boites-vides-mais-ou-sont-passes-les-oeufs-dans-les-supermarches-de-france_63677517.html\">des difficult\u00e9s d\u2019approvisionnement concernant les \u0153ufs<\/a>, ces derniers ne se fournissent pas toujours en produits qui respectent\u00a0<a href=\"https:\/\/actu.fr\/bretagne\/chateaubourg_35068\/le-bien-etre-animal-est-ma-priorite-pres-de-rennes-elle-chouchoute-les-animaux-de-compagnie_63742217.html\">le bien-\u00eatre animal<\/a>.En effet, selon l\u2019association Anima, qui a publi\u00e9 un communiqu\u00e9 ce mercredi 18\u00a0f\u00e9vrier 2026,\u00a0<strong>plus de sept\u00a0<a href=\"https:\/\/actu.fr\/bretagne\/hennebont_56083\/bretagne-apres-42-ans-dans-un-supermarche-un-depart-emouvant-a-la-retraite-pour-sylvie_63785839.html\">supermarch\u00e9s<\/a>\u00a0sur dix vendent toujours des \u0153ufs de poules \u00e9lev\u00e9es en cage<\/strong>, dix ans apr\u00e8s les premiers engagements des enseignes pour cesser leur commercialisation. Mais l\u2019association note\u00a0<strong>de nets progr\u00e8s<\/strong>.Seulement 14\u2009% des \u0153ufs vendus<\/p>\n\n\n\n<p class=\"\">Les \u0153ufs de&nbsp;<a href=\"https:\/\/actu.fr\/lifestyle\/apprivoiser-une-poule-c-est-possible-voici-comment-faire_58379341.html\">poules<\/a>&nbsp;\u00e9lev\u00e9es en cage ne repr\u00e9sentaient&nbsp;<strong>plus que 14\u2009% des \u0153ufs vendus en grandes surfaces en 2025 contre 51\u2009% en 2016<\/strong>. Il s\u2019agit l\u00e0 d\u2019une part \u00ab\u2009historiquement basse\u2009\u00bb car le recours \u00e0 cette pratique a diminu\u00e9, rel\u00e8ve l\u2019association de d\u00e9fense du bien-\u00eatre animal, citant des donn\u00e9es de l\u2019institut technique de l\u2019aviculture (Itavi).<\/p>\n\n\n\n<p class=\"\">Ils subsistent toutefois en rayon, alors que les principales enseignes s\u2019\u00e9taient engag\u00e9es \u00e0 ne plus en vendre \u00ab\u2009au 1\u1d49\u02b3 janvier 2026\u2009\u00bb, regrette Anima.\u00c0 \u00ab\u2009l\u2019heure des comptes\u2009\u00bb, l\u2019association a enqu\u00eat\u00e9 le mois dernier avec l\u2019ONG Data for Good dans pr\u00e8s de 400 supermarch\u00e9s (48 magasins E. Leclerc, 70 Carrefour, 55 Intermarch\u00e9, 45 U, 50 Auchan, 60 Lidl, 28 Monoprix et 30 Aldi). R\u00e9sultat\u2009: 73\u2009% des magasins visit\u00e9s vendaient des \u00ab\u2009\u0153ufs cage\u2009\u00bb.Quelles enseignes concern\u00e9es\u2009?<\/p>\n\n\n\n<p class=\"\">Ce chiffre recouvre cependant de<strong>\u00a0grandes disparit\u00e9s selon les distributeurs<\/strong>\u2009: ces \u0153ufs ont \u00e9t\u00e9 trouv\u00e9s dans seulement 3,6\u2009% des Monoprix visit\u00e9s, dans 26,7\u2009% des Aldi et dans moins de la moiti\u00e9 des Intermarch\u00e9s. Mais on trouve des \u0153ufs en cage dans plus de 80\u2009% des magasins Carrefour et Leclerc visit\u00e9s, et dans plus de 90\u2009% des U, Auchan et Lidl visit\u00e9s.Dans 95\u2009% des cas, ces \u0153ufs cage sont&nbsp;<strong>fran\u00e7ais<\/strong>, seul Lidl vendant \u00ab\u2009fr\u00e9quemment des \u0153ufs&nbsp;cage \u00e9trangers\u2009\u00bb, notamment polonais. Aucun \u0153uf ukrainien, dont l\u2019importation avait fait pol\u00e9mique en ao\u00fbt, n\u2019a \u00e9t\u00e9 recens\u00e9, a assur\u00e9 Keyvan Mostafavi, le directeur d\u2019Anima, lors d\u2019une visioconf\u00e9rence.<\/p>\n\n\n\n<blockquote class=\"wp-block-quote is-layout-flow wp-block-quote-is-layout-flow\">\n<p class=\"\">Plusieurs dizaines de supermarch\u00e9s vendent des bo\u00eetes d&rsquo;\u0153ufs cage en infraction avec la r\u00e9glementation europ\u00e9enne, car sans indication du mode d&rsquo;\u00e9levage.<strong>Association Anima<\/strong><\/p>\n<\/blockquote>\n\n\n\n<p class=\"\">Elle a pass\u00e9 au crible<strong>&nbsp;25 produits \u00e0 base d\u2019\u0153ufs<\/strong>&nbsp;(brioches, madeleines, etc.) de marques propres des distributeurs, constatant de \u00ab\u2009bons progr\u00e8s\u2009\u00bb, selon Keyvan Mostafavi. Le discounter Lidl en particulier revendique des \u0153ufs de poules \u00e9lev\u00e9es au sol ou en plein air pour 100\u2009% de ces produits, devant Leclerc (96\u2009%), Monoprix (pr\u00e8s de 91\u2009%) et Aldi (90\u2009%).<\/p>\n\n\n\n<p class=\"\">Contact\u00e9es par l\u2019<em>AFP<\/em>, plusieurs enseignes invoquent les tensions du march\u00e9 fran\u00e7ais, o\u00f9 la production n\u2019a pas suivi la forte hausse de la consommation, ce qui s\u2019est traduit ces derniers temps par des rayons d\u00e9garnis.&nbsp;<a href=\"https:\/\/actu.fr\/tag\/carrefour\">Carrefour<\/a>&nbsp;\u00ab\u2009conteste fermement\u2009\u00bb aupr\u00e8s de l\u2019<em>AFP<\/em>&nbsp;\u00ab\u2009la m\u00e9thodologie utilis\u00e9e par le rapport Anima\u2009\u00bb.<\/p>\n","protected":false},"excerpt":{"rendered":"<p>Les \u0153ufs de poules \u00e9lev\u00e9es en cage ne repr\u00e9sentaient plus que 14\u2009% des \u0153ufs vendus en grandes surfaces en 2025 contre 51\u2009% en 2016.Alors que les magasins fran\u00e7ais ont subi ces derniers mois\u00a0des difficult\u00e9s d\u2019approvisionnement concernant les \u0153ufs, ces derniers ne se fournissent pas toujours en produits qui respectent\u00a0le bien-\u00eatre animal.En effet, selon l\u2019association Anima, [&hellip;]<\/p>\n","protected":false},"author":2,"featured_media":42564,"comment_status":"open","ping_status":"open","sticky":false,"template":"","format":"standard","meta":{"_jetpack_memberships_contains_paid_content":false,"footnotes":"","jetpack_publicize_message":"","jetpack_publicize_feature_enabled":true,"jetpack_social_post_already_shared":true,"jetpack_social_options":{"image_generator_settings":{"template":"highway","default_image_id":0,"font":"","enabled":false},"version":2},"_wpas_customize_per_network":false},"categories":[405],"tags":[],"class_list":["post-42563","post","type-post","status-publish","format-standard","has-post-thumbnail","hentry","category-actu-france-monde"],"jetpack_publicize_connections":[],"jetpack_featured_media_url":"https:\/\/i0.wp.com\/www.iceagetv.com\/radiosite\/wp-content\/uploads\/2026\/02\/newsmlafp-com-20250319t120733zpartners-080-hl-jffort-2707048-960x640-1.jpg?fit=960%2C640&ssl=1","jetpack_sharing_enabled":true,"_links":{"self":[{"href":"https:\/\/www.iceagetv.com\/radiosite\/wp-json\/wp\/v2\/posts\/42563","targetHints":{"allow":["GET"]}}],"collection":[{"href":"https:\/\/www.iceagetv.com\/radiosite\/wp-json\/wp\/v2\/posts"}],"about":[{"href":"https:\/\/www.iceagetv.com\/radiosite\/wp-json\/wp\/v2\/types\/post"}],"author":[{"embeddable":true,"href":"https:\/\/www.iceagetv.com\/radiosite\/wp-json\/wp\/v2\/users\/2"}],"replies":[{"embeddable":true,"href":"https:\/\/www.iceagetv.com\/radiosite\/wp-json\/wp\/v2\/comments?post=42563"}],"version-history":[{"count":1,"href":"https:\/\/www.iceagetv.com\/radiosite\/wp-json\/wp\/v2\/posts\/42563\/revisions"}],"predecessor-version":[{"id":42565,"href":"https:\/\/www.iceagetv.com\/radiosite\/wp-json\/wp\/v2\/posts\/42563\/revisions\/42565"}],"wp:featuredmedia":[{"embeddable":true,"href":"https:\/\/www.iceagetv.com\/radiosite\/wp-json\/wp\/v2\/media\/42564"}],"wp:attachment":[{"href":"https:\/\/www.iceagetv.com\/radiosite\/wp-json\/wp\/v2\/media?parent=42563"}],"wp:term":[{"taxonomy":"category","embeddable":true,"href":"https:\/\/www.iceagetv.com\/radiosite\/wp-json\/wp\/v2\/categories?post=42563"},{"taxonomy":"post_tag","embeddable":true,"href":"https:\/\/www.iceagetv.com\/radiosite\/wp-json\/wp\/v2\/tags?post=42563"}],"curies":[{"name":"wp","href":"https:\/\/api.w.org\/{rel}","templated":true}]}}