{"id":42610,"date":"2026-02-20T11:34:34","date_gmt":"2026-02-20T10:34:34","guid":{"rendered":"https:\/\/www.iceagetv.com\/radiosite\/?p=42610"},"modified":"2026-02-20T11:34:48","modified_gmt":"2026-02-20T10:34:48","slug":"intemperies-le-point-region-par-region-sur-le-trafic-ferroviaire-toujours-perturbe-dans-toute-la-france","status":"publish","type":"post","link":"https:\/\/www.iceagetv.com\/radiosite\/intemperies-le-point-region-par-region-sur-le-trafic-ferroviaire-toujours-perturbe-dans-toute-la-france\/","title":{"rendered":"Intemp\u00e9ries : le point r\u00e9gion par r\u00e9gion sur le trafic ferroviaire toujours perturb\u00e9 dans toute la France"},"content":{"rendered":"\n<p class=\"\">L&rsquo;arriv\u00e9e de la temp\u00eate Pedro, avec des crues et des intemp\u00e9ries cr\u00e9e des difficult\u00e9s de circulation tant sur le r\u00e9seau routier que ferroviaire, alors que le pays se pr\u00e9pare \u00e0 un week-end tr\u00e8s dense dans les transports pour le chass\u00e9-crois\u00e9 des vacances d&rsquo;hiver.Apr\u00e8s Nils, Pedro complique les conditions de circulation pour les trains. Alors que sept d\u00e9partements &#8211; Loire-Atlantique, Maine-et-Loire, Charente-Maritime, Corr\u00e8ze, Dordogne, Gironde et Lot-et-Garonne &#8211; sont toujours en vigilance pour\u00a0<a href=\"https:\/\/www.franceinfo.fr\/environnement\/evenements-meteorologiques-extremes\/inondations-et-crues\/avant-apres-le-long-de-la-garonne-les-images-satellite-revelent-l-ampleur-des-crues_7816286.html\">risque de crues<\/a>, selon M\u00e9t\u00e9o France, vendredi 20 f\u00e9vrier, le trafic ferroviaire est toujours perturb\u00e9 dans l&rsquo;Ouest et le Sud-Ouest, apprend l&rsquo;Agence Radio France aupr\u00e8s de la SNCF.La situation des transports est d&rsquo;autant plus pr\u00e9occupante, que ce week-end doit \u00eatre particuli\u00e8rement charg\u00e9 sur les routes de France, \u00e9tant donn\u00e9 qu&rsquo;il marque le d\u00e9but de la premi\u00e8re semaine des vacances scolaires pour une zone (C), de la seconde semaine pour une deuxi\u00e8me zone (B), et de la fin des cong\u00e9s pour la troisi\u00e8me (zone A).Ce week-end est aussi le d\u00e9but des vacances pour la zone nord des Pays-Bas et pour le Luxembourg. Bison Fut\u00e9 a averti qu&rsquo;il attendait une \u00ab\u00a0<em>circulation particuli\u00e8rement dense en Bourgogne, dans l&rsquo;Est et en r\u00e9gion Auvergne-Rh\u00f4ne-Alpes<\/em>\u00ab\u00a0, avec des difficult\u00e9s d\u00e8s vendredi dans le sens des d\u00e9parts en Ile-de-France notamment. franceinfo fait le point sur la situation en ce jour de chass\u00e9-crois\u00e9 de d\u00e9parts en vacances entre les diff\u00e9rentes zones.<\/p>\n\n\n\n<h2 class=\"wp-block-heading\">Auvergne-Rh\u00f4ne-Alpes<\/h2>\n\n\n\n<p class=\"\">En Auvergne-Rh\u00f4ne-Alpes, sur l&rsquo;axe Grenoble-Valence, le trafic reste fortement perturb\u00e9 suite au glissement de terrain pr\u00e8s de Poli\u00e9nas.<\/p>\n\n\n\n<p class=\"\">Sur la ligne Saint-Gervais &#8211; Chamonix &#8211; Vallorcine, le trafic est interrompu entre Vallorcine et Montroc, en raison du risque d&rsquo;avalanches.<\/p>\n\n\n\n<h2 class=\"wp-block-heading\">Bretagne<\/h2>\n\n\n\n<p class=\"\">En Bretagne, un affaissement de terrain en sortie de Quimper n\u00e9cessite l&rsquo;interruption des circulations TER entre Quimper et Ch\u00e2teaulin.<\/p>\n\n\n\n<h2 class=\"wp-block-heading\">Nouvelle-Aquitaine<\/h2>\n\n\n\n<p class=\"\">La temp\u00eate Pedro ralentit le trafic sur l&rsquo;ensemble de la r\u00e9gion Nouvelle Aquitaine. La circulation est interrompue sur certains axes jusqu&rsquo;\u00e0 ce vendredi dans la matin\u00e9e.<\/p>\n\n\n\n<p class=\"\">Ce vendredi matin, plusieurs trains sont supprim\u00e9s en gare de Bordeaux. La circulation est tr\u00e8s perturb\u00e9e entre Biarritz et Hendaye jusqu&rsquo;\u00e0 15h en raison d&rsquo;obstacles sur la voie. Le trafic est \u00e9galement interrompu entre P\u00e9rigueux et Niversac. Aucun train ne circule aussi entre Macau et Le Verson (Gironde) et est fortement perturb\u00e9 entre Bordeaux et Macau.<\/p>\n\n\n\n<h2 class=\"wp-block-heading\">Occitanie<\/h2>\n\n\n\n<p class=\"\">En r\u00e9gion Occitanie, quelques perturbations sont attendues dans les deux sens ce vendredi matin sur les axes : Perpignan \u2013 Narbonne, Narbonne \u2013 Toulouse, et Carcassonne \u2013 Limoux. La circulation des trains est interrompue entre B\u00e9darieux et Neussargues jusqu&rsquo;\u00e0 lundi. Idem entre Foix et Ax les Thermes a minima jusqu&rsquo;au milieu de la semaine prochaine.<\/p>\n\n\n\n<p class=\"\">Le trafic est interrompu entre Toulouse et St-Sulpice\/Tarn en raison d&rsquo;une instabilit\u00e9 du terrain caus\u00e9e par les intemp\u00e9ries. Le trafic est fortement r\u00e9duit depuis St-Sulpice \u00e0 destination de Mazamet, Rodez ou Capdenac.<\/p>\n\n\n\n<p class=\"\">A noter que des difficult\u00e9s de circulation, sur l&rsquo;A9 qui relie Orange \u00e0 Perpignan, l&rsquo;A61 (Toulouse-Narbonne) et l&rsquo;A62 (Toulouse-Bordeaux) sont toujours en cours par endroits.<\/p>\n\n\n\n<h2 class=\"wp-block-heading\">Pays de la Loire<\/h2>\n\n\n\n<p class=\"\">Dans la r\u00e9gion Pays de la Loire, des inondations perturbent la circulation des trains sur les axes Nantes &#8211; Angers, Le Mans &#8211; Nantes ainsi que Laval &#8211; Le Mans. \u00ab\u00a0<em>Des r\u00e9ductions de vitesse, d\u00e9tournements et suppressions sont \u00e0 pr\u00e9voir jusqu\u2019\u00e0 ce que la d\u00e9crue permette la reprise normale du trafic<\/em>\u00ab\u00a0, pr\u00e9vient la SNCF. Les gares de Monts\u00fbrs, Le Cellier, Varades et Oudon ne sont pas desservies.<\/p>\n\n\n\n<h2 class=\"wp-block-heading\">Et sur la route ?<\/h2>\n\n\n\n<p class=\"\">Bison Fut\u00e9 voit rouge et pr\u00e9voit une circulation \u00ab\u00a0<em>tr\u00e8s difficile<\/em>\u00a0\u00bb dans tout l&rsquo;est de la France, samedi, dans le sens des d\u00e9parts en ce week-end de chass\u00e9-crois\u00e9 des vacances d&rsquo;hiver. La circulation sera \u00ab\u00a0<em>tr\u00e8s difficile<\/em>\u00a0\u00bb dans le sens des retours en r\u00e9gion Auvergne-Rh\u00f4ne-Alpes.<\/p>\n\n\n\n<p class=\"\">Dans le sens des d\u00e9parts, Bison Fut\u00e9 pr\u00e9voit un trafic important sur les routes desservant l\u2019Est et la Bourgogne (A6, A31, A39) et la r\u00e9gion Auvergne-Rh\u00f4ne-Alpes (A40, A43, RN85 et l\u2019acc\u00e8s au tunnel du Mont-Blanc). La circulation devrait \u00eatre particuli\u00e8rement dense d\u00e8s le d\u00e9but de la matin\u00e9e et jusqu\u2019en d\u00e9but de soir\u00e9e. Bison Fut\u00e9 conseille de ne pas emprunter l\u2019autoroute A31, entre Dijon et Nancy, de 10h \u00e0 12h, le tunnel du Mont-Blanc (N205), entre la France et l\u2019Italie, de 10h \u00e0 14h ou l\u2019autoroute A31, entre Dijon et Nancy, de 10h \u00e0 12h.<\/p>\n\n\n\n<p class=\"\">Dans le sens des retours, les axes au d\u00e9part des stations de sports d\u2019hiver (A40, A43, RN85) devraient \u00eatre tr\u00e8s charg\u00e9s tout au long de la journ\u00e9e. Il est conseill\u00e9 d&rsquo;\u00e9viter l\u2019autoroute A43, entre le tunnel du Fr\u00e9jus et Chamb\u00e9ry, de 9h \u00e0 13h, et entre Chamb\u00e9ry et Lyon de 10h \u00e0 17h ou l\u2019autoroute A40, entre Passy et M\u00e2con, de 10h \u00e0 14h.<\/p>\n","protected":false},"excerpt":{"rendered":"<p>L&rsquo;arriv\u00e9e de la temp\u00eate Pedro, avec des crues et des intemp\u00e9ries cr\u00e9e des difficult\u00e9s de circulation tant sur le r\u00e9seau routier que ferroviaire, alors que le pays se pr\u00e9pare \u00e0 un week-end tr\u00e8s dense dans les transports pour le chass\u00e9-crois\u00e9 des vacances d&rsquo;hiver.Apr\u00e8s Nils, Pedro complique les conditions de circulation pour les trains. Alors que [&hellip;]<\/p>\n","protected":false},"author":2,"featured_media":42612,"comment_status":"open","ping_status":"open","sticky":false,"template":"","format":"standard","meta":{"_jetpack_memberships_contains_paid_content":false,"footnotes":"","jetpack_publicize_message":"","jetpack_publicize_feature_enabled":true,"jetpack_social_post_already_shared":true,"jetpack_social_options":{"image_generator_settings":{"template":"highway","default_image_id":0,"font":"","enabled":false},"version":2},"_wpas_customize_per_network":false},"categories":[405],"tags":[],"class_list":["post-42610","post","type-post","status-publish","format-standard","has-post-thumbnail","hentry","category-actu-france-monde"],"jetpack_publicize_connections":[],"jetpack_featured_media_url":"https:\/\/i0.wp.com\/www.iceagetv.com\/radiosite\/wp-content\/uploads\/2026\/02\/HBcO6DRWYAE92PC.jpg?fit=1200%2C675&ssl=1","jetpack_sharing_enabled":true,"_links":{"self":[{"href":"https:\/\/www.iceagetv.com\/radiosite\/wp-json\/wp\/v2\/posts\/42610","targetHints":{"allow":["GET"]}}],"collection":[{"href":"https:\/\/www.iceagetv.com\/radiosite\/wp-json\/wp\/v2\/posts"}],"about":[{"href":"https:\/\/www.iceagetv.com\/radiosite\/wp-json\/wp\/v2\/types\/post"}],"author":[{"embeddable":true,"href":"https:\/\/www.iceagetv.com\/radiosite\/wp-json\/wp\/v2\/users\/2"}],"replies":[{"embeddable":true,"href":"https:\/\/www.iceagetv.com\/radiosite\/wp-json\/wp\/v2\/comments?post=42610"}],"version-history":[{"count":1,"href":"https:\/\/www.iceagetv.com\/radiosite\/wp-json\/wp\/v2\/posts\/42610\/revisions"}],"predecessor-version":[{"id":42613,"href":"https:\/\/www.iceagetv.com\/radiosite\/wp-json\/wp\/v2\/posts\/42610\/revisions\/42613"}],"wp:featuredmedia":[{"embeddable":true,"href":"https:\/\/www.iceagetv.com\/radiosite\/wp-json\/wp\/v2\/media\/42612"}],"wp:attachment":[{"href":"https:\/\/www.iceagetv.com\/radiosite\/wp-json\/wp\/v2\/media?parent=42610"}],"wp:term":[{"taxonomy":"category","embeddable":true,"href":"https:\/\/www.iceagetv.com\/radiosite\/wp-json\/wp\/v2\/categories?post=42610"},{"taxonomy":"post_tag","embeddable":true,"href":"https:\/\/www.iceagetv.com\/radiosite\/wp-json\/wp\/v2\/tags?post=42610"}],"curies":[{"name":"wp","href":"https:\/\/api.w.org\/{rel}","templated":true}]}}