{"id":42618,"date":"2026-02-20T20:28:28","date_gmt":"2026-02-20T19:28:28","guid":{"rendered":"https:\/\/www.iceagetv.com\/radiosite\/?p=42618"},"modified":"2026-02-20T20:28:31","modified_gmt":"2026-02-20T19:28:31","slug":"dermatose-bovine-la-ministre-de-lagriculture-annie-genevard-annonce-la-levee-de-la-quasi-totalite-des-zones-reglementees-en-france-ce-qui-va-permettre-une-circulation-plus-large-des-animaux","status":"publish","type":"post","link":"https:\/\/www.iceagetv.com\/radiosite\/dermatose-bovine-la-ministre-de-lagriculture-annie-genevard-annonce-la-levee-de-la-quasi-totalite-des-zones-reglementees-en-france-ce-qui-va-permettre-une-circulation-plus-large-des-animaux\/","title":{"rendered":"Dermatose bovine: La ministre de l&rsquo;Agriculture Annie Genevard annonce la lev\u00e9e de la quasi-totalit\u00e9 des zones r\u00e9glement\u00e9es en France, ce qui va permettre une circulation plus large des animaux"},"content":{"rendered":"\n<p class=\"\">La ministre de l&rsquo;Agriculture Annie Genevard a annonc\u00e9 vendredi la lev\u00e9e de la quasi-totalit\u00e9 des zones r\u00e9glement\u00e9es en France, ce qui va permettre une circulation plus large des animaux alors qu&rsquo;aucun cas de dermatose nodulaire bovine n&rsquo;a \u00e9t\u00e9 d\u00e9tect\u00e9 depuis le 2 janvier.<\/p>\n\n\n\n<p class=\"\">\u00ab\u00a0Le temps et le protocole choisi nous ont donn\u00e9 raison, puisque depuis le 2 janvier, nous n&rsquo;avons plus aucun cas de dermatose nodulaire contagieuse, et que aujourd&rsquo;hui m\u00eame (\u2026), nous levons toutes les zones r\u00e9glement\u00e9es, \u00e0 l&rsquo;exception d&rsquo;un tout petit morceau des Pyr\u00e9n\u00e9es-Orientales, qui d\u00e9pend d&rsquo;un cas en Espagne\u00a0\u00bb, a d\u00e9clar\u00e9 la ministre sur France Inter.<\/p>\n\n\n\n<p class=\"\">\u00ab\u00a0\u00c7a veut dire qu&rsquo;on reprend une vie normale, qu&rsquo;on peut \u00e0 nouveau commercer, qu&rsquo;on peut \u00e0 nouveau bouger ces animaux\u00a0\u00bb, a-t-elle dit.<\/p>\n\n\n\n<p class=\"\">Une vaste zone du Sud-Ouest, qui \u00e9tait en \u00ab\u00a0zone r\u00e9glement\u00e9e\u00a0\u00bb, passe donc en \u00ab\u00a0zone vaccinale\u00a0\u00bb, avec la lev\u00e9e des principales restrictions sur les mouvements d&rsquo;animaux. Toutefois, les exportations restent soumises \u00e0 des d\u00e9clarations et un accord bilat\u00e9ral entre pays.<\/p>\n\n\n\n<p class=\"\">Vendredi matin, plusieurs pr\u00e9fectures du sud-ouest (Haute-Garonne, Hautes-Pyr\u00e9n\u00e9es ou Ari\u00e8ge) ont communiqu\u00e9 sur ce basculement, rendu possible par \u00ab\u00a0l&rsquo;\u00e9volution favorable de la situation sanitaire\u00a0\u00bb.<\/p>\n\n\n\n<p class=\"\">Le passage en zone vaccinale implique que \u00ab\u00a0les bovins valablement vaccin\u00e9s depuis au moins 28 jours peuvent circuler librement\u00a0\u00bb dans la zone \u00ab\u00a0sans laissez-passer sanitaire\u00a0\u00bb, d\u00e9taille par exemple la pr\u00e9fecture de l&rsquo;Ari\u00e8ge, d\u00e9partement dans lequel l&rsquo;abattage, d\u00e9but d\u00e9cembre, d&rsquo;un troupeau aux Bordes-sur-Arize avait \u00e9t\u00e9 le point de d\u00e9part de plusieurs semaines d&rsquo;expression de la col\u00e8re agricole.<\/p>\n\n\n\n<p class=\"\">A ce jour, au niveau national, plus de 3.500 bovins ont \u00e9t\u00e9 abattus sur un cheptel de pr\u00e8s de 16 millions de t\u00eates.<\/p>\n\n\n\n<p class=\"\">Le gouvernement a privil\u00e9gi\u00e9 un protocole sanitaire s&rsquo;appuyant sur l&rsquo;abattage total d&rsquo;un foyer d\u00e8s l&rsquo;apparition d&rsquo;un cas, pour \u00e9viter la propagation de la maladie, transmise par des moucherons piqueurs, ainsi que sur la vaccination.<\/p>\n\n\n\n<p class=\"\">Pr\u00e8s de deux millions de b\u00eates ont \u00e9t\u00e9 vaccin\u00e9es en tout depuis l&rsquo;apparition de la maladie en France en juin. La vaccination sera reconduite dans certaines zones en 2026.<\/p>\n\n\n\n<p class=\"\">Cette strat\u00e9gie, soutenue par l&rsquo;alliance majoritaire FNSEA-JA, est contest\u00e9e par les deux autres grands syndicats agricoles, la Coordination rurale et la Conf\u00e9d\u00e9ration paysanne, qui demandent son assouplissement.<\/p>\n","protected":false},"excerpt":{"rendered":"<p>La ministre de l&rsquo;Agriculture Annie Genevard a annonc\u00e9 vendredi la lev\u00e9e de la quasi-totalit\u00e9 des zones r\u00e9glement\u00e9es en France, ce qui va permettre une circulation plus large des animaux alors qu&rsquo;aucun cas de dermatose nodulaire bovine n&rsquo;a \u00e9t\u00e9 d\u00e9tect\u00e9 depuis le 2 janvier. \u00ab\u00a0Le temps et le protocole choisi nous ont donn\u00e9 raison, puisque depuis [&hellip;]<\/p>\n","protected":false},"author":2,"featured_media":42619,"comment_status":"open","ping_status":"open","sticky":false,"template":"","format":"standard","meta":{"_jetpack_memberships_contains_paid_content":false,"footnotes":"","jetpack_publicize_message":"","jetpack_publicize_feature_enabled":true,"jetpack_social_post_already_shared":true,"jetpack_social_options":{"image_generator_settings":{"template":"highway","default_image_id":0,"font":"","enabled":false},"version":2},"_wpas_customize_per_network":false},"categories":[405],"tags":[],"class_list":["post-42618","post","type-post","status-publish","format-standard","has-post-thumbnail","hentry","category-actu-france-monde"],"jetpack_publicize_connections":[],"jetpack_featured_media_url":"https:\/\/i0.wp.com\/www.iceagetv.com\/radiosite\/wp-content\/uploads\/2026\/02\/agriculturecapt_0-1.jpg?fit=680%2C294&ssl=1","jetpack_sharing_enabled":true,"_links":{"self":[{"href":"https:\/\/www.iceagetv.com\/radiosite\/wp-json\/wp\/v2\/posts\/42618","targetHints":{"allow":["GET"]}}],"collection":[{"href":"https:\/\/www.iceagetv.com\/radiosite\/wp-json\/wp\/v2\/posts"}],"about":[{"href":"https:\/\/www.iceagetv.com\/radiosite\/wp-json\/wp\/v2\/types\/post"}],"author":[{"embeddable":true,"href":"https:\/\/www.iceagetv.com\/radiosite\/wp-json\/wp\/v2\/users\/2"}],"replies":[{"embeddable":true,"href":"https:\/\/www.iceagetv.com\/radiosite\/wp-json\/wp\/v2\/comments?post=42618"}],"version-history":[{"count":1,"href":"https:\/\/www.iceagetv.com\/radiosite\/wp-json\/wp\/v2\/posts\/42618\/revisions"}],"predecessor-version":[{"id":42620,"href":"https:\/\/www.iceagetv.com\/radiosite\/wp-json\/wp\/v2\/posts\/42618\/revisions\/42620"}],"wp:featuredmedia":[{"embeddable":true,"href":"https:\/\/www.iceagetv.com\/radiosite\/wp-json\/wp\/v2\/media\/42619"}],"wp:attachment":[{"href":"https:\/\/www.iceagetv.com\/radiosite\/wp-json\/wp\/v2\/media?parent=42618"}],"wp:term":[{"taxonomy":"category","embeddable":true,"href":"https:\/\/www.iceagetv.com\/radiosite\/wp-json\/wp\/v2\/categories?post=42618"},{"taxonomy":"post_tag","embeddable":true,"href":"https:\/\/www.iceagetv.com\/radiosite\/wp-json\/wp\/v2\/tags?post=42618"}],"curies":[{"name":"wp","href":"https:\/\/api.w.org\/{rel}","templated":true}]}}