{"id":42629,"date":"2026-02-21T09:56:03","date_gmt":"2026-02-21T08:56:03","guid":{"rendered":"https:\/\/www.iceagetv.com\/radiosite\/?p=42629"},"modified":"2026-02-21T09:56:05","modified_gmt":"2026-02-21T08:56:05","slug":"projet-dattentat-dejoue-a-lille-les-deux-adolescents-de-16-ans-mis-en-examen","status":"publish","type":"post","link":"https:\/\/www.iceagetv.com\/radiosite\/projet-dattentat-dejoue-a-lille-les-deux-adolescents-de-16-ans-mis-en-examen\/","title":{"rendered":"Projet d\u2019attentat d\u00e9jou\u00e9 \u00e0 Lille : les deux adolescents de 16 ans mis en examen"},"content":{"rendered":"\n<p class=\"\">En f\u00e9vrier\u00a02026, deux adolescents ont \u00e9t\u00e9 arr\u00eat\u00e9s pour un projet d\u2019attentat \u00e0 Lille (Nord). Le parquet national antiterroriste annonce qu\u2019ils ont \u00e9t\u00e9 mis en examen. Pr\u00e9cisions.L\u2019information a \u00e9t\u00e9 r\u00e9v\u00e9l\u00e9e par nos confr\u00e8res du&nbsp;<a href=\"https:\/\/www.leparisien.fr\/faits-divers\/un-projet-dattentat-a-lexplosif-impliquant-deux-mineurs-dejoue-par-la-dgsi-dans-le-nord-20-02-2026-RQKENMULCVHWTM46YDNDIPXUXY.php\"><em>Parisien<\/em><\/a>. Mi-f\u00e9vrier&nbsp;2026, un&nbsp;<strong>projet d\u2019attentat a \u00e9t\u00e9 d\u00e9jou\u00e9 \u00e0 Lille<\/strong>&nbsp;(Nord) par la DGSI, Direction g\u00e9n\u00e9rale de la s\u00e9curit\u00e9 int\u00e9rieure. Information&nbsp;<a href=\"https:\/\/actu.fr\/hauts-de-france\/lille_59350\/un-projet-dattentat-a-lexplosif-dejoue-a-lille-par-la-dgsi-deux-adolescents-arretes_63875528.html\">confirm\u00e9e \u00e0<em>&nbsp;Lille actu&nbsp;<\/em>ce vendredi 20&nbsp;f\u00e9vrier<\/a>&nbsp;par le PNAT, Parquet national antiterroriste, qui pr\u00e9cise que<strong>&nbsp;les deux adolescents de 16&nbsp;ans arr\u00eat\u00e9s<\/strong>&nbsp;ont \u00e9t\u00e9&nbsp;<strong>mis en examen.<\/strong><\/p>\n\n\n\n<h2 class=\"wp-block-heading\">L\u2019un des jeunes en d\u00e9tention, l\u2019autre sous contr\u00f4le judiciaire<\/h2>\n\n\n\n<p class=\"\">D\u2019abord plac\u00e9s en garde \u00e0 vue, dans le cadre d\u2019une enqu\u00eate pr\u00e9liminaire ouverte d\u00e9but f\u00e9vrier\u00a02026 et dont les investigations ont \u00e9t\u00e9 confi\u00e9es \u00e0 la DGSI, les deux mineurs ont \u00e9t\u00e9 mis en examen pour\u00a0<strong>association de malfaiteurs en vue de pr\u00e9paration de crimes d\u2019atteintes aux personnes<\/strong>. L\u2019un a \u00e9t\u00e9 plac\u00e9 en\u00a0d\u00e9tention provisoire, l\u2019autre\u00a0sous contr\u00f4le judiciaire, conform\u00e9ment aux r\u00e9quisitions du PNAT, qui avait ouvert une information judiciaire.Le duo visait un \u00ab\u2009grand centre commercial de Lille\u2009\u00bb ou une salle de concert<\/p>\n\n\n\n<p class=\"\">Pour rappel, le duo&nbsp;visait notamment \u00ab\u2009<strong>un grand centre commercial<\/strong>&nbsp;connu \u00e0 Lille\u2009\u00bb ou une&nbsp;<strong>salle de concert<\/strong>.<\/p>\n\n\n\n<p class=\"\">Le PNAT d\u00e9crit un des jeunes nourrissant une forme de \u00ab<strong>\u2009fascination pour la propagande et les figures djihadistes<\/strong>, qui a reconnu avoir projet\u00e9 de commettre une&nbsp;action violente&nbsp;dont la cible aurait pu \u00eatre un centre commercial ou une salle de concert, avec&nbsp;<strong>emploi d\u2019une arme \u00e0 feu<\/strong>&nbsp;qu\u2019il envisageait de d\u00e9rober\u2009\u00bb, commente le parquet.<\/p>\n\n\n\n<p class=\"\">Manifestant un&nbsp;<strong>int\u00e9r\u00eat certain pour les explosifs<\/strong>, \u00ab\u2009il a \u00e9galement admis avoir&nbsp;acquis des produits chimiques en vue de r\u00e9aliser, \u00e0 son domicile, des tests de combustion\u2009\u00bb.<\/p>\n\n\n\n<p class=\"\">L\u2019autre jeune,&nbsp;<strong>inform\u00e9 de ses projets<\/strong>, \u00ab\u2009est soup\u00e7onn\u00e9 d\u2019avoir contribu\u00e9 \u00e0 renforcer ses convictions radicales violentes.\u2009\u00bb<\/p>\n","protected":false},"excerpt":{"rendered":"<p>En f\u00e9vrier\u00a02026, deux adolescents ont \u00e9t\u00e9 arr\u00eat\u00e9s pour un projet d\u2019attentat \u00e0 Lille (Nord). Le parquet national antiterroriste annonce qu\u2019ils ont \u00e9t\u00e9 mis en examen. Pr\u00e9cisions.L\u2019information a \u00e9t\u00e9 r\u00e9v\u00e9l\u00e9e par nos confr\u00e8res du&nbsp;Parisien. Mi-f\u00e9vrier&nbsp;2026, un&nbsp;projet d\u2019attentat a \u00e9t\u00e9 d\u00e9jou\u00e9 \u00e0 Lille&nbsp;(Nord) par la DGSI, Direction g\u00e9n\u00e9rale de la s\u00e9curit\u00e9 int\u00e9rieure. Information&nbsp;confirm\u00e9e \u00e0&nbsp;Lille actu&nbsp;ce vendredi 20&nbsp;f\u00e9vrier&nbsp;par [&hellip;]<\/p>\n","protected":false},"author":2,"featured_media":42630,"comment_status":"open","ping_status":"open","sticky":false,"template":"","format":"standard","meta":{"_jetpack_memberships_contains_paid_content":false,"footnotes":"","jetpack_publicize_message":"","jetpack_publicize_feature_enabled":true,"jetpack_social_post_already_shared":true,"jetpack_social_options":{"image_generator_settings":{"template":"highway","default_image_id":0,"font":"","enabled":false},"version":2},"_wpas_customize_per_network":false},"categories":[405],"tags":[],"class_list":["post-42629","post","type-post","status-publish","format-standard","has-post-thumbnail","hentry","category-actu-france-monde"],"jetpack_publicize_connections":[],"jetpack_featured_media_url":"https:\/\/i0.wp.com\/www.iceagetv.com\/radiosite\/wp-content\/uploads\/2026\/02\/a1ff785559696b5ff7855596979ff7v-960x640-1.jpg?fit=960%2C640&ssl=1","jetpack_sharing_enabled":true,"_links":{"self":[{"href":"https:\/\/www.iceagetv.com\/radiosite\/wp-json\/wp\/v2\/posts\/42629","targetHints":{"allow":["GET"]}}],"collection":[{"href":"https:\/\/www.iceagetv.com\/radiosite\/wp-json\/wp\/v2\/posts"}],"about":[{"href":"https:\/\/www.iceagetv.com\/radiosite\/wp-json\/wp\/v2\/types\/post"}],"author":[{"embeddable":true,"href":"https:\/\/www.iceagetv.com\/radiosite\/wp-json\/wp\/v2\/users\/2"}],"replies":[{"embeddable":true,"href":"https:\/\/www.iceagetv.com\/radiosite\/wp-json\/wp\/v2\/comments?post=42629"}],"version-history":[{"count":1,"href":"https:\/\/www.iceagetv.com\/radiosite\/wp-json\/wp\/v2\/posts\/42629\/revisions"}],"predecessor-version":[{"id":42631,"href":"https:\/\/www.iceagetv.com\/radiosite\/wp-json\/wp\/v2\/posts\/42629\/revisions\/42631"}],"wp:featuredmedia":[{"embeddable":true,"href":"https:\/\/www.iceagetv.com\/radiosite\/wp-json\/wp\/v2\/media\/42630"}],"wp:attachment":[{"href":"https:\/\/www.iceagetv.com\/radiosite\/wp-json\/wp\/v2\/media?parent=42629"}],"wp:term":[{"taxonomy":"category","embeddable":true,"href":"https:\/\/www.iceagetv.com\/radiosite\/wp-json\/wp\/v2\/categories?post=42629"},{"taxonomy":"post_tag","embeddable":true,"href":"https:\/\/www.iceagetv.com\/radiosite\/wp-json\/wp\/v2\/tags?post=42629"}],"curies":[{"name":"wp","href":"https:\/\/api.w.org\/{rel}","templated":true}]}}