{"id":42632,"date":"2026-02-21T13:16:55","date_gmt":"2026-02-21T12:16:55","guid":{"rendered":"https:\/\/www.iceagetv.com\/radiosite\/?p=42632"},"modified":"2026-02-21T13:16:58","modified_gmt":"2026-02-21T12:16:58","slug":"la-hausse-des-prix-des-aliments-devrait-etre-denviron-1-a-lissue-des-negociations-commerciales-qui-se-terminent-le-1er-mars-a-estime-le-pdg-de-carrefour","status":"publish","type":"post","link":"https:\/\/www.iceagetv.com\/radiosite\/la-hausse-des-prix-des-aliments-devrait-etre-denviron-1-a-lissue-des-negociations-commerciales-qui-se-terminent-le-1er-mars-a-estime-le-pdg-de-carrefour\/","title":{"rendered":"La hausse des prix des aliments devrait \u00eatre d&rsquo;environ 1% \u00e0 l&rsquo;issue des n\u00e9gociations commerciales qui se terminent le 1er mars, a estim\u00e9 le PDG de Carrefour"},"content":{"rendered":"\n<p class=\"\">La hausse des prix des aliments devrait \u00eatre d&rsquo;environ 1% \u00e0 l&rsquo;issue des n\u00e9gociations commerciales qui se terminent le 1er mars, a estim\u00e9 jeudi le PDG de Carrefour et pr\u00e9sident de la F\u00e9d\u00e9ration du commerce et de la distribution, Alexandre Bompard, sur BFMTV.<\/p>\n\n\n\n<p class=\"\">\u00ab\u00a0A combien sera l&rsquo;inflation alimentaire? Je pense qu&rsquo;elle sera autour de 1%\u00a0\u00bb, a d\u00e9clar\u00e9 le dirigeant, alors que les tensions entre la grande distribution, le secteur agroalimentaire et le minist\u00e8re de l&rsquo;Agriculture sont mont\u00e9es d&rsquo;un cran ces derniers jours.<\/p>\n\n\n\n<p class=\"\">\u00ab\u00a0Nous, on a \u00e0 peu pr\u00e8s sign\u00e9 95% des contrats avec les PME et les deux tiers avec les grandes entreprises, et donc on aura sign\u00e9 la quasi-int\u00e9gralit\u00e9 \u00e0 la bonne date\u00a0\u00bb, a indiqu\u00e9 Alexandre Bompard.<\/p>\n\n\n\n<p class=\"\">\u00ab\u00a0Notre travail de n\u00e9gociation, c&rsquo;est de ramener des demandes [d&rsquo;augmentation des prix] qui sont autour de 6, 7, 8% de grandes multinationales mondiales, \u00e0 1% pour \u00e9viter qu&rsquo;il y ait encore de l&rsquo;inflation dans ce pays\u00a0\u00bb, selon le dirigeant de Carrefour.<\/p>\n\n\n\n<p class=\"\">Le gouverneur de la Banque de France Fran\u00e7ois Villeroy de Galhau a estim\u00e9 mercredi que l&rsquo;inflation devrait \u00eatre \u00ab\u00a0\u00e0 un peu plus de 1%\u00a0\u00bb dans le pays en 2026, une pr\u00e9vision un peu plus faible que la pr\u00e9c\u00e9dente, en d\u00e9cembre, quand l&rsquo;institution tablait sur une inflation de 1,3%.<\/p>\n\n\n\n<p class=\"\">Il y a \u00ab\u00a0beaucoup de prix baissiers\u00a0\u00bb, a pr\u00e9cis\u00e9 Alexandre Bompard, mentionnant \u00ab\u00a0les p\u00e2tes, le sucre, la farine\u00a0\u00bb.<\/p>\n\n\n\n<p class=\"\">\u00ab\u00a0Il y a des domaines o\u00f9 les hausses qui sont pr\u00e9sent\u00e9es sont tout \u00e0 fait l\u00e9gitimes, parce que les mati\u00e8res premi\u00e8res agricoles augmentent. Quelques fois, elles sont compl\u00e8tement ill\u00e9gitimes, et quand elles sont ill\u00e9gitimes, on n\u00e9gocie\u00a0\u00bb, a-t-il ajout\u00e9.<\/p>\n\n\n\n<p class=\"\">Entam\u00e9es le 1er d\u00e9cembre et pr\u00e9vues jusqu&rsquo;au 1er mars, ces n\u00e9gociations annuelles d\u00e9terminent in fine les tarifs en rayon (hors marques propres des distributeurs).<\/p>\n\n\n\n<p class=\"\">Opposant des distributeurs en qu\u00eate de prix comp\u00e9titifs pour attirer les clients et des industriels invoquant co\u00fbts de production et besoins d&rsquo;investissements, ces tractations sont r\u00e9guli\u00e8rement accus\u00e9es de tirer vers le bas les revenus des agriculteurs malgr\u00e9 leur encadrement par les lois Egalim.<\/p>\n","protected":false},"excerpt":{"rendered":"<p>La hausse des prix des aliments devrait \u00eatre d&rsquo;environ 1% \u00e0 l&rsquo;issue des n\u00e9gociations commerciales qui se terminent le 1er mars, a estim\u00e9 jeudi le PDG de Carrefour et pr\u00e9sident de la F\u00e9d\u00e9ration du commerce et de la distribution, Alexandre Bompard, sur BFMTV. \u00ab\u00a0A combien sera l&rsquo;inflation alimentaire? Je pense qu&rsquo;elle sera autour de 1%\u00a0\u00bb, [&hellip;]<\/p>\n","protected":false},"author":2,"featured_media":42633,"comment_status":"open","ping_status":"open","sticky":false,"template":"","format":"standard","meta":{"_jetpack_memberships_contains_paid_content":false,"footnotes":"","jetpack_publicize_message":"","jetpack_publicize_feature_enabled":true,"jetpack_social_post_already_shared":true,"jetpack_social_options":{"image_generator_settings":{"template":"highway","default_image_id":0,"font":"","enabled":false},"version":2},"_wpas_customize_per_network":false},"categories":[405],"tags":[],"class_list":["post-42632","post","type-post","status-publish","format-standard","has-post-thumbnail","hentry","category-actu-france-monde"],"jetpack_publicize_connections":[],"jetpack_featured_media_url":"https:\/\/i0.wp.com\/www.iceagetv.com\/radiosite\/wp-content\/uploads\/2026\/02\/magasinrayon_0.jpg?fit=680%2C294&ssl=1","jetpack_sharing_enabled":true,"_links":{"self":[{"href":"https:\/\/www.iceagetv.com\/radiosite\/wp-json\/wp\/v2\/posts\/42632","targetHints":{"allow":["GET"]}}],"collection":[{"href":"https:\/\/www.iceagetv.com\/radiosite\/wp-json\/wp\/v2\/posts"}],"about":[{"href":"https:\/\/www.iceagetv.com\/radiosite\/wp-json\/wp\/v2\/types\/post"}],"author":[{"embeddable":true,"href":"https:\/\/www.iceagetv.com\/radiosite\/wp-json\/wp\/v2\/users\/2"}],"replies":[{"embeddable":true,"href":"https:\/\/www.iceagetv.com\/radiosite\/wp-json\/wp\/v2\/comments?post=42632"}],"version-history":[{"count":1,"href":"https:\/\/www.iceagetv.com\/radiosite\/wp-json\/wp\/v2\/posts\/42632\/revisions"}],"predecessor-version":[{"id":42634,"href":"https:\/\/www.iceagetv.com\/radiosite\/wp-json\/wp\/v2\/posts\/42632\/revisions\/42634"}],"wp:featuredmedia":[{"embeddable":true,"href":"https:\/\/www.iceagetv.com\/radiosite\/wp-json\/wp\/v2\/media\/42633"}],"wp:attachment":[{"href":"https:\/\/www.iceagetv.com\/radiosite\/wp-json\/wp\/v2\/media?parent=42632"}],"wp:term":[{"taxonomy":"category","embeddable":true,"href":"https:\/\/www.iceagetv.com\/radiosite\/wp-json\/wp\/v2\/categories?post=42632"},{"taxonomy":"post_tag","embeddable":true,"href":"https:\/\/www.iceagetv.com\/radiosite\/wp-json\/wp\/v2\/tags?post=42632"}],"curies":[{"name":"wp","href":"https:\/\/api.w.org\/{rel}","templated":true}]}}