{"id":42644,"date":"2026-02-21T20:28:40","date_gmt":"2026-02-21T19:28:40","guid":{"rendered":"https:\/\/www.iceagetv.com\/radiosite\/?p=42644"},"modified":"2026-02-21T20:28:42","modified_gmt":"2026-02-21T19:28:42","slug":"droits-de-douane-donald-trump-releve-la-surtaxe-mondiale-de-10-a-15","status":"publish","type":"post","link":"https:\/\/www.iceagetv.com\/radiosite\/droits-de-douane-donald-trump-releve-la-surtaxe-mondiale-de-10-a-15\/","title":{"rendered":"Droits de douane\u00a0: Donald Trump rel\u00e8ve la surtaxe mondiale de 10% \u00e0 15%"},"content":{"rendered":"\n<p class=\"\">Le pr\u00e9sident am\u00e9ricain annonce ce samedi une hausse de ses droits de douane mondiaux de 10 \u00e0 15% au lendemain du revers majeur inflig\u00e9 par la Cour supr\u00eame \u00e0 sa politique commerciale agressive, jug\u00e9e en grande partie ill\u00e9gale.<a is=\"fig-a11y-skip\" href=\"https:\/\/www.lefigaro.fr\/conjoncture\/droits-de-douane-donald-trump-releve-la-surtaxe-mondiale-de-10-a-15-20260221#fig-a11y-skip-main-native_atf\">Passer la publicit\u00e9<\/a><a is=\"fig-a11y-skip\" href=\"https:\/\/www.lefigaro.fr\/conjoncture\/droits-de-douane-donald-trump-releve-la-surtaxe-mondiale-de-10-a-15-20260221#fig-a11y-skip-main-pave_atf\">Passer la publicit\u00e9<\/a><\/p>\n\n\n\n<p class=\"\"><a href=\"http:\/\/www.lefigaro.fr\/conjoncture\/rends-l-argent-entreprises-et-etats-americains-reclament-a-donald-trump-le-remboursement-des-droits-de-douane-juges-illegaux-20260221\">Donald Trump<\/a>&nbsp;a annonc\u00e9 samedi faire passer ses nouveaux droits de douane mondiaux de 10 \u00e0 15%&nbsp;<em>\u00abavec effet imm\u00e9diat\u00bb<\/em>, en r\u00e9ponse au revers majeur inflig\u00e9 la veille par la Cour supr\u00eame \u00e0 sa politique commerciale agressive.&nbsp;<em>\u00abEn tant que pr\u00e9sident des \u00c9tats-Unis d\u2019Am\u00e9rique, je vais augmenter avec effet imm\u00e9diat les droits de douane mondiaux de 10%\u00bb<\/em>&nbsp;annonc\u00e9s la veille&nbsp;<em>\u00abau niveau pleinement autoris\u00e9 (&#8230;) de 15 %\u00bb<\/em>, a-t-il \u00e9crit sur son r\u00e9seau Truth Social.<\/p>\n\n\n\n<p class=\"\">Cette augmentation est fond\u00e9e sur un\u00a0<em>\u00abexamen approfondi\u00bb<\/em>\u00a0de la d\u00e9cision de vendredi de la plus haute cour am\u00e9ricaine, a-t-il indiqu\u00e9, la qualifiant une nouvelle fois de\u00a0<em>\u00abridicule\u00bb<\/em>\u00a0et\u00a0<em>\u00abextraordinairement anti-am\u00e9ricaine\u00bb<\/em>. La veille, il avait annonc\u00e9 avoir sign\u00e9 depuis le Bureau ovale un d\u00e9cret imposant cette nouvelle taxe douani\u00e8re mondiale de 10%. Ce dernier devait entrer en vigueur le 24 f\u00e9vrier, pour une dur\u00e9e de 150 jours, avec des exemptions sectorielles notamment pour l\u2019industrie pharmaceutique ainsi que pour les biens entrant aux \u00c9tats-Unis dans le cadre de l\u2019accord Etats-Unis-Mexique-Canada, avait pr\u00e9cis\u00e9 la Maison Blanche dans un communiqu\u00e9.Ce nouveau taux s\u2019applique aux pays ou blocs ayant sign\u00e9 des accords commerciaux avec Washington, tels que l\u2019Union europ\u00e9enne (UE), le Japon, la Cor\u00e9e du Sud ou Ta\u00efwan, qui avaient par exemple accept\u00e9 un taux de 15% maximum de surtaxe douani\u00e8re.<\/p>\n\n\n\n<h2 class=\"wp-block-heading\" id=\"subhead-aadd337d-b90b-4e77-979f-43ad957d4a7f\">Des \u00abcontrepouvoirs\u00bb<\/h2>\n\n\n\n<p class=\"\">Vendredi, les principaux partenaires commerciaux des \u00c9tats-Unis avaient accueilli avec int\u00e9r\u00eat mais prudence la d\u00e9cision de la Cour supr\u00eame. Le pr\u00e9sident fran\u00e7ais, Emmanuel Macron, s\u2019en est f\u00e9licit\u00e9, jugeant&nbsp;<em>\u00abbien\u00bb<\/em>&nbsp;qu\u2019il y ait&nbsp;<em>\u00abdes pouvoirs et des contrepouvoirs dans les d\u00e9mocraties\u00bb<\/em>.&nbsp;<em>\u00abNous voulons continuer \u00e0 exporter (&#8230;) et le faire avec les r\u00e8gles les plus loyales qui soient (&#8230;) et ne pas subir des d\u00e9cisions unilat\u00e9rales\u00bb<\/em>, a d\u00e9clar\u00e9 samedi Emmanuel Macron, estimant qu\u2019il faut&nbsp;<em>\u00ab\u00eatre dans une logique d\u2019apaisement\u00bb<\/em>.<\/p>\n\n\n\n<p class=\"\">Selon cette d\u00e9cision rendue par une majorit\u00e9 de six juges sur neuf, Donald Trump ne peut pas justifier ces droits de douane par une n\u00e9cessit\u00e9 d\u2019urgence \u00e9conomique. Un avis tranch\u00e9 d\u2019autant plus remarquable que la Cour supr\u00eame est compos\u00e9e en majorit\u00e9 de juges conservateurs et qu\u2019elle est plusieurs fois all\u00e9e dans le sens du r\u00e9publicain.<\/p>\n\n\n\n<p class=\"\">Donald Trump avait impos\u00e9 ces surtaxes douani\u00e8res en s\u2019appuyant sur un texte de 1977 autorisant th\u00e9oriquement l\u2019ex\u00e9cutif \u00e0 agir dans le domaine \u00e9conomique sans aval pr\u00e9alable du Congr\u00e8s d\u00e8s lors qu\u2019une\u00a0<em>\u00aburgence \u00e9conomique\u00bb<\/em>\u00a0\u00e9tait identifi\u00e9e. Or, selon le pr\u00e9sident de la Cour supr\u00eame, John Roberts, le pr\u00e9sident doit\u00a0<em>\u00abjustifier d\u2019une autorisation du Congr\u00e8s claire\u00bb<\/em>\u00a0pour mettre en place des droits de douane.Des remboursements en vue<\/p>\n\n\n\n<p class=\"\">Cette d\u00e9cision ouvre donc la voie \u00e0 de possibles remboursements des surtaxes d\u00e9j\u00e0 pay\u00e9es par les entreprises. Interrog\u00e9 \u00e0 ce sujet vendredi, le pr\u00e9sident am\u00e9ricain a soulign\u00e9 que cette question n\u2019avait\u00a0<em>\u00abpas \u00e9t\u00e9 abord\u00e9e\u00bb<\/em>\u00a0par la Cour et estim\u00e9 qu\u2019elle occuperait les tribunaux pendant des ann\u00e9es. Les droits de douane collect\u00e9s par les autorit\u00e9s am\u00e9ricaines et vis\u00e9s par la d\u00e9cision de la Cour supr\u00eame ont d\u00e9pass\u00e9 130 milliards de dollars en 2025, selon des analystes.Un des juges dissidents, Brett Kavanaugh, a notamment justifi\u00e9 sa position par le fait que la d\u00e9cision\u00a0<em>\u00abne dit rien sur la mani\u00e8re dont le gouvernement devrait proc\u00e9der pour rembourser les milliards collect\u00e9s\u00bb<\/em>. Cela va \u00eatre le\u00a0<em>\u00abchaos\u00bb<\/em>, a-t-il pr\u00e9venu. Annonc\u00e9s en avril, les droits de douane visaient les pays avec lesquels les \u00c9tats-Unis affichaient un d\u00e9ficit commercial dans les \u00e9changes de biens, le pr\u00e9sident am\u00e9ricain les voyant comme un outil pour les r\u00e9\u00e9quilibrer. L\u2019objectif de Donald Trump \u00e9tait aussi de fournir des ressources suppl\u00e9mentaires \u00e0 l\u2019\u00c9tat f\u00e9d\u00e9ral pour compenser des baisses d\u2019imp\u00f4ts.<\/p>\n","protected":false},"excerpt":{"rendered":"<p>Le pr\u00e9sident am\u00e9ricain annonce ce samedi une hausse de ses droits de douane mondiaux de 10 \u00e0 15% au lendemain du revers majeur inflig\u00e9 par la Cour supr\u00eame \u00e0 sa politique commerciale agressive, jug\u00e9e en grande partie ill\u00e9gale.Passer la publicit\u00e9Passer la publicit\u00e9 Donald Trump&nbsp;a annonc\u00e9 samedi faire passer ses nouveaux droits de douane mondiaux de [&hellip;]<\/p>\n","protected":false},"author":2,"featured_media":42645,"comment_status":"open","ping_status":"open","sticky":false,"template":"","format":"standard","meta":{"_jetpack_memberships_contains_paid_content":false,"footnotes":"","jetpack_publicize_message":"","jetpack_publicize_feature_enabled":true,"jetpack_social_post_already_shared":true,"jetpack_social_options":{"image_generator_settings":{"template":"highway","default_image_id":0,"font":"","enabled":false},"version":2},"_wpas_customize_per_network":false},"categories":[405],"tags":[],"class_list":["post-42644","post","type-post","status-publish","format-standard","has-post-thumbnail","hentry","category-actu-france-monde"],"jetpack_publicize_connections":[],"jetpack_featured_media_url":"https:\/\/i0.wp.com\/www.iceagetv.com\/radiosite\/wp-content\/uploads\/2026\/02\/7a3UG3Id.jpg?fit=680%2C357&ssl=1","jetpack_sharing_enabled":true,"_links":{"self":[{"href":"https:\/\/www.iceagetv.com\/radiosite\/wp-json\/wp\/v2\/posts\/42644","targetHints":{"allow":["GET"]}}],"collection":[{"href":"https:\/\/www.iceagetv.com\/radiosite\/wp-json\/wp\/v2\/posts"}],"about":[{"href":"https:\/\/www.iceagetv.com\/radiosite\/wp-json\/wp\/v2\/types\/post"}],"author":[{"embeddable":true,"href":"https:\/\/www.iceagetv.com\/radiosite\/wp-json\/wp\/v2\/users\/2"}],"replies":[{"embeddable":true,"href":"https:\/\/www.iceagetv.com\/radiosite\/wp-json\/wp\/v2\/comments?post=42644"}],"version-history":[{"count":1,"href":"https:\/\/www.iceagetv.com\/radiosite\/wp-json\/wp\/v2\/posts\/42644\/revisions"}],"predecessor-version":[{"id":42646,"href":"https:\/\/www.iceagetv.com\/radiosite\/wp-json\/wp\/v2\/posts\/42644\/revisions\/42646"}],"wp:featuredmedia":[{"embeddable":true,"href":"https:\/\/www.iceagetv.com\/radiosite\/wp-json\/wp\/v2\/media\/42645"}],"wp:attachment":[{"href":"https:\/\/www.iceagetv.com\/radiosite\/wp-json\/wp\/v2\/media?parent=42644"}],"wp:term":[{"taxonomy":"category","embeddable":true,"href":"https:\/\/www.iceagetv.com\/radiosite\/wp-json\/wp\/v2\/categories?post=42644"},{"taxonomy":"post_tag","embeddable":true,"href":"https:\/\/www.iceagetv.com\/radiosite\/wp-json\/wp\/v2\/tags?post=42644"}],"curies":[{"name":"wp","href":"https:\/\/api.w.org\/{rel}","templated":true}]}}