{"id":42665,"date":"2026-02-23T18:11:44","date_gmt":"2026-02-23T17:11:44","guid":{"rendered":"https:\/\/www.iceagetv.com\/radiosite\/?p=42665"},"modified":"2026-02-23T18:11:46","modified_gmt":"2026-02-23T17:11:46","slug":"droits-de-douane-le-parlement-europeen-suspend-laccord-entre-lue-et-les-etats-unis-apres-le-revers-inflige-a-donald-trump-par-la-cour-supreme","status":"publish","type":"post","link":"https:\/\/www.iceagetv.com\/radiosite\/droits-de-douane-le-parlement-europeen-suspend-laccord-entre-lue-et-les-etats-unis-apres-le-revers-inflige-a-donald-trump-par-la-cour-supreme\/","title":{"rendered":"Droits de douane : le Parlement europ\u00e9en suspend l&rsquo;accord entre l&rsquo;UE et les Etats-Unis, apr\u00e8s le revers inflig\u00e9 \u00e0 Donald Trump par la Cour supr\u00eame"},"content":{"rendered":"\n<p class=\"\">A la suite de la d\u00e9cision de la plus haute juridiction am\u00e9ricaine, le pr\u00e9sident des Etats-Unis a r\u00e9pliqu\u00e9 en annon\u00e7ant \u00ab\u00a0d&rsquo;autres mesures (&#8230;) pour remplacer les droits de douane\u00a0\u00bb, \u00e9voquant notamment, dans un premier temps, une nouvelle taxe \u00ab\u00a0mondiale\u00a0\u00bb de 10%, avant de l&rsquo;augmenter \u00e0 15% samedi.Le Parlement europ\u00e9en a suspendu, lundi 23 f\u00e9vrier,&nbsp;<a href=\"https:\/\/www.franceinfo.fr\/monde\/usa\/droits-de-douane\/droits-de-douane-les-etats-unis-et-l-union-europeenne-ont-conclu-un-accord-commercial-annoncent-donald-trump-et-ursula-von-der-leyen_7402498.html\">l&rsquo;accord commercial conclu l&rsquo;\u00e9t\u00e9 dernier entre l&rsquo;Union europ\u00e9enne (UE) et les Etats-Unis<\/a>, dans l&rsquo;attente d'\u00a0\u00bb<em>\u00e9claircissements<\/em>\u00a0\u00bb de Washington sur l&rsquo;impact de la d\u00e9cision de la Cour supr\u00eame am\u00e9ricaine, qui a<a href=\"https:\/\/www.franceinfo.fr\/monde\/usa\/presidentielle\/donald-trump\/la-cour-supreme-americaine-juge-illegale-une-grande-partie-des-droits-de-douane-imposes-par-donald-trump_7819022.html\">&nbsp;invalid\u00e9 vendredi la plupart des droits de douane de Donald Trump<\/a>.<\/p>\n\n\n\n<p class=\"\">A la suite de la d\u00e9cision de la plus haute juridiction am\u00e9ricaine, le pr\u00e9sident des Etats-Unis a r\u00e9pliqu\u00e9 en annon\u00e7ant&nbsp;<em>\u00ab\u00a0d&rsquo;autres mesures (&#8230;) pour remplacer les droits de douane\u00a0\u00bb<\/em>, \u00e9voquant notamment, dans un premier temps, une nouvelle taxe<em>&nbsp;\u00ab\u00a0mondiale\u00a0\u00bb<\/em>&nbsp;de 10%, avant de l&rsquo;augmenter \u00e0 15% samedi.<\/p>\n\n\n\n<h2 class=\"wp-block-heading\">Un vote d\u00e9j\u00e0 report\u00e9 \u00e0 cause des menaces sur le Groenland<\/h2>\n\n\n\n<p class=\"\">La commission du commerce international du Parlement devait th\u00e9oriquement se prononcer mardi sur la mise en \u0153uvre de cet accord, avant un vote des eurod\u00e9put\u00e9s en s\u00e9ance pl\u00e9ni\u00e8re pr\u00e9vu en mars. La proc\u00e9dure avait d\u00e9j\u00e0 \u00e9t\u00e9 suspendue en janvier par le Parlement, en raison des menaces de Donald Trump d&rsquo;annexer le Groenland, puis relanc\u00e9e apr\u00e8s l&rsquo;abandon de ses vis\u00e9es sur le territoire danois.<\/p>\n\n\n\n<p class=\"\">De nouveau,<a href=\"https:\/\/www.europarl.europa.eu\/news\/en\/press-room\/20260223IPR36005\/eu-us-trade-legislation-legislative-work-on-hold-following-supreme-court-ruling\" target=\"_blank\" rel=\"noreferrer noopener\">&nbsp;les rapporteurs ont d\u00e9clar\u00e9 que les votes pr\u00e9vus demain en commission n&rsquo;auraient pas lieu(Nouvelle fen\u00eatre)<\/a>, consid\u00e9rant que les dossiers relatifs \u00e0 cet accord&nbsp;<em>\u00ab\u00a0devaient \u00eatre suspendus jusqu&rsquo;\u00e0 ce que la clart\u00e9, la stabilit\u00e9 et la s\u00e9curit\u00e9 juridique des relations commerciales UE-Etats-Unis soient r\u00e9tablies\u00a0\u00bb.&nbsp;<\/em>L&rsquo;accord entre l&rsquo;UE et l&rsquo;administration Trump avait \u00e9t\u00e9 conclu le 27 juillet, apr\u00e8s d&rsquo;intenses n\u00e9gociations et des menaces de repr\u00e9sailles commerciales. Il instaurait des&nbsp;<em>\u00ab\u00a0droits de douane g\u00e9n\u00e9raux de 15%\u00a0\u00bb<\/em>, avait annonc\u00e9 Ursula von der Leyen, ainsi que la lev\u00e9e r\u00e9ciproque de certainrs taxes&nbsp;<em>\u00ab\u00a0sur un certain nombre de produits strat\u00e9giques\u00a0\u00bb,<\/em>&nbsp;<a href=\"https:\/\/www.franceinfo.fr\/monde\/usa\/droits-de-douane\/donald-trump-annonce-30-de-droits-de-douane-pour-l-union-europeenne-et-le-mexique-a-partir-du-1er-aout_7373122.html\">au lieu des 30% que Donald Trump avait menac\u00e9 d&rsquo;appliquer<\/a>.<\/p>\n","protected":false},"excerpt":{"rendered":"<p>A la suite de la d\u00e9cision de la plus haute juridiction am\u00e9ricaine, le pr\u00e9sident des Etats-Unis a r\u00e9pliqu\u00e9 en annon\u00e7ant \u00ab\u00a0d&rsquo;autres mesures (&#8230;) pour remplacer les droits de douane\u00a0\u00bb, \u00e9voquant notamment, dans un premier temps, une nouvelle taxe \u00ab\u00a0mondiale\u00a0\u00bb de 10%, avant de l&rsquo;augmenter \u00e0 15% samedi.Le Parlement europ\u00e9en a suspendu, lundi 23 f\u00e9vrier,&nbsp;l&rsquo;accord commercial [&hellip;]<\/p>\n","protected":false},"author":2,"featured_media":42666,"comment_status":"open","ping_status":"open","sticky":false,"template":"","format":"standard","meta":{"_jetpack_memberships_contains_paid_content":false,"footnotes":"","jetpack_publicize_message":"","jetpack_publicize_feature_enabled":true,"jetpack_social_post_already_shared":true,"jetpack_social_options":{"image_generator_settings":{"template":"highway","default_image_id":0,"font":"","enabled":false},"version":2},"_wpas_customize_per_network":false},"categories":[405],"tags":[],"class_list":["post-42665","post","type-post","status-publish","format-standard","has-post-thumbnail","hentry","category-actu-france-monde"],"jetpack_publicize_connections":[],"jetpack_featured_media_url":"https:\/\/i0.wp.com\/www.iceagetv.com\/radiosite\/wp-content\/uploads\/2026\/02\/le-Parlement-europeen-suspend-laccord-entre-lUE-et-les-Etats-Unis.jpg?fit=813%2C452&ssl=1","jetpack_sharing_enabled":true,"_links":{"self":[{"href":"https:\/\/www.iceagetv.com\/radiosite\/wp-json\/wp\/v2\/posts\/42665","targetHints":{"allow":["GET"]}}],"collection":[{"href":"https:\/\/www.iceagetv.com\/radiosite\/wp-json\/wp\/v2\/posts"}],"about":[{"href":"https:\/\/www.iceagetv.com\/radiosite\/wp-json\/wp\/v2\/types\/post"}],"author":[{"embeddable":true,"href":"https:\/\/www.iceagetv.com\/radiosite\/wp-json\/wp\/v2\/users\/2"}],"replies":[{"embeddable":true,"href":"https:\/\/www.iceagetv.com\/radiosite\/wp-json\/wp\/v2\/comments?post=42665"}],"version-history":[{"count":1,"href":"https:\/\/www.iceagetv.com\/radiosite\/wp-json\/wp\/v2\/posts\/42665\/revisions"}],"predecessor-version":[{"id":42667,"href":"https:\/\/www.iceagetv.com\/radiosite\/wp-json\/wp\/v2\/posts\/42665\/revisions\/42667"}],"wp:featuredmedia":[{"embeddable":true,"href":"https:\/\/www.iceagetv.com\/radiosite\/wp-json\/wp\/v2\/media\/42666"}],"wp:attachment":[{"href":"https:\/\/www.iceagetv.com\/radiosite\/wp-json\/wp\/v2\/media?parent=42665"}],"wp:term":[{"taxonomy":"category","embeddable":true,"href":"https:\/\/www.iceagetv.com\/radiosite\/wp-json\/wp\/v2\/categories?post=42665"},{"taxonomy":"post_tag","embeddable":true,"href":"https:\/\/www.iceagetv.com\/radiosite\/wp-json\/wp\/v2\/tags?post=42665"}],"curies":[{"name":"wp","href":"https:\/\/api.w.org\/{rel}","templated":true}]}}