{"id":42673,"date":"2026-02-23T20:19:16","date_gmt":"2026-02-23T19:19:16","guid":{"rendered":"https:\/\/www.iceagetv.com\/radiosite\/?p=42673"},"modified":"2026-02-23T20:19:19","modified_gmt":"2026-02-23T19:19:19","slug":"lyon-un-lyceen-de-15-ans-en-urgence-absolue-apres-avoir-ete-poignarde-au-niveau-de-laisselle-a-proximite-du-lycee-professionnel-emile-bejuit-lagresseur-en-fuite-est-activement-recherch","status":"publish","type":"post","link":"https:\/\/www.iceagetv.com\/radiosite\/lyon-un-lyceen-de-15-ans-en-urgence-absolue-apres-avoir-ete-poignarde-au-niveau-de-laisselle-a-proximite-du-lycee-professionnel-emile-bejuit-lagresseur-en-fuite-est-activement-recherch\/","title":{"rendered":"Lyon : Un lyc\u00e9en de 15 ans en urgence absolue apr\u00e8s avoir \u00e9t\u00e9 poignard\u00e9 au niveau de l\u2019aisselle \u00e0 proximit\u00e9 du lyc\u00e9e professionnel Emile-Bejuit &#8211; L&rsquo;agresseur en fuite, est activement recherch\u00e9"},"content":{"rendered":"\n<p class=\"\"><strong>Que sait-on sur cet \u00e9l\u00e8ve de 15 ans qui a \u00e9t\u00e9 poignard\u00e9, non loin de son lyc\u00e9e et qui est en urgence absolue ?<\/strong>&nbsp;&#8211; \u00ab&nbsp;Un \u00e9l\u00e8ve a \u00e9t\u00e9 poignard\u00e9 \u00e0 proximit\u00e9 du lyc\u00e9e \u00c9mile-B\u00e9juit de Bron&nbsp;\u00bb a indiqu\u00e9 \u00e0 l\u2019AFP&nbsp;la pr\u00e9fecture du Rh\u00f4ne, pr\u00e9cisant que la blessure se situait au niveau de l\u2019aisselle.&nbsp;La victime, \u00e2g\u00e9e de 15 ans, est un&nbsp;\u00e9l\u00e8ve de seconde. Il a \u00e9t\u00e9 transport\u00e9e \u00e0 l\u2019h\u00f4pital en urgence absolue, vers 15h30, ont pr\u00e9cis\u00e9 les secours du Rh\u00f4ne.&nbsp;\u00ab&nbsp;Les services de secours ainsi que les forces de police ont \u00e9t\u00e9 imm\u00e9diatement alert\u00e9s par le chef d\u2019\u00e9tablissement et sont intervenus rapidement pour prendre en charge l\u2019\u00e9l\u00e8ve dans un \u00e9tat grave&nbsp;\u00bb, pr\u00e9cise la pr\u00e9f\u00e8te du Rh\u00f4ne qui suit ces faits \u00ab&nbsp;avec la plus grande attention&nbsp;\u00bb.<\/p>\n\n\n\n<p class=\"\">L\u2019agresseur a pris la fuite, a indiqu\u00e9 la pr\u00e9fecture. Une enqu\u00eate a \u00e9t\u00e9 ouverte. Les services acad\u00e9miques suivent \u00e9galement la situation de pr\u00e8s. Une cellule d\u2019\u00e9coute et d\u2019accompagnement psychologique sera mise en place au sein de l\u2019\u00e9tablissement, d\u00e8s demain matin, afin de permettre \u00e0 celles et ceux qui en ressentiraient le besoin de s\u2019exprimer et d\u2019\u00eatre accompagn\u00e9s.<\/p>\n\n\n\n<p class=\"\">La police sera particuli\u00e8rement pr\u00e9sente aux abords de l\u2019\u00e9tablissement mardi matin.<strong>Le jeune homme a \u00e9t\u00e9 poignard\u00e9 au niveau de l\u2019aisselle, au cours d\u2019une altercation avec au moins un autre protagoniste<\/strong>, \u00e0 proximit\u00e9 du lyc\u00e9e professionnel Emile-Bejuit o\u00f9 il serait scolaris\u00e9. Les faits se sont produits \u00e0 hauteur du 282, route de Genas. L\u2019auteur a pris la fuite et est activement recherch\u00e9.&nbsp;<\/p>\n\n\n\n<p class=\"\">L\u2019adolescent a \u00e9t\u00e9 pris en charge sur les lieux par les pompiers et le Samu puis transport\u00e9, en urgence absolue, vers l\u2019h\u00f4pital Edouard-Herriot (Lyon 3e). On ignore si son pronostic vital est ou non engag\u00e9.<\/p>\n","protected":false},"excerpt":{"rendered":"<p>Que sait-on sur cet \u00e9l\u00e8ve de 15 ans qui a \u00e9t\u00e9 poignard\u00e9, non loin de son lyc\u00e9e et qui est en urgence absolue ?&nbsp;&#8211; \u00ab&nbsp;Un \u00e9l\u00e8ve a \u00e9t\u00e9 poignard\u00e9 \u00e0 proximit\u00e9 du lyc\u00e9e \u00c9mile-B\u00e9juit de Bron&nbsp;\u00bb a indiqu\u00e9 \u00e0 l\u2019AFP&nbsp;la pr\u00e9fecture du Rh\u00f4ne, pr\u00e9cisant que la blessure se situait au niveau de l\u2019aisselle.&nbsp;La victime, \u00e2g\u00e9e [&hellip;]<\/p>\n","protected":false},"author":2,"featured_media":42674,"comment_status":"open","ping_status":"open","sticky":false,"template":"","format":"standard","meta":{"_jetpack_memberships_contains_paid_content":false,"footnotes":"","jetpack_publicize_message":"","jetpack_publicize_feature_enabled":true,"jetpack_social_post_already_shared":true,"jetpack_social_options":{"image_generator_settings":{"template":"highway","default_image_id":0,"font":"","enabled":false},"version":2},"_wpas_customize_per_network":false},"categories":[405],"tags":[],"class_list":["post-42673","post","type-post","status-publish","format-standard","has-post-thumbnail","hentry","category-actu-france-monde"],"jetpack_publicize_connections":[],"jetpack_featured_media_url":"https:\/\/i0.wp.com\/www.iceagetv.com\/radiosite\/wp-content\/uploads\/2026\/02\/mPNcZj6_.jpg?fit=679%2C293&ssl=1","jetpack_sharing_enabled":true,"_links":{"self":[{"href":"https:\/\/www.iceagetv.com\/radiosite\/wp-json\/wp\/v2\/posts\/42673","targetHints":{"allow":["GET"]}}],"collection":[{"href":"https:\/\/www.iceagetv.com\/radiosite\/wp-json\/wp\/v2\/posts"}],"about":[{"href":"https:\/\/www.iceagetv.com\/radiosite\/wp-json\/wp\/v2\/types\/post"}],"author":[{"embeddable":true,"href":"https:\/\/www.iceagetv.com\/radiosite\/wp-json\/wp\/v2\/users\/2"}],"replies":[{"embeddable":true,"href":"https:\/\/www.iceagetv.com\/radiosite\/wp-json\/wp\/v2\/comments?post=42673"}],"version-history":[{"count":1,"href":"https:\/\/www.iceagetv.com\/radiosite\/wp-json\/wp\/v2\/posts\/42673\/revisions"}],"predecessor-version":[{"id":42675,"href":"https:\/\/www.iceagetv.com\/radiosite\/wp-json\/wp\/v2\/posts\/42673\/revisions\/42675"}],"wp:featuredmedia":[{"embeddable":true,"href":"https:\/\/www.iceagetv.com\/radiosite\/wp-json\/wp\/v2\/media\/42674"}],"wp:attachment":[{"href":"https:\/\/www.iceagetv.com\/radiosite\/wp-json\/wp\/v2\/media?parent=42673"}],"wp:term":[{"taxonomy":"category","embeddable":true,"href":"https:\/\/www.iceagetv.com\/radiosite\/wp-json\/wp\/v2\/categories?post=42673"},{"taxonomy":"post_tag","embeddable":true,"href":"https:\/\/www.iceagetv.com\/radiosite\/wp-json\/wp\/v2\/tags?post=42673"}],"curies":[{"name":"wp","href":"https:\/\/api.w.org\/{rel}","templated":true}]}}