{"id":42690,"date":"2026-02-24T14:06:14","date_gmt":"2026-02-24T13:06:14","guid":{"rendered":"https:\/\/www.iceagetv.com\/radiosite\/?p=42690"},"modified":"2026-02-24T14:06:16","modified_gmt":"2026-02-24T13:06:16","slug":"hospitalisation-urgences-les-forfaits-factures-aux-patients-augmentent-des-le-1er-mars-voici-ce-quil-faut-savoir","status":"publish","type":"post","link":"https:\/\/www.iceagetv.com\/radiosite\/hospitalisation-urgences-les-forfaits-factures-aux-patients-augmentent-des-le-1er-mars-voici-ce-quil-faut-savoir\/","title":{"rendered":"Hospitalisation, urgences\u00a0: les forfaits factur\u00e9s aux patients augmentent d\u00e8s le 1er mars, voici ce qu&rsquo;il faut savoir"},"content":{"rendered":"\n<p class=\"\">Le gouvernement va augmenter divers \u00ab\u00a0forfaits\u00a0\u00bb factur\u00e9s aux patients en cas d&rsquo;hospitalisation ou de passage aux urgences d\u00e8s le dimanche 1er mars, a indiqu\u00e9 lundi le minist\u00e8re de la Sant\u00e9. Allez-vous payer plus&nbsp;? Les compl\u00e9mentaires vont-elles prendre en charge ces augmentations&nbsp;? ICI fait le point.<\/p>\n\n\n\n<p class=\"\">Pour faire \u00e9conomiser 450 millions d&rsquo;euros \u00e0 la S\u00e9curit\u00e9 sociale,\u00a0plusieurs \u00ab\u00a0forfaits\u00a0\u00bb factur\u00e9s aux patients lors d&rsquo;une hospitalisation\u00a0ou d&rsquo;un passage aux urgences vont \u00eatre augment\u00e9s par le gouvernement d\u00e8s le 1er mars, a annonc\u00e9 lundi le minist\u00e8re de la Sant\u00e9. Quels forfaits augmentent et quels sont les nouveaux tarifs\u00a0? Allez-vous payer plus\u00a0? Pourrez-vous compter sur une prise en charge de votre compl\u00e9mentaire sant\u00e9\u00a0? Voici ce qu&rsquo;il faut savoir.Des augmentations comprises entre 2 et pr\u00e8s de 4 euros<\/p>\n\n\n\n<p class=\"\">Le \u00ab\u00a0forfait journalier hospitalier\u00a0\u00bb, somme laiss\u00e9e \u00e0 la charge des patients hospitalis\u00e9s au titre des \u00ab\u00a0frais d&rsquo;h\u00e9bergement et d&rsquo;entretien\u00a0\u00bb, passera ainsi de 20 \u00e0 23 euros par jour.&nbsp;En cas d&rsquo;hospitalisation&nbsp;dans un service de psychiatrie, le forfait qui \u00e9tait fix\u00e9 jusqu&rsquo;ici \u00e0 15 euros grimpera \u00e0 17 euros. Le \u00ab\u00a0forfait patient urgences\u00a0\u00bb (FPU), factur\u00e9 pour un patient qui passe aux urgences sans \u00eatre hospitalis\u00e9, passera, lui, de 19,61 euros \u00e0 23 euros. Ces augmentations sont donc comprises entre 2 et pr\u00e8s de 4 euros.<\/p>\n\n\n\n<p class=\"\">Une nouvelle augmentation est, elle, programm\u00e9e le\u00a0 1er avril\u00a0: la \u00ab\u00a0participation forfaitaire\u00a0\u00bb factur\u00e9e en cas de soins lourds et co\u00fbteux &#8211; notamment ceux dont le prix d\u00e9passe 120 euros &#8211; s&rsquo;\u00e9l\u00e8vera \u00e0 32 euros, contre 24 euros pr\u00e9c\u00e9demment. Soit une hausse de 8 euros.\u00a0e \u00ab\u00a0ticket mod\u00e9rateur\u00a0\u00bb, qui varie en fonction de la nature de la prise en charge et dont les personnes en affection longue dur\u00e9e sont exon\u00e9r\u00e9es, augmentera aussi.Des hausses prises en charge par les compl\u00e9mentaires, 2,5 millions de Fran\u00e7ais sans mutuelle<\/p>\n\n\n\n<p class=\"\">Ces montants ne sont pas pris en charge par l&rsquo;Assurance maladie. Ils sont en revanche presque syst\u00e9matiquement pris en charge par les compl\u00e9mentaires sant\u00e9, en particulier dans le cadre des&nbsp;<em>\u00ab\u00a0contrats responsables\u00a0\u00bb<\/em>, contrat-type soutenu fiscalement par l&rsquo;\u00c9tat et pl\u00e9biscit\u00e9 par les assureurs et patients.&nbsp;Mais environ 4% des Fran\u00e7ais, soit 2,5 millions de personnes, ne disposent pas de compl\u00e9mentaire selon la direction statistique des minist\u00e8res sociaux (Drees), et doivent s&rsquo;acquitter eux-m\u00eames des&nbsp;forfaits. Ce chiffre grimpe \u00e0 12% pour les 10% de Fran\u00e7ais les plus pauvres.<\/p>\n\n\n\n<p class=\"\">Dans un communiqu\u00e9, le syndicat Unsa d\u00e9nonce une d\u00e9cision\u00a0<em>\u00ab\u00a0profond\u00e9ment injuste et socialement irresponsable\u00a0\u00bb<\/em>. Elle frappera\u00a0<em>\u00ab\u00a0tous ceux qui sont juste au dessus du seuil de pauvret\u00e9, des plafonds\u00a0\u00bb<\/em>\u00a0pour b\u00e9n\u00e9ficier de la\u00a0compl\u00e9mentaire sant\u00e9 solidaire (C2S), \u00ab\u00a0<em>et qui n&rsquo;ont pas de compl\u00e9mentaire\u00a0\u00bb<\/em>, d\u00e9plore aupr\u00e8s de l&rsquo;AFP le secr\u00e9taire g\u00e9n\u00e9ral adjoint de l&rsquo;Unsa Dominique Corona.\u00a0<strong>Les prix des compl\u00e9mentaires vont aussi m\u00e9caniquement augmenter<\/strong>, a-t-il ajout\u00e9. Des hausses qui risquent finalement de peser sur les Fran\u00e7ais.Selon une r\u00e9cente \u00e9tude de la Drees, rappelle le syndicat, pour tout d\u00e9remboursement partiel de soins par l&rsquo;Assurance maladie (hausse des franchises m\u00e9dicales, des participations sur les m\u00e9dicaments&#8230;),&nbsp;<em>\u00ab\u00a0le co\u00fbt rapport\u00e9 au revenu est deux fois plus \u00e9lev\u00e9 pour les m\u00e9nages modestes\u00a0\u00bb<\/em>.<\/p>\n\n\n\n<h2 class=\"wp-block-heading\">\u00ab\u00a0Indolore\u00a0\u00bb pour les assur\u00e9s, affirme le gouvernement<\/h2>\n\n\n\n<p class=\"\">Les \u00e9conomies pour la S\u00e9cu s&rsquo;\u00e9l\u00e8veront \u00e0 450 millions en&nbsp;<em>\u00ab\u00a0ann\u00e9e pleine\u00a0\u00bb<\/em>, a pr\u00e9cis\u00e9 lundi le cabinet de la ministre de la Sant\u00e9. Les organismes compl\u00e9mentaires&nbsp;<em>\u00ab\u00a0\u00e9taient inform\u00e9s\u00a0\u00bb<\/em>&nbsp;<a href=\"https:\/\/www.francebleu.fr\/ile-de-france\/paris-75\/paris\/video-le-budget-de-la-securite-sociale-2026-adopte-de-justesse-par-l-assemblee-nationale-9239941\">au moment du vote du budget de la S\u00e9cu en d\u00e9cembre<\/a>, a-t-il ajout\u00e9. Pour le minist\u00e8re, cette mesure va&nbsp;<em>\u00ab\u00a0corriger\u00a0\u00bb<\/em>&nbsp;la diminution, ces derni\u00e8res ann\u00e9es, de&nbsp;<em>\u00ab\u00a0la part des compl\u00e9mentaires dans le financement de l&rsquo;h\u00f4pital\u00a0\u00bb<\/em>&nbsp;et sera \u00ab\u00a0indolore\u00a0\u00bb pour la plupart des assur\u00e9s.<\/p>\n","protected":false},"excerpt":{"rendered":"<p>Le gouvernement va augmenter divers \u00ab\u00a0forfaits\u00a0\u00bb factur\u00e9s aux patients en cas d&rsquo;hospitalisation ou de passage aux urgences d\u00e8s le dimanche 1er mars, a indiqu\u00e9 lundi le minist\u00e8re de la Sant\u00e9. Allez-vous payer plus&nbsp;? Les compl\u00e9mentaires vont-elles prendre en charge ces augmentations&nbsp;? ICI fait le point. Pour faire \u00e9conomiser 450 millions d&rsquo;euros \u00e0 la S\u00e9curit\u00e9 sociale,\u00a0plusieurs [&hellip;]<\/p>\n","protected":false},"author":2,"featured_media":42691,"comment_status":"open","ping_status":"open","sticky":false,"template":"","format":"standard","meta":{"_jetpack_memberships_contains_paid_content":false,"footnotes":"","jetpack_publicize_message":"","jetpack_publicize_feature_enabled":true,"jetpack_social_post_already_shared":true,"jetpack_social_options":{"image_generator_settings":{"template":"highway","default_image_id":0,"font":"","enabled":false},"version":2},"_wpas_customize_per_network":false},"categories":[405],"tags":[],"class_list":["post-42690","post","type-post","status-publish","format-standard","has-post-thumbnail","hentry","category-actu-france-monde"],"jetpack_publicize_connections":[],"jetpack_featured_media_url":"https:\/\/i0.wp.com\/www.iceagetv.com\/radiosite\/wp-content\/uploads\/2026\/02\/les-forfaits-factures-aux-patients-augmentent-des-le-1er-mars-voici-ce-quil-faut-savoir.jpg?fit=648%2C360&ssl=1","jetpack_sharing_enabled":true,"_links":{"self":[{"href":"https:\/\/www.iceagetv.com\/radiosite\/wp-json\/wp\/v2\/posts\/42690","targetHints":{"allow":["GET"]}}],"collection":[{"href":"https:\/\/www.iceagetv.com\/radiosite\/wp-json\/wp\/v2\/posts"}],"about":[{"href":"https:\/\/www.iceagetv.com\/radiosite\/wp-json\/wp\/v2\/types\/post"}],"author":[{"embeddable":true,"href":"https:\/\/www.iceagetv.com\/radiosite\/wp-json\/wp\/v2\/users\/2"}],"replies":[{"embeddable":true,"href":"https:\/\/www.iceagetv.com\/radiosite\/wp-json\/wp\/v2\/comments?post=42690"}],"version-history":[{"count":1,"href":"https:\/\/www.iceagetv.com\/radiosite\/wp-json\/wp\/v2\/posts\/42690\/revisions"}],"predecessor-version":[{"id":42692,"href":"https:\/\/www.iceagetv.com\/radiosite\/wp-json\/wp\/v2\/posts\/42690\/revisions\/42692"}],"wp:featuredmedia":[{"embeddable":true,"href":"https:\/\/www.iceagetv.com\/radiosite\/wp-json\/wp\/v2\/media\/42691"}],"wp:attachment":[{"href":"https:\/\/www.iceagetv.com\/radiosite\/wp-json\/wp\/v2\/media?parent=42690"}],"wp:term":[{"taxonomy":"category","embeddable":true,"href":"https:\/\/www.iceagetv.com\/radiosite\/wp-json\/wp\/v2\/categories?post=42690"},{"taxonomy":"post_tag","embeddable":true,"href":"https:\/\/www.iceagetv.com\/radiosite\/wp-json\/wp\/v2\/tags?post=42690"}],"curies":[{"name":"wp","href":"https:\/\/api.w.org\/{rel}","templated":true}]}}