{"id":42696,"date":"2026-02-24T18:55:23","date_gmt":"2026-02-24T17:55:23","guid":{"rendered":"https:\/\/www.iceagetv.com\/radiosite\/?p=42696"},"modified":"2026-02-24T18:55:25","modified_gmt":"2026-02-24T17:55:25","slug":"quatre-mois-apres-le-vol-des-bijoux-de-la-couronne-la-presidente-du-louvre-laurence-des-cars-demissionne-la-vague-etait-forte-jetais-presidente-jetais-la-pour-prendre-la-fou","status":"publish","type":"post","link":"https:\/\/www.iceagetv.com\/radiosite\/quatre-mois-apres-le-vol-des-bijoux-de-la-couronne-la-presidente-du-louvre-laurence-des-cars-demissionne-la-vague-etait-forte-jetais-presidente-jetais-la-pour-prendre-la-fou\/","title":{"rendered":"Quatre mois apr\u00e8s le vol des bijoux de la couronne, la pr\u00e9sidente du Louvre, Laurence des Cars, d\u00e9missionne : \u00ab\u00a0La vague \u00e9tait forte. J\u2019\u00e9tais pr\u00e9sidente, j\u2019\u00e9tais l\u00e0 pour prendre la foudre.\u00a0\u00bb"},"content":{"rendered":"\n<p class=\"\">Quatre mois apr\u00e8s le vol des bijoux de la couronne, la pr\u00e9sidente du Louvre, Laurence des Cars, d\u00e9missionne et elle l&rsquo;annonce ce soir dans le Figaro. Et elle explique que c&rsquo;est sa propre d\u00e9cision et qu&rsquo;elle n&rsquo;a pas \u00e9t\u00e9 pouss\u00e9e vers la sortir : \u00ab\u00a0<\/p>\n\n\n\n<p class=\"\">\u00ab\u00a0C\u2019est une d\u00e9cision personnelle. Je l\u2019ai partag\u00e9e avec la ministre de la Culture et le pr\u00e9sident de la R\u00e9publique. Lorsque vous arrivez dans une maison comme le Louvre, avec une telle histoire, vous savez que vous ne serez que de passage, vous \u00eates un passeur dans une longue cha\u00eene de transmission.\u00a0\u00bb<\/p>\n\n\n\n<p class=\"\">&nbsp;Laurence des Cars confirme avoir v\u00e9cu des moment difficiles depuis le vol des bijoux, mais elle a \u00e9galement du faire face \u00e0 des mouvements sociaux et des probl\u00e8mes de v\u00e9tust\u00e9 du b\u00e2timent:<\/p>\n\n\n\n<p class=\"\">\u00ab\u00a0J\u2019ai beaucoup appris dans ce qui fut aussi un moment de solitude. J\u2019ai essay\u00e9 de prot\u00e9ger l\u2019institution, de lutter contre les fausses informations et les rumeurs. La vague \u00e9tait forte. J\u2019\u00e9tais pr\u00e9sidente, j\u2019\u00e9tais l\u00e0 pour prendre la foudre.\u00a0\u00bb<\/p>\n\n\n\n<p class=\"\">La Pr\u00e9sidente du Louvre estime pourtant ne pas avoir de vrais responsabilit\u00e9s dans ce cambriolage historique et elle affirme m\u00eame dans le Gigaro qu&rsquo;elle avait alert\u00e9 sur les risques depuis plusieurs mois:<\/p>\n\n\n\n<p class=\"\">\u00ab\u00a0Le vol du 19 octobre a mis en lumi\u00e8re de mani\u00e8re cruelle ce sur quoi j\u2019ai alert\u00e9 depuis mon arriv\u00e9e : la v\u00e9tust\u00e9 du b\u00e2timent, l\u2019obsolescence des installations techniques et les probl\u00e8mes massifs de congestion pour ne citer qu\u2019eux\u00a0\u00bb<\/p>\n\n\n\n<p class=\"\">Le 19 octobre 2025, un braquage d\u2019une audace in\u00e9dite frappe le Mus\u00e9e du Louvre, l\u2019un des temples mondiaux de l\u2019art et du patrimoine fran\u00e7ais.<\/p>\n\n\n\n<p class=\"\">Aux alentours de 9h30, un commando de quatre malfaiteurs se pr\u00e9sente dans la matin\u00e9e en plein jour, d\u00e9guis\u00e9 en ouvriers, et entre dans la l\u00e9gendaire Galerie d\u2019Apollon, o\u00f9 sont expos\u00e9s les joyaux historiques de la Couronne de France. Les voleurs utilisent un monte-charge et une nacelle, outils normalement destin\u00e9s aux d\u00e9m\u00e9nageurs, pour atteindre une fen\u00eatre au premier \u00e9tage, qu\u2019ils fracturent \u00e0 l\u2019aide de disqueuses avant de p\u00e9n\u00e9trer dans la salle.<\/p>\n\n\n\n<p class=\"\">En moins de sept minutes, ils brisent les vitrines de protection et s\u2019emparent de huit pi\u00e8ces de grande valeur patrimoniale, parmi lesquelles des \u00e9l\u00e9ments de parures ayant appartenu \u00e0 des imp\u00e9ratrices et reines du XIX\u1d49 si\u00e8cle.<\/p>\n\n\n\n<p class=\"\">Lors de leur fuite, ils laissent tomber au sol la couronne de l\u2019imp\u00e9ratrice Eug\u00e9nie, qui est retrouv\u00e9e plus tard, endommag\u00e9e, soulignant la pr\u00e9cipitation de leur d\u00e9part.<\/p>\n\n\n\n<p class=\"\">Les malfaiteurs prennent ensuite la fuite sur des scooters, longeant les berges de la Seine pour s\u2019\u00e9chapper vers le p\u00e9riph\u00e9rique parisien en direction du sud.<\/p>\n\n\n\n<p class=\"\">L\u2019annonce de ce vol d\u00e9clenche une onde de choc en France et \u00e0 l\u2019\u00e9tranger.<\/p>\n\n\n\n<p class=\"\">Le mus\u00e9e est imm\u00e9diatement ferm\u00e9 et \u00e9vacu\u00e9, et les autorit\u00e9s ajoutent les objets vol\u00e9s \u00e0 la base de donn\u00e9es internationale d\u2019Interpol des \u0153uvres d\u2019art disparues pour faciliter leur localisation.<\/p>\n","protected":false},"excerpt":{"rendered":"<p>Quatre mois apr\u00e8s le vol des bijoux de la couronne, la pr\u00e9sidente du Louvre, Laurence des Cars, d\u00e9missionne et elle l&rsquo;annonce ce soir dans le Figaro. Et elle explique que c&rsquo;est sa propre d\u00e9cision et qu&rsquo;elle n&rsquo;a pas \u00e9t\u00e9 pouss\u00e9e vers la sortir : \u00ab\u00a0 \u00ab\u00a0C\u2019est une d\u00e9cision personnelle. Je l\u2019ai partag\u00e9e avec la ministre [&hellip;]<\/p>\n","protected":false},"author":2,"featured_media":42697,"comment_status":"open","ping_status":"open","sticky":false,"template":"","format":"standard","meta":{"_jetpack_memberships_contains_paid_content":false,"footnotes":"","jetpack_publicize_message":"","jetpack_publicize_feature_enabled":true,"jetpack_social_post_already_shared":true,"jetpack_social_options":{"image_generator_settings":{"template":"highway","default_image_id":0,"font":"","enabled":false},"version":2},"_wpas_customize_per_network":false},"categories":[405],"tags":[],"class_list":["post-42696","post","type-post","status-publish","format-standard","has-post-thumbnail","hentry","category-actu-france-monde"],"jetpack_publicize_connections":[],"jetpack_featured_media_url":"https:\/\/i0.wp.com\/www.iceagetv.com\/radiosite\/wp-content\/uploads\/2026\/02\/3liV3cuL.jpg?fit=679%2C293&ssl=1","jetpack_sharing_enabled":true,"_links":{"self":[{"href":"https:\/\/www.iceagetv.com\/radiosite\/wp-json\/wp\/v2\/posts\/42696","targetHints":{"allow":["GET"]}}],"collection":[{"href":"https:\/\/www.iceagetv.com\/radiosite\/wp-json\/wp\/v2\/posts"}],"about":[{"href":"https:\/\/www.iceagetv.com\/radiosite\/wp-json\/wp\/v2\/types\/post"}],"author":[{"embeddable":true,"href":"https:\/\/www.iceagetv.com\/radiosite\/wp-json\/wp\/v2\/users\/2"}],"replies":[{"embeddable":true,"href":"https:\/\/www.iceagetv.com\/radiosite\/wp-json\/wp\/v2\/comments?post=42696"}],"version-history":[{"count":1,"href":"https:\/\/www.iceagetv.com\/radiosite\/wp-json\/wp\/v2\/posts\/42696\/revisions"}],"predecessor-version":[{"id":42698,"href":"https:\/\/www.iceagetv.com\/radiosite\/wp-json\/wp\/v2\/posts\/42696\/revisions\/42698"}],"wp:featuredmedia":[{"embeddable":true,"href":"https:\/\/www.iceagetv.com\/radiosite\/wp-json\/wp\/v2\/media\/42697"}],"wp:attachment":[{"href":"https:\/\/www.iceagetv.com\/radiosite\/wp-json\/wp\/v2\/media?parent=42696"}],"wp:term":[{"taxonomy":"category","embeddable":true,"href":"https:\/\/www.iceagetv.com\/radiosite\/wp-json\/wp\/v2\/categories?post=42696"},{"taxonomy":"post_tag","embeddable":true,"href":"https:\/\/www.iceagetv.com\/radiosite\/wp-json\/wp\/v2\/tags?post=42696"}],"curies":[{"name":"wp","href":"https:\/\/api.w.org\/{rel}","templated":true}]}}