{"id":42703,"date":"2026-02-25T09:19:38","date_gmt":"2026-02-25T08:19:38","guid":{"rendered":"https:\/\/www.iceagetv.com\/radiosite\/?p=42703"},"modified":"2026-02-25T09:19:40","modified_gmt":"2026-02-25T08:19:40","slug":"emmanuel-macron-prevoit-de-nommer-le-president-du-chateau-de-versailles-christophe-leribault-a-la-tete-du-louvre","status":"publish","type":"post","link":"https:\/\/www.iceagetv.com\/radiosite\/emmanuel-macron-prevoit-de-nommer-le-president-du-chateau-de-versailles-christophe-leribault-a-la-tete-du-louvre\/","title":{"rendered":"Emmanuel Macron pr\u00e9voit de nommer le pr\u00e9sident du ch\u00e2teau de Versailles, Christophe Leribault, \u00e0 la t\u00eate du Louvre"},"content":{"rendered":"\n<p class=\"\">Annick Lemoine, qui dirigeait le Petit Palais, prend elle, la t\u00eate du mus\u00e9e d\u2019Orsay et de l&rsquo;Orangerie.Emmanuel Macron pr\u00e9voit de nommer l&rsquo;actuel pr\u00e9sident du ch\u00e2teau de Versailles, Christophe Leribault, \u00e0 la t\u00eate du Louvre, ont appris franceinfo et France Inter aupr\u00e8s de sources concordantes et proches de l&rsquo;ex\u00e9cutif mercredi 25 f\u00e9vrier. La nomination de Christophe Leribault doit \u00eatre act\u00e9e en Conseil des ministres mercredi. Laurence des Cars, l&rsquo;actuelle pr\u00e9sidente du mus\u00e9e le plus visit\u00e9 au monde,&nbsp;<a href=\"https:\/\/www.franceinfo.fr\/culture\/arts-expos\/louvre\/la-presidente-du-louvre-laurence-des-cars-a-remis-sa-demission-a-emmanuel-macron-qui-l-a-acceptee_7827170.html\" target=\"_blank\" rel=\"noreferrer noopener\">a d\u00e9missionn\u00e9 mardi(Nouvelle fen\u00eatre)<\/a>. Elle \u00e9tait sous le feu des critiques depuis le spectaculaire vol de joyaux de la Couronne fran\u00e7aise. Le pr\u00e9sident a accept\u00e9 sa d\u00e9mission en saluant un<em>&nbsp;\u00ab\u00a0acte de responsabilit\u00e9\u00a0\u00bb.<\/em><\/p>\n\n\n\n<p class=\"\">Par ailleurs, Annick Lemoine a \u00e9t\u00e9 officiellement nomm\u00e9e par le minist\u00e8re de la Culture aux mus\u00e9es d\u2019Orsay et de l\u2019Orangerie. Elle \u00e9tait \u00e0 la t\u00eate du Petit Palais depuis 2022.<em>&nbsp;\u00ab\u00a0\u00c0 la t\u00eate des mus\u00e9es d\u2019Orsay et de l\u2019Orangerie, Annick Lemoine poursuivra l\u2019action et la dynamique engag\u00e9es par Sylvain Amic et tragiquement interrompues\u00a0\u00bb<\/em>, d\u00e9clare le minist\u00e8re de la Culture dans un communiqu\u00e9 publi\u00e9 mercredi matin. Sylvain Amic est d\u00e9c\u00e9d\u00e9 en ao\u00fbt 2025.<\/p>\n\n\n\n<p class=\"\">La nouvelle pr\u00e9sidente&nbsp;<em>\u00ab\u00a0d\u00e9veloppera par ailleurs l\u2019action territoriale volontariste engag\u00e9e par son pr\u00e9d\u00e9cesseur, notamment \u00e0 travers la circulation des \u0153uvres au sein des mus\u00e9es de France, tout en renfor\u00e7ant le rayonnement international\u00a0\u00bb<\/em>&nbsp;des deux mus\u00e9es dont elle est la nouvelle pr\u00e9sidente.<\/p>\n","protected":false},"excerpt":{"rendered":"<p>Annick Lemoine, qui dirigeait le Petit Palais, prend elle, la t\u00eate du mus\u00e9e d\u2019Orsay et de l&rsquo;Orangerie.Emmanuel Macron pr\u00e9voit de nommer l&rsquo;actuel pr\u00e9sident du ch\u00e2teau de Versailles, Christophe Leribault, \u00e0 la t\u00eate du Louvre, ont appris franceinfo et France Inter aupr\u00e8s de sources concordantes et proches de l&rsquo;ex\u00e9cutif mercredi 25 f\u00e9vrier. La nomination de Christophe [&hellip;]<\/p>\n","protected":false},"author":2,"featured_media":42704,"comment_status":"open","ping_status":"open","sticky":false,"template":"","format":"standard","meta":{"_jetpack_memberships_contains_paid_content":false,"footnotes":"","jetpack_publicize_message":"","jetpack_publicize_feature_enabled":true,"jetpack_social_post_already_shared":true,"jetpack_social_options":{"image_generator_settings":{"template":"highway","default_image_id":0,"font":"","enabled":false},"version":2},"_wpas_customize_per_network":false},"categories":[68],"tags":[],"class_list":["post-42703","post","type-post","status-publish","format-standard","has-post-thumbnail","hentry","category-actu-culturelle"],"jetpack_publicize_connections":[],"jetpack_featured_media_url":"https:\/\/i0.wp.com\/www.iceagetv.com\/radiosite\/wp-content\/uploads\/2026\/02\/Christophe-Leribault.jpg?fit=794%2C442&ssl=1","jetpack_sharing_enabled":true,"_links":{"self":[{"href":"https:\/\/www.iceagetv.com\/radiosite\/wp-json\/wp\/v2\/posts\/42703","targetHints":{"allow":["GET"]}}],"collection":[{"href":"https:\/\/www.iceagetv.com\/radiosite\/wp-json\/wp\/v2\/posts"}],"about":[{"href":"https:\/\/www.iceagetv.com\/radiosite\/wp-json\/wp\/v2\/types\/post"}],"author":[{"embeddable":true,"href":"https:\/\/www.iceagetv.com\/radiosite\/wp-json\/wp\/v2\/users\/2"}],"replies":[{"embeddable":true,"href":"https:\/\/www.iceagetv.com\/radiosite\/wp-json\/wp\/v2\/comments?post=42703"}],"version-history":[{"count":1,"href":"https:\/\/www.iceagetv.com\/radiosite\/wp-json\/wp\/v2\/posts\/42703\/revisions"}],"predecessor-version":[{"id":42705,"href":"https:\/\/www.iceagetv.com\/radiosite\/wp-json\/wp\/v2\/posts\/42703\/revisions\/42705"}],"wp:featuredmedia":[{"embeddable":true,"href":"https:\/\/www.iceagetv.com\/radiosite\/wp-json\/wp\/v2\/media\/42704"}],"wp:attachment":[{"href":"https:\/\/www.iceagetv.com\/radiosite\/wp-json\/wp\/v2\/media?parent=42703"}],"wp:term":[{"taxonomy":"category","embeddable":true,"href":"https:\/\/www.iceagetv.com\/radiosite\/wp-json\/wp\/v2\/categories?post=42703"},{"taxonomy":"post_tag","embeddable":true,"href":"https:\/\/www.iceagetv.com\/radiosite\/wp-json\/wp\/v2\/tags?post=42703"}],"curies":[{"name":"wp","href":"https:\/\/api.w.org\/{rel}","templated":true}]}}